{"id":147299,"date":"2025-04-11T14:32:12","date_gmt":"2025-04-11T17:32:12","guid":{"rendered":"https:\/\/senoticias.com.br\/se\/?p=147299"},"modified":"2025-04-11T14:32:12","modified_gmt":"2025-04-11T17:32:12","slug":"programa-celular-seguro-e-implementado-em-sergipe-e-tem-como-foco-o-combate-ao-roubo-ou-furto-de-celulares","status":"publish","type":"post","link":"https:\/\/senoticias.com.br\/se\/programa-celular-seguro-e-implementado-em-sergipe-e-tem-como-foco-o-combate-ao-roubo-ou-furto-de-celulares\/","title":{"rendered":"Programa Celular Seguro \u00e9 implementado em Sergipe e tem como foco o combate ao roubo ou furto de celulares"},"content":{"rendered":"<p>A Secretaria de Seguran\u00e7a P\u00fablica de Sergipe (SSP), seguindo orienta\u00e7\u00e3o da Secretaria Nacional de Seguran\u00e7a P\u00fablica (Senasp), informa que, na segunda-feira, 7 de abril, o Programa Celular Seguro, criado pelo Minist\u00e9rio da Justi\u00e7a e Seguran\u00e7a P\u00fablica (MJSP), iniciou o servi\u00e7o de envio de mensagens\u00a0destinadas a usu\u00e1rios de aparelhos celulares com restri\u00e7\u00e3o de roubo, furto ou extravio.<\/p>\n<p><a href=\"https:\/\/senoticias.com.br\/se\/wp-content\/uploads\/2025\/04\/IMG_0234-e1744392652194.jpeg\"><img loading=\"lazy\" decoding=\"async\" class=\"size-full wp-image-147302 aligncenter\" src=\"https:\/\/senoticias.com.br\/se\/wp-content\/uploads\/2025\/04\/IMG_0234-e1744392652194.jpeg\" alt=\"\" width=\"539\" height=\"405\" \/><\/a><\/p>\n<p>O Celular Seguro \u00e9 uma ferramenta tecnol\u00f3gica do Minist\u00e9rio da Justi\u00e7a e Seguran\u00e7a P\u00fablica (MJSP), que visa\u00a0combater o roubo e o furto de aparelhos celulares em todo o pa\u00eds. Em caso de subtra\u00e7\u00e3o do aparelho, a plataforma permite que o pr\u00f3prio cidad\u00e3o possa comunicar o crime e, ao mesmo tempo, acionar o bloqueio do aparelho, da linha telef\u00f4nica e dos aplicativos banc\u00e1rios e de institui\u00e7\u00f5es financeiras parceiras do programa. Para o acionamento do bloqueio, \u00e9 preciso que a linha telef\u00f4nica esteja cadastrada no CPF da pessoa que for acessar o Gov.br.<\/p>\n<p>Ao acionar o bloqueio e gerar o alerta no Celular Seguro, o cidad\u00e3o pode escolher bloquear apenas a linha telef\u00f4nica e as contas vinculadas \u00e0s institui\u00e7\u00f5es parceiras, mantendo ativo o IMEI (n\u00famero de identifica\u00e7\u00e3o internacional de equipamento m\u00f3vel) do seu aparelho celular. Adotando essa op\u00e7\u00e3o, a v\u00edtima permitir\u00e1 o retorno do aparelho roubado, furtado ou extraviado \u00e0 rede de telefonia, t\u00e3o logo seja instalado um novo chip. A informa\u00e7\u00e3o sobre a habilita\u00e7\u00e3o de um novo chip nesse aparelho ser\u00e1 repassada pelo MJSP \u00e0s Pol\u00edcias Civis estaduais, o que possibilitar\u00e1 a realiza\u00e7\u00e3o de a\u00e7\u00f5es para recuper\u00e1-lo. A Pol\u00edcia Civil orienta que n\u00e3o seja ativado o bloqueio do IMEI, pois, uma vez o celular recuperado, ele n\u00e3o mais poder\u00e1 ser reutilizado.<\/p>\n<p>Apesar da praticidade que a ferramenta gera para a v\u00edtima, que n\u00e3o necessita buscar as institui\u00e7\u00f5es banc\u00e1rias diretamente, ela n\u00e3o libera o cidad\u00e3o da necessidade da confec\u00e7\u00e3o do B.O. \u201cO Boletim de Ocorr\u00eancia continua sendo obrigat\u00f3rio. Voc\u00ea vai registrar o Boletim de Ocorr\u00eancia para, a partir da\u00ed, a pol\u00edcia conseguir fazer a investiga\u00e7\u00e3o\u201d, cita a delegada Luciana Pereira, da Delegacia de Turismo (Detur).<\/p>\n<p>Quanto aos portadores dos celulares com restri\u00e7\u00e3o, segundo orienta\u00e7\u00f5es de portaria do Minist\u00e9rio da Justi\u00e7a, mensagens ser\u00e3o enviadas aos celulares com restri\u00e7\u00e3o, em car\u00e1ter de notifica\u00e7\u00e3o. A informa\u00e7\u00e3o indicar\u00e1 a exist\u00eancia de um alerta de restri\u00e7\u00e3o para o aparelho,\u00a0orientando o usu\u00e1rio a procurar a delegacia de Pol\u00edcia Civil mais pr\u00f3xima, para proceder \u00e0 devolu\u00e7\u00e3o do aparelho celular notificado. Em caso de atendimento ao chamado, o portador do celular com restri\u00e7\u00e3o n\u00e3o sofrer\u00e1 nenhuma san\u00e7\u00e3o, j\u00e1 que, ao adquirir o telefone, de boa-f\u00e9, n\u00e3o incorre em crime de recepta\u00e7\u00e3o.<\/p>\n<p>\u201cQuem, recebendo a mensagem, n\u00e3o for \u00e0 delegacia, n\u00f3s vamos receber esses dados, porque l\u00e1 vai constar o chip, o n\u00famero, a linha e o cadastro de quem usou o aparelho, e essas pessoas, posteriormente, ser\u00e3o intimadas pela pol\u00edcia, e, a\u00ed sim, como n\u00e3o houve a boa-f\u00e9 da devolu\u00e7\u00e3o, essas pessoas podem vir a responder por recepta\u00e7\u00e3o\u201d, alerta a delegada Luciana Pereira.<\/p>\n<p>Para utilizar o Celular Seguro, o cidad\u00e3o deve baix\u00e1-lo nas lojas de aplicativos ou ainda acess\u00e1-lo por meio do endere\u00e7o eletr\u00f4nico <a href=\"https:\/\/celularseguro.mj.gov.br\/\">https:\/\/celularseguro.mj.gov.br\/<\/a>. Quem tiver interesse em checar a situa\u00e7\u00e3o do seu aparelho, o MJ indica os seguintes canais para a consulta ao IMEI de celulares com restri\u00e7\u00e3o: <a href=\"https:\/\/celularseguro.mj.gov.br\/\">https:\/\/celularseguro.mj.gov.br\/<\/a> e <a href=\"https:\/\/www.gov.br\/anatel\/pt-br\/assuntos\/celular-legal\/consulte-sua-situacao\">https:\/\/www.gov.br\/anatel\/pt-br\/assuntos\/celular-legal\/consulte-sua-situacao<\/a>.<\/p>\n<p>\u201c\u00c9 uma ferramenta gratuita, desenvolvida pelo Minist\u00e9rio da Justi\u00e7a. H\u00e1 um conv\u00eanio com o estado de Sergipe, sendo que, hoje, s\u00e3o dez estados que s\u00e3o conveniados com o Minist\u00e9rio da Justi\u00e7a. O estado de Sergipe est\u00e1 \u00e0 frente, saindo com os outros nove estados, para que a gente consiga coibir de alguma forma e nos ajude nas investiga\u00e7\u00f5es desse tipo de crime\u201d, concluiu Luciana Pereira.<\/p>\n<p><strong><em>Acompanhe tamb\u00e9m o SE Not\u00edcias no\u00a0<a href=\"https:\/\/www.instagram.com\/senoticias\/\" target=\"_blank\" rel=\"noreferrer noopener\">Instagram<\/a><\/em><\/strong>,\u00a0<strong><em>\u00a0<a href=\"https:\/\/www.facebook.com\/senoticias1\" target=\"_blank\" rel=\"noreferrer noopener\">Facebook<\/a>\u00a0e\u00a0no<\/em>\u00a0<em><a href=\"https:\/\/twitter.com\/Senoticias\">X<\/a><\/em><\/strong><\/p>\n<p>Fonte: SSP SE<\/p>\n<p>&nbsp;<\/p>\n","protected":false},"excerpt":{"rendered":"<p>A Secretaria de Seguran\u00e7a P\u00fablica de Sergipe (SSP), seguindo orienta\u00e7\u00e3o da Secretaria Nacional de Seguran\u00e7a P\u00fablica (Senasp), informa que, na segunda-feira, 7 de abril, o Programa Celular Seguro, criado pelo Minist\u00e9rio da Justi\u00e7a e Seguran\u00e7a P\u00fablica (MJSP), iniciou o servi\u00e7o de envio de mensagens\u00a0destinadas a usu\u00e1rios de aparelhos celulares com restri\u00e7\u00e3o de roubo, furto ou [&hellip;]<\/p>\n","protected":false},"author":6557,"featured_media":0,"comment_status":"closed","ping_status":"closed","sticky":false,"template":"","format":"standard","meta":{"footnotes":""},"categories":[15],"tags":[43538,43537],"class_list":{"0":"post-147299","1":"post","2":"type-post","3":"status-publish","4":"format-standard","6":"category-destaques","7":"tag-combate-ao-roubo-de-celulares","8":"tag-programa-celular-seguro"},"_links":{"self":[{"href":"https:\/\/senoticias.com.br\/se\/wp-json\/wp\/v2\/posts\/147299"}],"collection":[{"href":"https:\/\/senoticias.com.br\/se\/wp-json\/wp\/v2\/posts"}],"about":[{"href":"https:\/\/senoticias.com.br\/se\/wp-json\/wp\/v2\/types\/post"}],"author":[{"embeddable":true,"href":"https:\/\/senoticias.com.br\/se\/wp-json\/wp\/v2\/users\/6557"}],"replies":[{"embeddable":true,"href":"https:\/\/senoticias.com.br\/se\/wp-json\/wp\/v2\/comments?post=147299"}],"version-history":[{"count":0,"href":"https:\/\/senoticias.com.br\/se\/wp-json\/wp\/v2\/posts\/147299\/revisions"}],"wp:attachment":[{"href":"https:\/\/senoticias.com.br\/se\/wp-json\/wp\/v2\/media?parent=147299"}],"wp:term":[{"taxonomy":"category","embeddable":true,"href":"https:\/\/senoticias.com.br\/se\/wp-json\/wp\/v2\/categories?post=147299"},{"taxonomy":"post_tag","embeddable":true,"href":"https:\/\/senoticias.com.br\/se\/wp-json\/wp\/v2\/tags?post=147299"}],"curies":[{"name":"wp","href":"https:\/\/api.w.org\/{rel}","templated":true}]}}