{"id":147287,"date":"2025-04-10T20:47:20","date_gmt":"2025-04-10T23:47:20","guid":{"rendered":"https:\/\/senoticias.com.br\/se\/?p=147287"},"modified":"2025-04-10T20:47:20","modified_gmt":"2025-04-10T23:47:20","slug":"prefeitura-de-socorro-coloca-reforco-da-guarda-municipal-para-receber-professores-da-rede","status":"publish","type":"post","link":"https:\/\/senoticias.com.br\/se\/prefeitura-de-socorro-coloca-reforco-da-guarda-municipal-para-receber-professores-da-rede\/","title":{"rendered":"Prefeitura de Socorro coloca refor\u00e7o da Guarda Municipal para receber professores da rede"},"content":{"rendered":"<p>Na manh\u00e3 de hoje, dia 10 de abril, professoras e professores da rede municipal de ensino de Nossa Senhora do Socorro realizaram uma vig\u00edlia na sede da Prefeitura da cidade na tentativa de fazer as negocia\u00e7\u00f5es com a gest\u00e3o municipal sa\u00edrem do lugar. Ao chegarem ao Centro Administrativo, foram proibidos de entrar no local pela Guarda Municipal, que deslocou um efetivo \u2013 munido de escopeta, metralhadora e spray de pimenta \u2013 no intuito de impedir o ato do magist\u00e9rio.<\/p>\n<div id=\"attachment_147288\" style=\"width: 607px\" class=\"wp-caption aligncenter\"><a href=\"https:\/\/senoticias.com.br\/se\/wp-content\/uploads\/2025\/04\/2025-04-10-socorro-vigilia-03.jpg\"><img loading=\"lazy\" decoding=\"async\" aria-describedby=\"caption-attachment-147288\" class=\"size-full wp-image-147288\" src=\"https:\/\/senoticias.com.br\/se\/wp-content\/uploads\/2025\/04\/2025-04-10-socorro-vigilia-03.jpg\" alt=\"\" width=\"597\" height=\"346\" srcset=\"https:\/\/senoticias.com.br\/se\/wp-content\/uploads\/2025\/04\/2025-04-10-socorro-vigilia-03.jpg 597w, https:\/\/senoticias.com.br\/se\/wp-content\/uploads\/2025\/04\/2025-04-10-socorro-vigilia-03-300x174.jpg 300w\" sizes=\"(max-width: 597px) 100vw, 597px\" \/><\/a><p id=\"caption-attachment-147288\" class=\"wp-caption-text\">Prefeitura coloca refor\u00e7o da Guarda Municipal para receber professores &#8211; Foto: ascom\/divulga\u00e7\u00e3o<\/p><\/div>\n<p>Firmes, professoras e professores resistiram, conseguiram entrar no espa\u00e7o, mas foram impedidos de entrar no gabinete do prefeito Samuel Carvalho, onde entregariam um of\u00edcio pedindo audi\u00eancia, pois a Guarda Municipal havia feito um cord\u00e3o de isolamento na porta da sala.<\/p>\n<p>\u201c\u00c9 desrespeito em cima de desrespeito contra o magist\u00e9rio. O prefeito n\u00e3o recebe a categoria e o vice s\u00f3 sabe dizer que est\u00e3o fazendo estudos. N\u00e3o h\u00e1 uma proposta, algo concreto que a gente possa discutir e negociar\u201d, disse Adenilde Dantas, diretora Jur\u00eddica do SINTESE e professora da rede municipal de Socorro.<\/p>\n<p>Ao receberem a informa\u00e7\u00e3o de que o prefeito Samuel participaria de uma audi\u00eancia p\u00fablica na C\u00e2mara de Vereadores da cidade, a categoria saiu em marcha da Prefeitura at\u00e9 a C\u00e2mara na tentativa de conseguir di\u00e1logo com o gestor. Na casa legislativa, a categoria, representada pela diretora do SINTESE, teve um pequeno espa\u00e7o no plen\u00e1rio, onde exp\u00f4s o aparato desproporcional de seguran\u00e7a preparado para receber professores na Prefeitura e falar sobre a pauta de luta do magist\u00e9rio.<\/p>\n<p>Os professores est\u00e3o cobrando a atualiza\u00e7\u00e3o do piso salarial nacional, com \u00edndice definido anualmente pelo Minist\u00e9rio da Educa\u00e7\u00e3o \u2013 MEC (para este ano de 2025, o valor \u00e9 de 6,27%). \u201cCom muita luta, conseguimos manter nosso piso atualizado corretamente h\u00e1 15 anos. Isso \u00e9 lei federal, determina\u00e7\u00e3o do MEC. O prefeito n\u00e3o pode sair visitando escola dizendo \u00e0 categoria que ele vai dar o reajuste que ele quiser, inclusive nada se ele achar que deve. Isso \u00e9 desrespeitar a lei e desrespeitar toda uma categoria\u201d, destacou Adenilde.<\/p>\n<p>Na pauta de luta, ainda est\u00e3o gratifica\u00e7\u00e3o para diretores e coordenadores, melhoria na gratifica\u00e7\u00e3o do contra-turno para professores que trabalham dois turnos e aditivo que garanta o pagamento de piso salarial, 13\u00ba sal\u00e1rio e f\u00e9rias para os professores contratados pelo Processo Seletivo Simplificado (PSS).<\/p>\n<p>O prefeito Samuel n\u00e3o apareceu na C\u00e2mara, mas o vice, Elmo Paix\u00e3o, sim. \u201cMais uma vez, n\u00e3o nos trouxe nada de novo, nenhuma proposta\u201d, criticou Adenilde. Uma nova audi\u00eancia foi marcada para o dia 16, \u00e0s 8h, no Centro Administrativo. \u201cConclamo a todos os professores e professoras a participarem de uma vig\u00edlia neste dia 16, pois faremos uma assembleia assim que esta audi\u00eancia acabar\u201d, anunciou. \u201cE j\u00e1 avisamos ao vice Elmo que n\u00e3o queremos ouvir que \u2018ainda est\u00e3o fazendo estudos\u2019, queremos proposta concreta, coisas palp\u00e1veis\u201d, alertou.<\/p>\n<p>Na agenda do professor para a pr\u00f3xima semana, tem assembleia geral unificada, no dia 15, \u00e0s 9h, no Cotinguiba Esporte Clube, em Aracaju; e vig\u00edlia no Centro Administrativo de Nossa Senhora do Socorro, no<strong> dia 16, \u00e0s 8h.<\/strong><\/p>\n<p><strong><em>Acompanhe tamb\u00e9m o SE Not\u00edcias no\u00a0<a href=\"https:\/\/www.instagram.com\/senoticias\/\" target=\"_blank\" rel=\"noreferrer noopener\">Instagram<\/a><\/em><\/strong>,\u00a0<strong><em>\u00a0<a href=\"https:\/\/www.facebook.com\/senoticias1\" target=\"_blank\" rel=\"noreferrer noopener\">Facebook<\/a>\u00a0e\u00a0no<\/em>\u00a0<em><a href=\"https:\/\/twitter.com\/Senoticias\">X<\/a><\/em><\/strong><\/p>\n<p>Fonte: ascom\/divulga\u00e7\u00e3o<\/p>\n","protected":false},"excerpt":{"rendered":"<p>Na manh\u00e3 de hoje, dia 10 de abril, professoras e professores da rede municipal de ensino de Nossa Senhora do Socorro realizaram uma vig\u00edlia na sede da Prefeitura da cidade na tentativa de fazer as negocia\u00e7\u00f5es com a gest\u00e3o municipal sa\u00edrem do lugar. Ao chegarem ao Centro Administrativo, foram proibidos de entrar no local pela [&hellip;]<\/p>\n","protected":false},"author":6557,"featured_media":147288,"comment_status":"closed","ping_status":"closed","sticky":false,"template":"","format":"standard","meta":{"footnotes":""},"categories":[15,6],"tags":[8401,1993],"class_list":{"0":"post-147287","1":"post","2":"type-post","3":"status-publish","4":"format-standard","5":"has-post-thumbnail","7":"category-destaques","8":"category-politica","9":"tag-guarda-municipal","10":"tag-prefeitura-de-nossa-senhora-do-socorro"},"_links":{"self":[{"href":"https:\/\/senoticias.com.br\/se\/wp-json\/wp\/v2\/posts\/147287"}],"collection":[{"href":"https:\/\/senoticias.com.br\/se\/wp-json\/wp\/v2\/posts"}],"about":[{"href":"https:\/\/senoticias.com.br\/se\/wp-json\/wp\/v2\/types\/post"}],"author":[{"embeddable":true,"href":"https:\/\/senoticias.com.br\/se\/wp-json\/wp\/v2\/users\/6557"}],"replies":[{"embeddable":true,"href":"https:\/\/senoticias.com.br\/se\/wp-json\/wp\/v2\/comments?post=147287"}],"version-history":[{"count":0,"href":"https:\/\/senoticias.com.br\/se\/wp-json\/wp\/v2\/posts\/147287\/revisions"}],"wp:featuredmedia":[{"embeddable":true,"href":"https:\/\/senoticias.com.br\/se\/wp-json\/wp\/v2\/media\/147288"}],"wp:attachment":[{"href":"https:\/\/senoticias.com.br\/se\/wp-json\/wp\/v2\/media?parent=147287"}],"wp:term":[{"taxonomy":"category","embeddable":true,"href":"https:\/\/senoticias.com.br\/se\/wp-json\/wp\/v2\/categories?post=147287"},{"taxonomy":"post_tag","embeddable":true,"href":"https:\/\/senoticias.com.br\/se\/wp-json\/wp\/v2\/tags?post=147287"}],"curies":[{"name":"wp","href":"https:\/\/api.w.org\/{rel}","templated":true}]}}