{"id":147284,"date":"2025-04-10T13:41:45","date_gmt":"2025-04-10T16:41:45","guid":{"rendered":"https:\/\/senoticias.com.br\/se\/?p=147284"},"modified":"2025-04-10T13:41:45","modified_gmt":"2025-04-10T16:41:45","slug":"governador-confirma-lancamento-de-edital-do-concurso-da-fundacao-renascer-no-dia-15-de-abril","status":"publish","type":"post","link":"https:\/\/senoticias.com.br\/se\/governador-confirma-lancamento-de-edital-do-concurso-da-fundacao-renascer-no-dia-15-de-abril\/","title":{"rendered":"Governador confirma lan\u00e7amento de edital do concurso da Funda\u00e7\u00e3o Renascer no dia 15 de abril"},"content":{"rendered":"<p>O governador F\u00e1bio Mitidieri confirmou que o concurso p\u00fablico para a Funda\u00e7\u00e3o Renascer do Estado de Sergipe ter\u00e1 o edital lan\u00e7ado no pr\u00f3ximo dia 15 de abril. Ao todo ser\u00e3o 32 vagas, com o Instituto de Desenvolvimento e Capacita\u00e7\u00e3o (IDCAP) como banca organizadora. As inscri\u00e7\u00f5es v\u00e3o de 2 de maio a 9 de junho, e a previs\u00e3o \u00e9 de aplica\u00e7\u00e3o das provas em 13 de julho de 2025.<\/p>\n<div id=\"attachment_147285\" style=\"width: 1110px\" class=\"wp-caption alignnone\"><a href=\"https:\/\/senoticias.com.br\/se\/wp-content\/uploads\/2025\/04\/IMG_0231.jpeg\"><img loading=\"lazy\" decoding=\"async\" aria-describedby=\"caption-attachment-147285\" class=\"size-full wp-image-147285\" src=\"https:\/\/senoticias.com.br\/se\/wp-content\/uploads\/2025\/04\/IMG_0231.jpeg\" alt=\"\" width=\"1100\" height=\"610\" srcset=\"https:\/\/senoticias.com.br\/se\/wp-content\/uploads\/2025\/04\/IMG_0231.jpeg 1100w, https:\/\/senoticias.com.br\/se\/wp-content\/uploads\/2025\/04\/IMG_0231-300x166.jpeg 300w, https:\/\/senoticias.com.br\/se\/wp-content\/uploads\/2025\/04\/IMG_0231-1024x568.jpeg 1024w, https:\/\/senoticias.com.br\/se\/wp-content\/uploads\/2025\/04\/IMG_0231-768x426.jpeg 768w\" sizes=\"(max-width: 1100px) 100vw, 1100px\" \/><\/a><p id=\"caption-attachment-147285\" class=\"wp-caption-text\">Foto: Reinaldo Moura<\/p><\/div>\n<p>\u201cA pauta \u00e9 concurso p\u00fablico. Este\u00a0\u00e9 o governo dos concursos p\u00fablicos, e est\u00e1 aqui mais um: o da Funda\u00e7\u00e3o Renascer.\u00a0Mais um concurso sendo lan\u00e7ado, e os adolescentes agradecem, porque a funda\u00e7\u00e3o pratica um servi\u00e7o de excel\u00eancia. \u00c9 o governo dos concursos cumprindo sua miss\u00e3o, com mais um edital, e dessa vez para um tema t\u00e3o caro e importante\u201d, afirmou F\u00e1bio.<\/p>\n<p>As 32 vagas se dividem nos cargos de agente socioeducativo, com 25 vagas; e de orientador social, com sete vagas, sendo tr\u00eas para psic\u00f3logos, duas para pedagogos, e mais duas de servi\u00e7o social. Para o cargo de agente socioeducativo, o vencimento b\u00e1sico inicial \u00e9 de R$ 2.582,83, com oito fases: prova objetiva e reda\u00e7\u00e3o, heteroidentifica\u00e7\u00e3o e per\u00edcia m\u00e9dica, Teste da Aptid\u00e3o F\u00edsica, exame psicot\u00e9cnico, exames biom\u00e9dicos, investiga\u00e7\u00e3o social, prova de t\u00edtulos, e curso de forma\u00e7\u00e3o.<\/p>\n<p>J\u00e1 para o cargo de orientador social o vencimento b\u00e1sico inicial \u00e9 de R$ 3.308,76. As provas ter\u00e3o duas fases: objetiva e discursiva, e de t\u00edtulos. O certame est\u00e1 sendo realizado conforme a Lei 9.001, de 31 de mar\u00e7o de 2022, que consolidou as carreiras do Sistema Socioeducativo e criou novos cargos para atender \u00e0 demanda.<\/p>\n<p>A secret\u00e1ria de Estado da Administra\u00e7\u00e3o (Sead), Lucivanda Nunes, destacou positivamente mais essa\u00a0iniciativa. \u201cEsse concurso j\u00e1 tinha sido autorizado no ano passado, agora temos a satisfa\u00e7\u00e3o de divulgar informa\u00e7\u00f5es sobre o edital, que estar\u00e1 sendo publicado no dia 15. \u00c9 mais um edital publicado. Al\u00e9m da oportunidade para os cidad\u00e3os, fortalecemos a estrutura dos quadros de servidores do governo, das carreiras, prestando um melhor servi\u00e7o&#8221;, pontuou.<\/p>\n<p>Lucivanda tamb\u00e9m ressaltou a import\u00e2ncia do trabalho da Funda\u00e7\u00e3o Renascer para o estado. \u201cA \u00e1rea da socioeduca\u00e7\u00e3o \u00e9 extremamente importante, pois cuida de adolescentes em situa\u00e7\u00e3o de vulnerabilidade ou em aplica\u00e7\u00e3o de medidas s\u00f3cioeducativas. A Funda\u00e7\u00e3o Renascer faz um grande trabalho de ressocializa\u00e7\u00e3o, e a gente tem a satisfa\u00e7\u00e3o de colocar mais esse concurso para as pessoas\u201d, ressaltou.<\/p>\n<p>A Funda\u00e7\u00e3o Renascer \u00e9 respons\u00e1vel pela execu\u00e7\u00e3o de medidas socioeducativas para adolescentes em conflito com a lei em Sergipe. O concurso busca refor\u00e7ar o quadro de profissionais, garantindo melhor atendimento e suporte aos socioeducandos. A expectativa \u00e9 contribuir para o fortalecimento das a\u00e7\u00f5es da institui\u00e7\u00e3o, promovendo um ambiente mais qualificado no atendimento dos jovens em medidas socioeducativas.<\/p>\n<p><strong><em>Acompanhe tamb\u00e9m o SE Not\u00edcias no\u00a0<a href=\"https:\/\/www.instagram.com\/senoticias\/\" target=\"_blank\" rel=\"noreferrer noopener\">Instagram<\/a><\/em><\/strong>,\u00a0<strong><em>\u00a0<a href=\"https:\/\/www.facebook.com\/senoticias1\" target=\"_blank\" rel=\"noreferrer noopener\">Facebook<\/a>\u00a0e\u00a0no<\/em>\u00a0<em><a href=\"https:\/\/twitter.com\/Senoticias\">X<\/a><\/em><\/strong><\/p>\n<p>Fonte: Ag\u00eancia Sergipe de Noticias<\/p>\n","protected":false},"excerpt":{"rendered":"<p>O governador F\u00e1bio Mitidieri confirmou que o concurso p\u00fablico para a Funda\u00e7\u00e3o Renascer do Estado de Sergipe ter\u00e1 o edital lan\u00e7ado no pr\u00f3ximo dia 15 de abril. Ao todo ser\u00e3o 32 vagas, com o Instituto de Desenvolvimento e Capacita\u00e7\u00e3o (IDCAP) como banca organizadora. As inscri\u00e7\u00f5es v\u00e3o de 2 de maio a 9 de junho, e [&hellip;]<\/p>\n","protected":false},"author":6557,"featured_media":0,"comment_status":"closed","ping_status":"closed","sticky":false,"template":"","format":"standard","meta":{"footnotes":""},"categories":[15,6],"tags":[43531,7306],"class_list":{"0":"post-147284","1":"post","2":"type-post","3":"status-publish","4":"format-standard","6":"category-destaques","7":"category-politica","8":"tag-concurso-da-fundacao-renascer","9":"tag-fabio-mitidieri"},"_links":{"self":[{"href":"https:\/\/senoticias.com.br\/se\/wp-json\/wp\/v2\/posts\/147284"}],"collection":[{"href":"https:\/\/senoticias.com.br\/se\/wp-json\/wp\/v2\/posts"}],"about":[{"href":"https:\/\/senoticias.com.br\/se\/wp-json\/wp\/v2\/types\/post"}],"author":[{"embeddable":true,"href":"https:\/\/senoticias.com.br\/se\/wp-json\/wp\/v2\/users\/6557"}],"replies":[{"embeddable":true,"href":"https:\/\/senoticias.com.br\/se\/wp-json\/wp\/v2\/comments?post=147284"}],"version-history":[{"count":0,"href":"https:\/\/senoticias.com.br\/se\/wp-json\/wp\/v2\/posts\/147284\/revisions"}],"wp:attachment":[{"href":"https:\/\/senoticias.com.br\/se\/wp-json\/wp\/v2\/media?parent=147284"}],"wp:term":[{"taxonomy":"category","embeddable":true,"href":"https:\/\/senoticias.com.br\/se\/wp-json\/wp\/v2\/categories?post=147284"},{"taxonomy":"post_tag","embeddable":true,"href":"https:\/\/senoticias.com.br\/se\/wp-json\/wp\/v2\/tags?post=147284"}],"curies":[{"name":"wp","href":"https:\/\/api.w.org\/{rel}","templated":true}]}}