{"id":147282,"date":"2025-04-10T13:29:46","date_gmt":"2025-04-10T16:29:46","guid":{"rendered":"https:\/\/senoticias.com.br\/se\/?p=147282"},"modified":"2025-04-10T13:29:46","modified_gmt":"2025-04-10T16:29:46","slug":"ex-funcionarios-da-viacao-progresso-protestam-por-rescisoes-atrasadas-em-aracaju","status":"publish","type":"post","link":"https:\/\/senoticias.com.br\/se\/ex-funcionarios-da-viacao-progresso-protestam-por-rescisoes-atrasadas-em-aracaju\/","title":{"rendered":"Ex-funcion\u00e1rios da Via\u00e7\u00e3o Progresso protestam por rescis\u00f5es atrasadas em Aracaju"},"content":{"rendered":"<p>Ex-funcion\u00e1rios da Via\u00e7\u00e3o Progresso foram \u00e0s ruas na manh\u00e3 desta quinta-feira (10), em Aracaju, para cobrar o pagamento de rescis\u00f5es trabalhistas. A empresa, que deixou de integrar o sistema de transporte p\u00fablico da Grande Aracaju, acumula pend\u00eancias com colaboradores demitidos nos \u00faltimos anos.<\/p>\n<div id=\"attachment_147283\" style=\"width: 609px\" class=\"wp-caption aligncenter\"><a href=\"https:\/\/senoticias.com.br\/se\/wp-content\/uploads\/2025\/04\/IMG_0230-e1744302523836.jpeg\"><img loading=\"lazy\" decoding=\"async\" aria-describedby=\"caption-attachment-147283\" class=\"size-full wp-image-147283\" src=\"https:\/\/senoticias.com.br\/se\/wp-content\/uploads\/2025\/04\/IMG_0230-e1744302523836.jpeg\" alt=\"\" width=\"599\" height=\"599\" \/><\/a><p id=\"caption-attachment-147283\" class=\"wp-caption-text\">Ex-rodovi\u00e1rios da Progresso protestam em frente \u00e0 sede da empresa por pagamento de rescis\u00f5es \u2014 Foto: Alan Magalh\u00e3es\/ TV Sergipe<\/p><\/div>\n<p>Motoristas, cobradores e fiscais participaram do protesto com o apoio da CUT\/SE. Segundo a entidade sindical, h\u00e1 ex-funcion\u00e1rios esperando suas rescis\u00f5es desde 2012.<\/p>\n<p>Al\u00e9m dos desligados mais antigos, trabalhadores demitidos recentemente tamb\u00e9m relataram preocupa\u00e7\u00e3o. Com a sa\u00edda definitiva da empresa do transporte coletivo, cresce o temor de ficarem sem receber o que t\u00eam direito.<\/p>\n<p>Os manifestantes pedem o bloqueio judicial da Progresso como forma de garantir o pagamento das verbas rescis\u00f3rias e sal\u00e1rios atrasados. Segundo eles, a d\u00edvida trabalhista da empresa j\u00e1 ultrapassa 12 anos.<\/p>\n<p><strong><em>Acompanhe tamb\u00e9m o SE Not\u00edcias no\u00a0<a href=\"https:\/\/www.instagram.com\/senoticias\/\" target=\"_blank\" rel=\"noreferrer noopener\">Instagram<\/a><\/em><\/strong>,\u00a0<strong><em>\u00a0<a href=\"https:\/\/www.facebook.com\/senoticias1\" target=\"_blank\" rel=\"noreferrer noopener\">Facebook<\/a>\u00a0e\u00a0no<\/em>\u00a0<em><a href=\"https:\/\/twitter.com\/Senoticias\">X<\/a><\/em><\/strong><\/p>\n","protected":false},"excerpt":{"rendered":"<p>Ex-funcion\u00e1rios da Via\u00e7\u00e3o Progresso foram \u00e0s ruas na manh\u00e3 desta quinta-feira (10), em Aracaju, para cobrar o pagamento de rescis\u00f5es trabalhistas. A empresa, que deixou de integrar o sistema de transporte p\u00fablico da Grande Aracaju, acumula pend\u00eancias com colaboradores demitidos nos \u00faltimos anos. Motoristas, cobradores e fiscais participaram do protesto com o apoio da CUT\/SE. [&hellip;]<\/p>\n","protected":false},"author":6557,"featured_media":0,"comment_status":"closed","ping_status":"closed","sticky":false,"template":"","format":"standard","meta":{"footnotes":""},"categories":[15,6],"tags":[43530,35127],"class_list":{"0":"post-147282","1":"post","2":"type-post","3":"status-publish","4":"format-standard","6":"category-destaques","7":"category-politica","8":"tag-rescisoes-atrasadas","9":"tag-viacao-progresso"},"_links":{"self":[{"href":"https:\/\/senoticias.com.br\/se\/wp-json\/wp\/v2\/posts\/147282"}],"collection":[{"href":"https:\/\/senoticias.com.br\/se\/wp-json\/wp\/v2\/posts"}],"about":[{"href":"https:\/\/senoticias.com.br\/se\/wp-json\/wp\/v2\/types\/post"}],"author":[{"embeddable":true,"href":"https:\/\/senoticias.com.br\/se\/wp-json\/wp\/v2\/users\/6557"}],"replies":[{"embeddable":true,"href":"https:\/\/senoticias.com.br\/se\/wp-json\/wp\/v2\/comments?post=147282"}],"version-history":[{"count":0,"href":"https:\/\/senoticias.com.br\/se\/wp-json\/wp\/v2\/posts\/147282\/revisions"}],"wp:attachment":[{"href":"https:\/\/senoticias.com.br\/se\/wp-json\/wp\/v2\/media?parent=147282"}],"wp:term":[{"taxonomy":"category","embeddable":true,"href":"https:\/\/senoticias.com.br\/se\/wp-json\/wp\/v2\/categories?post=147282"},{"taxonomy":"post_tag","embeddable":true,"href":"https:\/\/senoticias.com.br\/se\/wp-json\/wp\/v2\/tags?post=147282"}],"curies":[{"name":"wp","href":"https:\/\/api.w.org\/{rel}","templated":true}]}}