{"id":147218,"date":"2025-04-06T20:04:10","date_gmt":"2025-04-06T23:04:10","guid":{"rendered":"https:\/\/senoticias.com.br\/se\/?p=147218"},"modified":"2025-04-06T20:22:11","modified_gmt":"2025-04-06T23:22:11","slug":"huse-sem-tomografos-mae-de-crianca-internada-denuncia-e-cobra-acao-do-governador-fabio-mitidieri","status":"publish","type":"post","link":"https:\/\/senoticias.com.br\/se\/huse-sem-tomografos-mae-de-crianca-internada-denuncia-e-cobra-acao-do-governador-fabio-mitidieri\/","title":{"rendered":"HUSE sem tom\u00f3grafos: M\u00e3e de crian\u00e7a internada cobra a\u00e7\u00e3o do governador F\u00e1bio Mitidieri"},"content":{"rendered":"<p>Uma seguidora do <strong><em>Portal SE Not\u00edcias<\/em><\/strong>, que preferiu n\u00e3o se identificar, denunciou uma situa\u00e7\u00e3o preocupante envolvendo o Hospital de Urg\u00eancias de Sergipe (HUSE) Governador Jo\u00e3o Alves Filho. Por meio do <strong><em>WhatsApp da reda\u00e7\u00e3o (79 9 9171-5289)<\/em><\/strong>, ela relatou que pacientes est\u00e3o enfrentando longos atrasos para a realiza\u00e7\u00e3o de tomografias na unidade.<\/p>\n<p>De acordo com a den\u00fancia, os tr\u00eas tom\u00f3grafos do hospital est\u00e3o quebrados e fora de opera\u00e7\u00e3o, o que tem for\u00e7ado a equipe m\u00e9dica a transferir os pacientes para o Hospital de Cirurgia. Essa medida, segundo ela, tem comprometido a agilidade dos diagn\u00f3sticos e colocado vidas em risco. \u201cOs pacientes ficam esperando a libera\u00e7\u00e3o para serem enviados ao Cirurgia. Isso pode colocar vidas em risco, principalmente em casos de urg\u00eancia\u201d, alertou.<\/p>\n<p>A seguidora destacou ainda que seu filho deu entrada na quinta-feira, 3, no Hospital da Crian\u00e7a. De l\u00e1, foi regulado ainda na sexta-feira, 4, pela equipe m\u00e9dica para o HUSE, onde permanece na ala amarela aguardando a tomografia para ser reavaliado pelo m\u00e9dico. O relato evidencia a gravidade da situa\u00e7\u00e3o e o impacto direto sobre os pacientes e seus familiares.<\/p>\n<p>Diante do cen\u00e1rio, ela faz um apelo para que a den\u00fancia chegue ao conhecimento do governador de Sergipe, F\u00e1bio Mitidieri, com a esperan\u00e7a de que provid\u00eancias urgentes sejam tomadas para restabelecer o pleno funcionamento do servi\u00e7o de tomografia no HUSE.<\/p>\n<p>A equipe do <strong><em>SE Not\u00edcias<\/em> <\/strong>entrou em contato com a dire\u00e7\u00e3o do hospital e com a Secretaria de Estado da Sa\u00fade (SES), e recebeu uma nota oficial sobre o caso.<\/p>\n<div class=\"mceTemp\">\n<div id=\"attachment_147220\" style=\"width: 594px\" class=\"wp-caption aligncenter\"><a href=\"https:\/\/senoticias.com.br\/se\/wp-content\/uploads\/2025\/04\/Huse-sem-tomagros-SE-Noticias.png\"><img loading=\"lazy\" decoding=\"async\" aria-describedby=\"caption-attachment-147220\" class=\"size-full wp-image-147220\" src=\"https:\/\/senoticias.com.br\/se\/wp-content\/uploads\/2025\/04\/Huse-sem-tomagros-SE-Noticias.png\" alt=\"\" width=\"584\" height=\"390\" srcset=\"https:\/\/senoticias.com.br\/se\/wp-content\/uploads\/2025\/04\/Huse-sem-tomagros-SE-Noticias.png 584w, https:\/\/senoticias.com.br\/se\/wp-content\/uploads\/2025\/04\/Huse-sem-tomagros-SE-Noticias-300x200.png 300w, https:\/\/senoticias.com.br\/se\/wp-content\/uploads\/2025\/04\/Huse-sem-tomagros-SE-Noticias-90x60.png 90w, https:\/\/senoticias.com.br\/se\/wp-content\/uploads\/2025\/04\/Huse-sem-tomagros-SE-Noticias-180x120.png 180w, https:\/\/senoticias.com.br\/se\/wp-content\/uploads\/2025\/04\/Huse-sem-tomagros-SE-Noticias-95x64.png 95w\" sizes=\"(max-width: 584px) 100vw, 584px\" \/><\/a><p id=\"caption-attachment-147220\" class=\"wp-caption-text\">M\u00e3e implora ajuda a Mitidieri e denuncia colapso no HUSE &#8211; Foto: arquivo\/divulga\u00e7\u00e3o<\/p><\/div>\n<p><strong>Nota da SES<\/strong><\/p>\n<p>A Secretaria de Estado da Sa\u00fade (SES) informa que segue um plano de a\u00e7\u00e3o que garante que todos os pacientes do Hospital de Urg\u00eancias de Sergipe Governador Jo\u00e3o Alves Filho (HUSE) realizem os exames de tomografia computadorizada durante o per\u00edodo de manuten\u00e7\u00e3o dos aparelhos da unidade, garantindo a continuidade do tratamento e o cuidado com o paciente.<\/p>\n<p>Os pacientes est\u00e3o sendo encaminhados para unidades contratualizadas da Rede Estadual e para o Centro de Acolhimento e Diagn\u00f3stico por Imagem (Cadi). Hospitais regionais em Est\u00e2ncia, Lagarto, Nossa Senhora da Gl\u00f3ria e Itabaiana tamb\u00e9m refor\u00e7am o suporte.<\/p>\n<p>A SES segue monitorando as empresas respons\u00e1veis e trabalhando para que a manuten\u00e7\u00e3o seja conclu\u00edda o mais r\u00e1pido poss\u00edvel.<\/p>\n<p>O <em>Portal SE Not\u00edcias<\/em> reitera seu compromisso com a transpar\u00eancia e com a defesa do direito \u00e0 sa\u00fade da popula\u00e7\u00e3o sergipana. Seguiremos acompanhando o caso, e qualquer nova informa\u00e7\u00e3o ser\u00e1 divulgada em nosso site e em nossas redes sociais.<\/p>\n<p>Den\u00fancias, sugest\u00f5es ou reclama\u00e7\u00f5es podem ser enviadas para o nosso <strong>WhatsApp: (79) 9 9171-5289.<\/strong><\/p>\n<p>Reda\u00e7\u00e3o SE Not\u00edcias<\/p>\n<p><strong><em>Acompanhe tamb\u00e9m o SE Not\u00edcias no <a href=\"https:\/\/www.instagram.com\/senoticias\/\" target=\"_blank\" rel=\"noreferrer noopener\">Instagram<\/a><\/em><\/strong>,\u00a0<strong><em>\u00a0<a href=\"https:\/\/www.facebook.com\/senoticias1\" target=\"_blank\" rel=\"noreferrer noopener\">Facebook<\/a>\u00a0e\u00a0no<\/em>\u00a0<em><a href=\"https:\/\/twitter.com\/Senoticias\">X<\/a><\/em><\/strong><\/p>\n","protected":false},"excerpt":{"rendered":"<p>Uma seguidora do Portal SE Not\u00edcias, que preferiu n\u00e3o se identificar, denunciou uma situa\u00e7\u00e3o preocupante envolvendo o Hospital de Urg\u00eancias de Sergipe (HUSE) Governador Jo\u00e3o Alves Filho. Por meio do WhatsApp da reda\u00e7\u00e3o (79 9 9171-5289), ela relatou que pacientes est\u00e3o enfrentando longos atrasos para a realiza\u00e7\u00e3o de tomografias na unidade. De acordo com a [&hellip;]<\/p>\n","protected":false},"author":6557,"featured_media":147220,"comment_status":"closed","ping_status":"closed","sticky":false,"template":"","format":"standard","meta":{"footnotes":""},"categories":[15,6],"tags":[43511,7306,43509,43510],"class_list":{"0":"post-147218","1":"post","2":"type-post","3":"status-publish","4":"format-standard","5":"has-post-thumbnail","7":"category-destaques","8":"category-politica","9":"tag-crise-no-huse","10":"tag-fabio-mitidieri","11":"tag-huse-sem-tomografos","12":"tag-tomografos-quebrados-no-huse"},"_links":{"self":[{"href":"https:\/\/senoticias.com.br\/se\/wp-json\/wp\/v2\/posts\/147218"}],"collection":[{"href":"https:\/\/senoticias.com.br\/se\/wp-json\/wp\/v2\/posts"}],"about":[{"href":"https:\/\/senoticias.com.br\/se\/wp-json\/wp\/v2\/types\/post"}],"author":[{"embeddable":true,"href":"https:\/\/senoticias.com.br\/se\/wp-json\/wp\/v2\/users\/6557"}],"replies":[{"embeddable":true,"href":"https:\/\/senoticias.com.br\/se\/wp-json\/wp\/v2\/comments?post=147218"}],"version-history":[{"count":0,"href":"https:\/\/senoticias.com.br\/se\/wp-json\/wp\/v2\/posts\/147218\/revisions"}],"wp:featuredmedia":[{"embeddable":true,"href":"https:\/\/senoticias.com.br\/se\/wp-json\/wp\/v2\/media\/147220"}],"wp:attachment":[{"href":"https:\/\/senoticias.com.br\/se\/wp-json\/wp\/v2\/media?parent=147218"}],"wp:term":[{"taxonomy":"category","embeddable":true,"href":"https:\/\/senoticias.com.br\/se\/wp-json\/wp\/v2\/categories?post=147218"},{"taxonomy":"post_tag","embeddable":true,"href":"https:\/\/senoticias.com.br\/se\/wp-json\/wp\/v2\/tags?post=147218"}],"curies":[{"name":"wp","href":"https:\/\/api.w.org\/{rel}","templated":true}]}}