{"id":147214,"date":"2025-04-05T19:14:59","date_gmt":"2025-04-05T22:14:59","guid":{"rendered":"https:\/\/senoticias.com.br\/se\/?p=147214"},"modified":"2025-04-05T19:14:59","modified_gmt":"2025-04-05T22:14:59","slug":"prefeitura-de-aracaju-convoca-mais-de-250-profissionais-da-saude","status":"publish","type":"post","link":"https:\/\/senoticias.com.br\/se\/prefeitura-de-aracaju-convoca-mais-de-250-profissionais-da-saude\/","title":{"rendered":"Prefeitura de Aracaju convoca mais de 250 profissionais da sa\u00fade"},"content":{"rendered":"<p>&nbsp;<\/p>\n<p>Como parte do fortalecimento da rede municipal de sa\u00fade, a Prefeitura de Aracaju publicou, na noite da \u00faltima sexta-feira (4), no Di\u00e1rio Oficial do Munic\u00edpio, a convoca\u00e7\u00e3o de 255 profissionais aprovados no Processo Seletivo P\u00fablico Simplificado (PSS) 2023. O objetivo \u00e9 ampliar e qualificar o atendimento prestado \u00e0 popula\u00e7\u00e3o nas unidades de sa\u00fade da capital.<\/p>\n<p>Foram convocados 53 enfermeiros, 97 t\u00e9cnicos de enfermagem, 17 farmac\u00eauticos, 9 cirurgi\u00f5es-dentistas, 4 auxiliares de sa\u00fade bucal, 10 profissionais de Educa\u00e7\u00e3o F\u00edsica, 2 fisioterapeutas, 1 terapeuta ocupacional, 4 fonoaudi\u00f3logos, 1 psic\u00f3logo, 1 oficineiro, 6 profissionais de Redu\u00e7\u00e3o de Danos, 1 nutricionista e 49 atendentes de estabelecimentos de sa\u00fade.<\/p>\n<div id=\"attachment_147215\" style=\"width: 570px\" class=\"wp-caption aligncenter\"><a href=\"https:\/\/senoticias.com.br\/se\/wp-content\/uploads\/2025\/04\/Novos-profissionais-se-noticias.jpeg\"><img loading=\"lazy\" decoding=\"async\" aria-describedby=\"caption-attachment-147215\" class=\"size-full wp-image-147215\" src=\"https:\/\/senoticias.com.br\/se\/wp-content\/uploads\/2025\/04\/Novos-profissionais-se-noticias.jpeg\" alt=\"\" width=\"560\" height=\"420\" srcset=\"https:\/\/senoticias.com.br\/se\/wp-content\/uploads\/2025\/04\/Novos-profissionais-se-noticias.jpeg 560w, https:\/\/senoticias.com.br\/se\/wp-content\/uploads\/2025\/04\/Novos-profissionais-se-noticias-300x225.jpeg 300w, https:\/\/senoticias.com.br\/se\/wp-content\/uploads\/2025\/04\/Novos-profissionais-se-noticias-45x35.jpeg 45w\" sizes=\"(max-width: 560px) 100vw, 560px\" \/><\/a><p id=\"caption-attachment-147215\" class=\"wp-caption-text\"><br \/>Os profissionais refor\u00e7ar\u00e3o unidades b\u00e1sicas, especializadas e servi\u00e7os de aten\u00e7\u00e3o espec\u00edfica, conforme a demanda da Secretaria Municipal da Sa\u00fade &#8211; Foto: ascom\/SMS<\/p><\/div>\n<p>Os candidatos convocados devem comparecer \u00e0 inspe\u00e7\u00e3o de sa\u00fade, que ser\u00e1 realizada de <strong>7 a 10 de abril de 2025<\/strong>, no Centro M\u00e9dico do Trabalhador, situado na Rua Bahia, n\u00ba 1429, bairro Siqueira Campos. Durante essa etapa, ser\u00e3o feitos a avalia\u00e7\u00e3o cl\u00ednica e os exames laboratoriais: HBSAG, ANTIHBSAG e ANTIHCV. O n\u00e3o comparecimento dentro do prazo implicar\u00e1 na elimina\u00e7\u00e3o do candidato, conforme previsto no edital n\u00ba 01\/2023.<\/p>\n<p>A entrega da documenta\u00e7\u00e3o dever\u00e1 ser feita de 22 a 24 de abril de 2025, por meio da plataforma ajuinteligente.aracaju.se.gov.br, buscando pelo item CONVOCA\u00c7\u00c3O SMS EDITAL N\u00ba 32\/2025. A convoca\u00e7\u00e3o faz parte do cronograma de execu\u00e7\u00e3o do PSS 2023 e tem como finalidade suprir necessidades identificadas na rede municipal de sa\u00fade.<\/p>\n<p>Os profissionais ir\u00e3o atuar em unidades b\u00e1sicas, especializadas e em servi\u00e7os de aten\u00e7\u00e3o espec\u00edfica, conforme a demanda da Secretaria Municipal da Sa\u00fade (SMS). A medida visa assegurar a continuidade dos servi\u00e7os e atender \u00e0 popula\u00e7\u00e3o com maior efici\u00eancia e cobertura.<\/p>\n<p><strong><em>Acompanhe tamb\u00e9m o SE Not\u00edcias no\u00a0<a href=\"https:\/\/www.instagram.com\/senoticias\/\" target=\"_blank\" rel=\"noreferrer noopener\">Instagram<\/a><\/em><\/strong>,\u00a0<strong><em>\u00a0<a href=\"https:\/\/www.facebook.com\/senoticias1\" target=\"_blank\" rel=\"noreferrer noopener\">Facebook<\/a>\u00a0e\u00a0no<\/em>\u00a0<em><a href=\"https:\/\/twitter.com\/Senoticias\">X<\/a><\/em><\/strong><\/p>\n<p>Por Ascom\/SMS<\/p>\n<p>&nbsp;<\/p>\n<p>&nbsp;<\/p>\n","protected":false},"excerpt":{"rendered":"<p>&nbsp; Como parte do fortalecimento da rede municipal de sa\u00fade, a Prefeitura de Aracaju publicou, na noite da \u00faltima sexta-feira (4), no Di\u00e1rio Oficial do Munic\u00edpio, a convoca\u00e7\u00e3o de 255 profissionais aprovados no Processo Seletivo P\u00fablico Simplificado (PSS) 2023. O objetivo \u00e9 ampliar e qualificar o atendimento prestado \u00e0 popula\u00e7\u00e3o nas unidades de sa\u00fade da [&hellip;]<\/p>\n","protected":false},"author":6557,"featured_media":147215,"comment_status":"closed","ping_status":"closed","sticky":false,"template":"","format":"standard","meta":{"footnotes":""},"categories":[15,6],"tags":[213,5596],"class_list":{"0":"post-147214","1":"post","2":"type-post","3":"status-publish","4":"format-standard","5":"has-post-thumbnail","7":"category-destaques","8":"category-politica","9":"tag-prefeitura-de-aracaju","10":"tag-secretaria-de-saude"},"_links":{"self":[{"href":"https:\/\/senoticias.com.br\/se\/wp-json\/wp\/v2\/posts\/147214"}],"collection":[{"href":"https:\/\/senoticias.com.br\/se\/wp-json\/wp\/v2\/posts"}],"about":[{"href":"https:\/\/senoticias.com.br\/se\/wp-json\/wp\/v2\/types\/post"}],"author":[{"embeddable":true,"href":"https:\/\/senoticias.com.br\/se\/wp-json\/wp\/v2\/users\/6557"}],"replies":[{"embeddable":true,"href":"https:\/\/senoticias.com.br\/se\/wp-json\/wp\/v2\/comments?post=147214"}],"version-history":[{"count":0,"href":"https:\/\/senoticias.com.br\/se\/wp-json\/wp\/v2\/posts\/147214\/revisions"}],"wp:featuredmedia":[{"embeddable":true,"href":"https:\/\/senoticias.com.br\/se\/wp-json\/wp\/v2\/media\/147215"}],"wp:attachment":[{"href":"https:\/\/senoticias.com.br\/se\/wp-json\/wp\/v2\/media?parent=147214"}],"wp:term":[{"taxonomy":"category","embeddable":true,"href":"https:\/\/senoticias.com.br\/se\/wp-json\/wp\/v2\/categories?post=147214"},{"taxonomy":"post_tag","embeddable":true,"href":"https:\/\/senoticias.com.br\/se\/wp-json\/wp\/v2\/tags?post=147214"}],"curies":[{"name":"wp","href":"https:\/\/api.w.org\/{rel}","templated":true}]}}