{"id":147186,"date":"2025-04-03T12:14:06","date_gmt":"2025-04-03T15:14:06","guid":{"rendered":"https:\/\/senoticias.com.br\/se\/?p=147186"},"modified":"2025-04-03T12:14:06","modified_gmt":"2025-04-03T15:14:06","slug":"sergipe-vira-palco-do-surf-brasileiro-abais-surf-festival-comeca-neste-fim-de-semana","status":"publish","type":"post","link":"https:\/\/senoticias.com.br\/se\/sergipe-vira-palco-do-surf-brasileiro-abais-surf-festival-comeca-neste-fim-de-semana\/","title":{"rendered":"Sergipe vira palco do surf brasileiro: Aba\u00eds Surf Festival come\u00e7a neste fim de semana"},"content":{"rendered":"<p>O Governo do Estado de Sergipe, por meio da Secretaria de Estado do Esporte e Lazer (SEEL), tem desempenhado um papel fundamental no fortalecimento do surf nacional, apoiando a realiza\u00e7\u00e3o da 2\u00aa etapa do CBSurf Master Tour, Longboard e SUP Surf 2025.<\/p>\n<p>O evento, denominada nesta etapa como Aba\u00eds Surf Festival, acontecer\u00e1 entre os dias 7 e 13 de abril, na Praia do Aba\u00eds, no munic\u00edpio de Est\u00e2ncia (SE), pela primeira vez, e contar\u00e1 com mais de 200 atletas, incluindo campe\u00f5es mundiais, nacionais e \u00eddolos do esporte.<\/p>\n<p>O Aba\u00eds Surf Festival, distribuir\u00e1 uma premia\u00e7\u00e3o total de R$ 210 mil (R$ 70 mil por categoria) e tamb\u00e9m conta com o apoio da Prefeitura de Est\u00e2ncia. A parceria entre o governo estadual e municipal tem sido essencial para impulsionar o surfe e o turismo esportivo na regi\u00e3o. \u201cO apoio ao surfe faz parte da nossa estrat\u00e9gia de fortalecimento dos esportes no estado. Receber uma etapa do CBSurf Master Tour, Longboard e SUP Surf \u00e9 uma grande conquista para Sergipe, valorizando nossos atletas, incentivando a pr\u00e1tica esportiva e movimentando a economia local. Estamos muito felizes em contribuir para essa grande celebra\u00e7\u00e3o do surfe brasileiro\u201d, destaca a secret\u00e1ria de Estado do Esporte e Lazer, Mariana Dantas.<\/p>\n<div id=\"attachment_147187\" style=\"width: 574px\" class=\"wp-caption aligncenter\"><a href=\"https:\/\/senoticias.com.br\/se\/wp-content\/uploads\/2025\/04\/campeonato-de-surf-SE-Noticias.jpg\"><img loading=\"lazy\" decoding=\"async\" aria-describedby=\"caption-attachment-147187\" class=\"size-full wp-image-147187\" src=\"https:\/\/senoticias.com.br\/se\/wp-content\/uploads\/2025\/04\/campeonato-de-surf-SE-Noticias.jpg\" alt=\"\" width=\"564\" height=\"376\" srcset=\"https:\/\/senoticias.com.br\/se\/wp-content\/uploads\/2025\/04\/campeonato-de-surf-SE-Noticias.jpg 564w, https:\/\/senoticias.com.br\/se\/wp-content\/uploads\/2025\/04\/campeonato-de-surf-SE-Noticias-300x200.jpg 300w, https:\/\/senoticias.com.br\/se\/wp-content\/uploads\/2025\/04\/campeonato-de-surf-SE-Noticias-90x60.jpg 90w, https:\/\/senoticias.com.br\/se\/wp-content\/uploads\/2025\/04\/campeonato-de-surf-SE-Noticias-180x120.jpg 180w, https:\/\/senoticias.com.br\/se\/wp-content\/uploads\/2025\/04\/campeonato-de-surf-SE-Noticias-95x64.jpg 95w\" sizes=\"(max-width: 564px) 100vw, 564px\" \/><\/a><p id=\"caption-attachment-147187\" class=\"wp-caption-text\">Aba\u00eds Surf Festival acontece entre 7 e 13 de abril &#8211; Foto: Arthur Leite\/divulga\u00e7\u00e3o<\/p><\/div>\n<p>A etapa de Est\u00e2ncia chega logo ap\u00f3s o sucesso da abertura do circuito em Saquarema (RJ). Com o ritmo intenso de competi\u00e7\u00e3o, os atletas chegam a Sergipe motivados para consolidar a lideran\u00e7a ou buscar reabilita\u00e7\u00e3o no ranking. Entre os destaques, est\u00e3o o cearense F\u00e1bio Silva, integrante da elite mundial de 1997, que venceu a categoria Master 50+ em Saquarema, e a pernambucana Atalanta Batista, campe\u00e3 brasileira e sul-americana, que busca melhorar seu desempenho nesta etapa.<\/p>\n<p>A Praia do Aba\u00eds oferece condi\u00e7\u00f5es ideais para a realiza\u00e7\u00e3o do evento, com infraestrutura preparada para receber atletas e p\u00fablico. A competi\u00e7\u00e3o ser\u00e1 transmitida ao vivo pelo canal CBSurfPLAY no YouTube e no site oficial da CBSurf, al\u00e9m de cobertura pelo Instagram @cbsurfoficial e @esporte.sergipe.<\/p>\n<p>O evento refor\u00e7a a presen\u00e7a da CBSurf no estado de Sergipe, que recebe competi\u00e7\u00f5es da entidade pelo quarto ano consecutivo. O presidente da CBSurf, Teco Padaratz, destacou a import\u00e2ncia do apoio local. \u201cJ\u00e1 \u00e9 o quarto ano seguido que realizamos eventos no estado de Sergipe. Agradecemos demais a for\u00e7a local e \u00e0 secret\u00e1ria Mariana Dantas, que sempre foi a nossa madrinha\u201d, frisa.<\/p>\n<p><strong><em>Acompanhe tamb\u00e9m o SE Not\u00edcias no\u00a0<a href=\"https:\/\/www.instagram.com\/senoticias\/\" target=\"_blank\" rel=\"noreferrer noopener\">Instagram<\/a><\/em><\/strong>,\u00a0<strong><em>\u00a0<a href=\"https:\/\/www.facebook.com\/senoticias1\" target=\"_blank\" rel=\"noreferrer noopener\">Facebook<\/a>\u00a0e\u00a0no<\/em>\u00a0<em><a href=\"https:\/\/twitter.com\/Senoticias\">X<\/a><\/em><\/strong><\/p>\n<p>Ag\u00eancia Sergipe de Not\u00edcias<\/p>\n","protected":false},"excerpt":{"rendered":"<p>O Governo do Estado de Sergipe, por meio da Secretaria de Estado do Esporte e Lazer (SEEL), tem desempenhado um papel fundamental no fortalecimento do surf nacional, apoiando a realiza\u00e7\u00e3o da 2\u00aa etapa do CBSurf Master Tour, Longboard e SUP Surf 2025. O evento, denominada nesta etapa como Aba\u00eds Surf Festival, acontecer\u00e1 entre os dias [&hellip;]<\/p>\n","protected":false},"author":6557,"featured_media":147187,"comment_status":"closed","ping_status":"closed","sticky":false,"template":"","format":"standard","meta":{"footnotes":""},"categories":[15,26],"tags":[43496,43497,8002],"class_list":{"0":"post-147186","1":"post","2":"type-post","3":"status-publish","4":"format-standard","5":"has-post-thumbnail","7":"category-destaques","8":"category-esportes","9":"tag-abais-surf-festival","10":"tag-cbsurf-master","11":"tag-praia-do-abais"},"_links":{"self":[{"href":"https:\/\/senoticias.com.br\/se\/wp-json\/wp\/v2\/posts\/147186"}],"collection":[{"href":"https:\/\/senoticias.com.br\/se\/wp-json\/wp\/v2\/posts"}],"about":[{"href":"https:\/\/senoticias.com.br\/se\/wp-json\/wp\/v2\/types\/post"}],"author":[{"embeddable":true,"href":"https:\/\/senoticias.com.br\/se\/wp-json\/wp\/v2\/users\/6557"}],"replies":[{"embeddable":true,"href":"https:\/\/senoticias.com.br\/se\/wp-json\/wp\/v2\/comments?post=147186"}],"version-history":[{"count":0,"href":"https:\/\/senoticias.com.br\/se\/wp-json\/wp\/v2\/posts\/147186\/revisions"}],"wp:featuredmedia":[{"embeddable":true,"href":"https:\/\/senoticias.com.br\/se\/wp-json\/wp\/v2\/media\/147187"}],"wp:attachment":[{"href":"https:\/\/senoticias.com.br\/se\/wp-json\/wp\/v2\/media?parent=147186"}],"wp:term":[{"taxonomy":"category","embeddable":true,"href":"https:\/\/senoticias.com.br\/se\/wp-json\/wp\/v2\/categories?post=147186"},{"taxonomy":"post_tag","embeddable":true,"href":"https:\/\/senoticias.com.br\/se\/wp-json\/wp\/v2\/tags?post=147186"}],"curies":[{"name":"wp","href":"https:\/\/api.w.org\/{rel}","templated":true}]}}