{"id":147181,"date":"2025-04-03T06:55:18","date_gmt":"2025-04-03T09:55:18","guid":{"rendered":"https:\/\/senoticias.com.br\/se\/?p=147181"},"modified":"2025-04-03T06:55:43","modified_gmt":"2025-04-03T09:55:43","slug":"policia-federal-investiga-servidor-do-inss-em-sergipe-por-desbloqueio-irregular-de-20-mil-beneficios-e-emprestimos-em-todo-o-pais","status":"publish","type":"post","link":"https:\/\/senoticias.com.br\/se\/policia-federal-investiga-servidor-do-inss-em-sergipe-por-desbloqueio-irregular-de-20-mil-beneficios-e-emprestimos-em-todo-o-pais\/","title":{"rendered":"Pol\u00edcia Federal investiga servidor do INSS em Sergipe por desbloqueio irregular de 20 mil benef\u00edcios e empr\u00e9stimos em todo o pa\u00eds"},"content":{"rendered":"<p>&nbsp;<\/p>\n<p>A Pol\u00edcia Federal, com apoio da Coordena\u00e7\u00e3o-Geral de Intelig\u00eancia Previdenci\u00e1ria \u2013 CGINP do Instituto Nacional do Seguro Social &#8211; INSS, deflagrou, na manh\u00e3 desta quinta-feira (3\/4), a <strong>Opera\u00e7\u00e3o Desbloqueio<\/strong>, que desarticulou um esquema de fraudes previdenci\u00e1rias milion\u00e1rio, praticadas com a participa\u00e7\u00e3o de um servidor do INSS que atuava nas 27 unidades da Federa\u00e7\u00e3o.<\/p>\n<p>Foi cumprido um mandado de busca e apreens\u00e3o na cidade de Aracaju, expedido pelo ju\u00edzo da 1\u00aa Vara Federal de Sergipe.<\/p>\n<p>Levantamentos realizados indicam que o servidor atuava desde meados de setembro de 2023 e teria efetivado o desbloqueio de cerca de 20 mil benef\u00edcios, distribu\u00eddos em todos os Estados da Federa\u00e7\u00e3o.<\/p>\n<p>A investiga\u00e7\u00e3o conjunta demonstrou que a fraude consistia na realiza\u00e7\u00e3o indevida de desbloqueios de benef\u00edcios para a contrata\u00e7\u00e3o de empr\u00e9stimos, sem a solicita\u00e7\u00e3o do titular ou de algum representante legal.<\/p>\n<p>O valor total dos empr\u00e9stimos liberados com a atua\u00e7\u00e3o do servidor ainda est\u00e1 sendo apurado.<\/p>\n<div id=\"attachment_147182\" style=\"width: 597px\" class=\"wp-caption aligncenter\"><a href=\"https:\/\/senoticias.com.br\/se\/wp-content\/uploads\/2025\/04\/Policia-Federal-SE-Noticias.jpg\"><img loading=\"lazy\" decoding=\"async\" aria-describedby=\"caption-attachment-147182\" class=\"size-full wp-image-147182\" src=\"https:\/\/senoticias.com.br\/se\/wp-content\/uploads\/2025\/04\/Policia-Federal-SE-Noticias.jpg\" alt=\"\" width=\"587\" height=\"426\" srcset=\"https:\/\/senoticias.com.br\/se\/wp-content\/uploads\/2025\/04\/Policia-Federal-SE-Noticias.jpg 587w, https:\/\/senoticias.com.br\/se\/wp-content\/uploads\/2025\/04\/Policia-Federal-SE-Noticias-300x218.jpg 300w, https:\/\/senoticias.com.br\/se\/wp-content\/uploads\/2025\/04\/Policia-Federal-SE-Noticias-278x202.jpg 278w, https:\/\/senoticias.com.br\/se\/wp-content\/uploads\/2025\/04\/Policia-Federal-SE-Noticias-373x270.jpg 373w, https:\/\/senoticias.com.br\/se\/wp-content\/uploads\/2025\/04\/Policia-Federal-SE-Noticias-567x410.jpg 567w\" sizes=\"(max-width: 587px) 100vw, 587px\" \/><\/a><p id=\"caption-attachment-147182\" class=\"wp-caption-text\">Segundo a Pol\u00edcia federal, um servidor investigado teria efetivado o desbloqueio de cerca de 20 mil benef\u00edcios &#8211; Foto: reprodu\u00e7\u00e3o\/PF\/SE<\/p><\/div>\n<p>A an\u00e1lise do material apreendido nesta fase da investiga\u00e7\u00e3o busca ratificar os elementos de prova j\u00e1 obtidos e apontar a autoria e a materialidade delitivas, al\u00e9m de auxiliar na identifica\u00e7\u00e3o de outros envolvidos nas fraudes.<\/p>\n<p>Os crimes investigados s\u00e3o de inser\u00e7\u00e3o de dados falsos em sistema de informa\u00e7\u00f5es e corrup\u00e7\u00e3o, cujas penas somadas podem ultrapassar 24 anos de reclus\u00e3o.<\/p>\n<p><strong><em>Acompanhe tamb\u00e9m o SE Not\u00edcias no\u00a0<a href=\"https:\/\/www.instagram.com\/senoticias\/\" target=\"_blank\" rel=\"noreferrer noopener\">Instagram<\/a><\/em><\/strong>,\u00a0<strong><em>\u00a0<a href=\"https:\/\/www.facebook.com\/senoticias1\" target=\"_blank\" rel=\"noreferrer noopener\">Facebook<\/a>\u00a0e\u00a0no<\/em>\u00a0<em><a href=\"https:\/\/twitter.com\/Senoticias\">X<\/a><\/em><\/strong><\/p>\n<p>Da Comunica\u00e7\u00e3o Social da Pol\u00edcia Federal em Sergipe<\/p>\n<p>&nbsp;<\/p>\n","protected":false},"excerpt":{"rendered":"<p>&nbsp; A Pol\u00edcia Federal, com apoio da Coordena\u00e7\u00e3o-Geral de Intelig\u00eancia Previdenci\u00e1ria \u2013 CGINP do Instituto Nacional do Seguro Social &#8211; INSS, deflagrou, na manh\u00e3 desta quinta-feira (3\/4), a Opera\u00e7\u00e3o Desbloqueio, que desarticulou um esquema de fraudes previdenci\u00e1rias milion\u00e1rio, praticadas com a participa\u00e7\u00e3o de um servidor do INSS que atuava nas 27 unidades da Federa\u00e7\u00e3o. Foi [&hellip;]<\/p>\n","protected":false},"author":6557,"featured_media":147182,"comment_status":"closed","ping_status":"closed","sticky":false,"template":"","format":"standard","meta":{"footnotes":""},"categories":[15,7],"tags":[7276,43495,1947],"class_list":{"0":"post-147181","1":"post","2":"type-post","3":"status-publish","4":"format-standard","5":"has-post-thumbnail","7":"category-destaques","8":"category-policia","9":"tag-inss","10":"tag-operacao-desbloqueio","11":"tag-policia-federal"},"_links":{"self":[{"href":"https:\/\/senoticias.com.br\/se\/wp-json\/wp\/v2\/posts\/147181"}],"collection":[{"href":"https:\/\/senoticias.com.br\/se\/wp-json\/wp\/v2\/posts"}],"about":[{"href":"https:\/\/senoticias.com.br\/se\/wp-json\/wp\/v2\/types\/post"}],"author":[{"embeddable":true,"href":"https:\/\/senoticias.com.br\/se\/wp-json\/wp\/v2\/users\/6557"}],"replies":[{"embeddable":true,"href":"https:\/\/senoticias.com.br\/se\/wp-json\/wp\/v2\/comments?post=147181"}],"version-history":[{"count":0,"href":"https:\/\/senoticias.com.br\/se\/wp-json\/wp\/v2\/posts\/147181\/revisions"}],"wp:featuredmedia":[{"embeddable":true,"href":"https:\/\/senoticias.com.br\/se\/wp-json\/wp\/v2\/media\/147182"}],"wp:attachment":[{"href":"https:\/\/senoticias.com.br\/se\/wp-json\/wp\/v2\/media?parent=147181"}],"wp:term":[{"taxonomy":"category","embeddable":true,"href":"https:\/\/senoticias.com.br\/se\/wp-json\/wp\/v2\/categories?post=147181"},{"taxonomy":"post_tag","embeddable":true,"href":"https:\/\/senoticias.com.br\/se\/wp-json\/wp\/v2\/tags?post=147181"}],"curies":[{"name":"wp","href":"https:\/\/api.w.org\/{rel}","templated":true}]}}