{"id":147177,"date":"2025-04-02T18:27:26","date_gmt":"2025-04-02T21:27:26","guid":{"rendered":"https:\/\/senoticias.com.br\/se\/?p=147177"},"modified":"2025-04-02T18:27:26","modified_gmt":"2025-04-02T21:27:26","slug":"policia-civil-prende-homens-investigados-por-serie-de-arrombamentos-e-furtos-em-estabelecimentos-comerciais-na-zona-sul-de-aracaju","status":"publish","type":"post","link":"https:\/\/senoticias.com.br\/se\/policia-civil-prende-homens-investigados-por-serie-de-arrombamentos-e-furtos-em-estabelecimentos-comerciais-na-zona-sul-de-aracaju\/","title":{"rendered":"Pol\u00edcia Civil prende homens investigados por s\u00e9rie de arrombamentos e furtos em estabelecimentos comerciais na Zona Sul de Aracaju"},"content":{"rendered":"<p>Equipes da Delegacia de Turismo (Detur) cumpriram os mandados de pris\u00e3o contra dois homens investigados por uma s\u00e9rie de arrombamentos e furtos cometidos em estabelecimentos comerciais localizados na regi\u00e3o da Orla de Atalaia e Coroa do Meio, na Zona Sul de Aracaju. A elucida\u00e7\u00e3o dos casos e as pris\u00f5es foram divulgadas nesta ter\u00e7a-feira (2).<\/p>\n<div id=\"attachment_147178\" style=\"width: 537px\" class=\"wp-caption aligncenter\"><a href=\"https:\/\/senoticias.com.br\/se\/wp-content\/uploads\/2025\/04\/Arrombamentos-SE-Noticias.png\"><img loading=\"lazy\" decoding=\"async\" aria-describedby=\"caption-attachment-147178\" class=\"size-full wp-image-147178\" src=\"https:\/\/senoticias.com.br\/se\/wp-content\/uploads\/2025\/04\/Arrombamentos-SE-Noticias.png\" alt=\"\" width=\"527\" height=\"405\" srcset=\"https:\/\/senoticias.com.br\/se\/wp-content\/uploads\/2025\/04\/Arrombamentos-SE-Noticias.png 527w, https:\/\/senoticias.com.br\/se\/wp-content\/uploads\/2025\/04\/Arrombamentos-SE-Noticias-300x231.png 300w, https:\/\/senoticias.com.br\/se\/wp-content\/uploads\/2025\/04\/Arrombamentos-SE-Noticias-45x35.png 45w\" sizes=\"(max-width: 527px) 100vw, 527px\" \/><\/a><p id=\"caption-attachment-147178\" class=\"wp-caption-text\">Os dois presos, que atuavam na Atalaia e Coroa do Meio, foram identificados em investiga\u00e7\u00f5es baseadas em c\u00e2meras de seguran\u00e7a e den\u00fancias &#8211; Foto: SSP\/SE<\/p><\/div>\n<p>De acordo com a delegada Gisele Martins, as investiga\u00e7\u00f5es tiveram in\u00edcio com a identifica\u00e7\u00e3o do aumento no n\u00famero de furtos qualificados mediante arrombamento, especialmente nos com\u00e9rcios, nas empresas, estabelecimentos comerciais na \u00e1rea onde os investigados agiam. \u201cEnt\u00e3o, come\u00e7amos as dilig\u00eancias e captamos imagens das c\u00e2meras de seguran\u00e7a\u201d, contextualizou.<\/p>\n<p>Com a atua\u00e7\u00e3o dos policiais da Detur na an\u00e1lise das imagens das c\u00e2meras de seguran\u00e7a, a Pol\u00edcia Civil identificou o modo de atua\u00e7\u00e3o dos investigados e as similaridades entre os furtos. \u201cAssim, conseguimos identificar os investigados como autores desses crimes, que s\u00e3o pessoas em condi\u00e7\u00e3o de rua, sem resid\u00eancia fixa, e solicitamos os mandados de pris\u00e3o\u201d, relatou a delegada.<\/p>\n<p>De posse das decis\u00f5es judiciais, as equipes da Detur iniciaram dilig\u00eancias, localizaram os investigados e deram cumprimento aos mandados de pris\u00e3o contra ambos os investigados. Eles j\u00e1 se encontram \u00e0 disposi\u00e7\u00e3o da Justi\u00e7a, para ado\u00e7\u00e3o das demais medidas legais cab\u00edveis ao caso.<\/p>\n<p>A Pol\u00edcia Civil solicita que outras eventuais v\u00edtimas, que ainda n\u00e3o procuraram a Detur, compare\u00e7am \u00e0 unidade policial, para o registro do boletim de ocorr\u00eancia. Informa\u00e7\u00f5es sobre crimes e suspeitos de a\u00e7\u00f5es criminosas podem ser repassadas \u00e0 pol\u00edcia por meio do Disque-Den\u00fancia no telefone 181. O sigilo do denunciante \u00e9 garantido, e as den\u00fancias podem contribuir com as investiga\u00e7\u00f5es.<\/p>\n<p><strong><em>Acompanhe tamb\u00e9m o SE Not\u00edcias no\u00a0<a href=\"https:\/\/www.instagram.com\/senoticias\/\" target=\"_blank\" rel=\"noreferrer noopener\">Instagram<\/a><\/em><\/strong>,\u00a0<strong><em>\u00a0<a href=\"https:\/\/www.facebook.com\/senoticias1\" target=\"_blank\" rel=\"noreferrer noopener\">Facebook<\/a>\u00a0e\u00a0no<\/em>\u00a0<em><a href=\"https:\/\/twitter.com\/Senoticias\">X<\/a><\/em><\/strong><\/p>\n<p>Fonte: SSP\/SE<\/p>\n","protected":false},"excerpt":{"rendered":"<p>Equipes da Delegacia de Turismo (Detur) cumpriram os mandados de pris\u00e3o contra dois homens investigados por uma s\u00e9rie de arrombamentos e furtos cometidos em estabelecimentos comerciais localizados na regi\u00e3o da Orla de Atalaia e Coroa do Meio, na Zona Sul de Aracaju. A elucida\u00e7\u00e3o dos casos e as pris\u00f5es foram divulgadas nesta ter\u00e7a-feira (2). De [&hellip;]<\/p>\n","protected":false},"author":6557,"featured_media":147178,"comment_status":"closed","ping_status":"closed","sticky":false,"template":"","format":"standard","meta":{"footnotes":""},"categories":[15,7],"tags":[43493,43494,78],"class_list":{"0":"post-147177","1":"post","2":"type-post","3":"status-publish","4":"format-standard","5":"has-post-thumbnail","7":"category-destaques","8":"category-policia","9":"tag-arrombamentos-e-furtos","10":"tag-furtos-em-estabelecimentos-comerciais","11":"tag-policia-civil"},"_links":{"self":[{"href":"https:\/\/senoticias.com.br\/se\/wp-json\/wp\/v2\/posts\/147177"}],"collection":[{"href":"https:\/\/senoticias.com.br\/se\/wp-json\/wp\/v2\/posts"}],"about":[{"href":"https:\/\/senoticias.com.br\/se\/wp-json\/wp\/v2\/types\/post"}],"author":[{"embeddable":true,"href":"https:\/\/senoticias.com.br\/se\/wp-json\/wp\/v2\/users\/6557"}],"replies":[{"embeddable":true,"href":"https:\/\/senoticias.com.br\/se\/wp-json\/wp\/v2\/comments?post=147177"}],"version-history":[{"count":0,"href":"https:\/\/senoticias.com.br\/se\/wp-json\/wp\/v2\/posts\/147177\/revisions"}],"wp:featuredmedia":[{"embeddable":true,"href":"https:\/\/senoticias.com.br\/se\/wp-json\/wp\/v2\/media\/147178"}],"wp:attachment":[{"href":"https:\/\/senoticias.com.br\/se\/wp-json\/wp\/v2\/media?parent=147177"}],"wp:term":[{"taxonomy":"category","embeddable":true,"href":"https:\/\/senoticias.com.br\/se\/wp-json\/wp\/v2\/categories?post=147177"},{"taxonomy":"post_tag","embeddable":true,"href":"https:\/\/senoticias.com.br\/se\/wp-json\/wp\/v2\/tags?post=147177"}],"curies":[{"name":"wp","href":"https:\/\/api.w.org\/{rel}","templated":true}]}}