{"id":147175,"date":"2025-04-02T14:58:05","date_gmt":"2025-04-02T17:58:05","guid":{"rendered":"https:\/\/senoticias.com.br\/se\/?p=147175"},"modified":"2025-04-02T14:58:05","modified_gmt":"2025-04-02T17:58:05","slug":"governo-alinha-detalhes-para-abertura-da-vila-da-pascoa-nesta-sexta-feira-4","status":"publish","type":"post","link":"https:\/\/senoticias.com.br\/se\/governo-alinha-detalhes-para-abertura-da-vila-da-pascoa-nesta-sexta-feira-4\/","title":{"rendered":"Governo alinha detalhes para abertura da Vila da P\u00e1scoa nesta sexta-feira, 4"},"content":{"rendered":"<p>O Governo de Sergipe, por meio da Funda\u00e7\u00e3o de Cultura e Arte Aperip\u00ea de Sergipe (Funcap) e da Secretaria de Estado da Comunica\u00e7\u00e3o Social (Secom), reuniu\u00a0nesta quarta-feira, 2, representantes dos \u00f3rg\u00e3os envolvidos na realiza\u00e7\u00e3o da Vila da P\u00e1scoa 2025, para alinhar os \u00faltimos detalhes para abertura do evento, que ser\u00e1 realizado nesta sexta-feira, 4. Na reuni\u00e3o do Grupo T\u00e9cnico de Eventos (GTE), foram repassados os principais pontos para promover a melhor experi\u00eancia ao p\u00fablico.<\/p>\n<div id=\"attachment_147176\" style=\"width: 609px\" class=\"wp-caption aligncenter\"><a href=\"https:\/\/senoticias.com.br\/se\/wp-content\/uploads\/2025\/04\/IMG_0195-e1743616621632.jpeg\"><img loading=\"lazy\" decoding=\"async\" aria-describedby=\"caption-attachment-147176\" class=\"size-full wp-image-147176\" src=\"https:\/\/senoticias.com.br\/se\/wp-content\/uploads\/2025\/04\/IMG_0195-e1743616621632.jpeg\" alt=\"\" width=\"599\" height=\"332\" \/><\/a><p id=\"caption-attachment-147176\" class=\"wp-caption-text\">Foto: Thiago Santos<\/p><\/div>\n<p>Pela segunda vez, a estrutura da vila ser\u00e1 montada na regi\u00e3o dos lagos, na Orla da Atalaia, e estar\u00e1 dispon\u00edvel ao p\u00fablico at\u00e9 o dia 27 de abril de 2025, sempre das 17h \u00e0s 22h. \u201c\u00c9 uma regi\u00e3o diferente das demais vilas, mas que teve uma aceita\u00e7\u00e3o muito grande da sociedade e turistas. \u00c9 um espa\u00e7o muito bonito, apraz\u00edvel, com v\u00e1rias op\u00e7\u00f5es de entretenimento e todo o movimento alusivo \u00e0 P\u00e1scoa. E sa\u00edmos desta reuni\u00e3o com alguns compromissos de visita t\u00e9cnica, para que a gente possa efetivamente garantir mais zelo e cuidado com toda a nossa popula\u00e7\u00e3o e turistas\u201d, detalha o diretor-presidente da Funcap, Gustavo Paix\u00e3o.<\/p>\n<p>Ainda segundo Gustavo, algumas novidades deste ano s\u00e3o o teatro, que contar\u00e1 com duas apresenta\u00e7\u00f5es di\u00e1rias, sempre \u00e0s 18h30 e 20h; a roda-gigante e o espa\u00e7o multissensorial. \u201cS\u00e3o elementos que j\u00e1 foram sucessos em outros eventos do Governo do Estado, como as vilas da Crian\u00e7a e do Natal. Procuramos fazer entregas cada vez melhor nos eventos do Governo de Sergipe, porque a gente sabe da import\u00e2ncia deles para a nossa economia, turismo, assim como para valoriza\u00e7\u00e3o da nossa cultura e artesanato\u201d, destaca.<\/p>\n<p>Outra novidade desta edi\u00e7\u00e3o \u00e9 referente \u00e0 identifica\u00e7\u00e3o dos ambulantes que trabalhar\u00e3o no evento, como explica a diretora de Eventos da Secom, Jana\u00edna Rodrigues. \u201cNeste ano, os ambulantes que vendem dentro da \u00e1rea do evento receber\u00e3o um adesivo de identifica\u00e7\u00e3o para facilitar a organiza\u00e7\u00e3o junto \u00e0 Funcap e Emsurb [Empresa Municipal de Servi\u00e7os Urbanos] e a fiscaliza\u00e7\u00e3o da Vigil\u00e2ncia Sanit\u00e1ria Estadual. Ao todo, s\u00e3o 60 ambulantes cadastrados, entre pipoqueiros, vendedores de algod\u00e3o-doce, ma\u00e7\u00e3-do-amor, churros, entre outros que estar\u00e3o identificados\u201d, afirma.<\/p>\n<p><strong>Atrativos e seguran\u00e7a<\/strong><\/p>\n<p>Entre os atrativos desta edi\u00e7\u00e3o da Vila da P\u00e1scoa est\u00e3o: cenografia e ilumina\u00e7\u00e3o tem\u00e1tica; encena\u00e7\u00e3o da Paix\u00e3o de Cristo; capela, Lojinha do Coelho; pra\u00e7a de alimenta\u00e7\u00e3o, labirinto m\u00e1gico, roda-gigante, teatro; Ovo de P\u00e1scoa gigante; Toca do Coelho; f\u00e1brica de chocolate, espa\u00e7o recreativo, brinquedos acess\u00edveis e o espa\u00e7o multissensorial.<\/p>\n<p>De acordo com Gustavo Paix\u00e3o, estima-se que o espa\u00e7o deve receber um p\u00fablico de aproximadamente 150 mil pessoas nos dias de evento. \u201cNo ano passado, a m\u00e9dia foi de 5 mil pessoas circulando por dia. Claro que h\u00e1 dias de menor movimento e os de pico, com os fins de semana e a Semana Santa, que re\u00fanem um p\u00fablico maior\u201d, ressalta.<\/p>\n<p>Como nos demais eventos do Estado, o espa\u00e7o tamb\u00e9m contar\u00e1 com o Centro de Opera\u00e7\u00f5es Integradas (COI), que abriga v\u00e1rias institui\u00e7\u00f5es essenciais \u00e0 seguran\u00e7a e qualidade da programa\u00e7\u00e3o, incluindo, entre outros, o Servi\u00e7o de Atendimento M\u00f3vel de Urg\u00eancia\u00a0(Samu), o Comando da Pol\u00edcia Militar, a Pol\u00edcia Civil e o Corpo de Bombeiros Militar de Sergipe.<\/p>\n<p>O diretor de Opera\u00e7\u00f5es do Corpo de Bombeiros Militar, coronel Max Oliveira Menezes, destaca que a corpora\u00e7\u00e3o j\u00e1 est\u00e1 com o planejamento pronto para atuar na Vila da P\u00e1scoa. \u201cEstamos com o efetivo, principalmente de guarda-vidas, para promover a seguran\u00e7a na regi\u00e3o dos lagos e fazer o trabalho preventivo. Utilizamos tamb\u00e9m algumas viaturas na regi\u00e3o circunvizinha e tamb\u00e9m direcionando o atendimento na faixa de areia. Passo, tamb\u00e9m, a orienta\u00e7\u00e3o para que os pais fiquem atentos \u00e0s crian\u00e7as e que qualquer problema direcione aos militares do Corpo de Bombeiros\u201d, refor\u00e7a o coronel.<\/p>\n<p><strong>Vila da P\u00e1scoa<\/strong><\/p>\n<p>A Vila da P\u00e1scoa 2025 acontecer\u00e1 entre os dias 4 e 27 de abril, das 17h \u00e0s 22h, na Orla da Atalaia, e \u00e9 uma realiza\u00e7\u00e3o do Governo do Estado, por meio da Funda\u00e7\u00e3o de Cultura e Arte Aperip\u00ea de Sergipe (Funcap) e Secretarias de Estado da Comunica\u00e7\u00e3o (Secom), da Assist\u00eancia Social, Inclus\u00e3o e Cidadania (Seasic) e do Trabalho, Emprego e Empreendedorismo (Seteem), e conta com apoio da Netiz, Energisa e Companhia de Saneamento de Sergipe (Deso) e patroc\u00ednio do Banco do Estado de Sergipe (Banese).<\/p>\n<p><strong><em>Acompanhe tamb\u00e9m o SE Not\u00edcias no\u00a0<a href=\"https:\/\/www.instagram.com\/senoticias\/\" target=\"_blank\" rel=\"noreferrer noopener\">Instagram<\/a><\/em><\/strong>,\u00a0<strong><em>\u00a0<a href=\"https:\/\/www.facebook.com\/senoticias1\" target=\"_blank\" rel=\"noreferrer noopener\">Facebook<\/a>\u00a0e\u00a0no<\/em>\u00a0<em><a href=\"https:\/\/twitter.com\/Senoticias\">X<\/a><\/em><\/strong><\/p>\n<p>Fonte: Ag\u00eancia Sergipe de noticias<\/p>\n","protected":false},"excerpt":{"rendered":"<p>O Governo de Sergipe, por meio da Funda\u00e7\u00e3o de Cultura e Arte Aperip\u00ea de Sergipe (Funcap) e da Secretaria de Estado da Comunica\u00e7\u00e3o Social (Secom), reuniu\u00a0nesta quarta-feira, 2, representantes dos \u00f3rg\u00e3os envolvidos na realiza\u00e7\u00e3o da Vila da P\u00e1scoa 2025, para alinhar os \u00faltimos detalhes para abertura do evento, que ser\u00e1 realizado nesta sexta-feira, 4. Na [&hellip;]<\/p>\n","protected":false},"author":6557,"featured_media":0,"comment_status":"closed","ping_status":"closed","sticky":false,"template":"","format":"standard","meta":{"footnotes":""},"categories":[15],"tags":[448,43492],"class_list":{"0":"post-147175","1":"post","2":"type-post","3":"status-publish","4":"format-standard","6":"category-destaques","7":"tag-governo-de-sergipe","8":"tag-vila-de-pascoa"},"_links":{"self":[{"href":"https:\/\/senoticias.com.br\/se\/wp-json\/wp\/v2\/posts\/147175"}],"collection":[{"href":"https:\/\/senoticias.com.br\/se\/wp-json\/wp\/v2\/posts"}],"about":[{"href":"https:\/\/senoticias.com.br\/se\/wp-json\/wp\/v2\/types\/post"}],"author":[{"embeddable":true,"href":"https:\/\/senoticias.com.br\/se\/wp-json\/wp\/v2\/users\/6557"}],"replies":[{"embeddable":true,"href":"https:\/\/senoticias.com.br\/se\/wp-json\/wp\/v2\/comments?post=147175"}],"version-history":[{"count":0,"href":"https:\/\/senoticias.com.br\/se\/wp-json\/wp\/v2\/posts\/147175\/revisions"}],"wp:attachment":[{"href":"https:\/\/senoticias.com.br\/se\/wp-json\/wp\/v2\/media?parent=147175"}],"wp:term":[{"taxonomy":"category","embeddable":true,"href":"https:\/\/senoticias.com.br\/se\/wp-json\/wp\/v2\/categories?post=147175"},{"taxonomy":"post_tag","embeddable":true,"href":"https:\/\/senoticias.com.br\/se\/wp-json\/wp\/v2\/tags?post=147175"}],"curies":[{"name":"wp","href":"https:\/\/api.w.org\/{rel}","templated":true}]}}