{"id":147172,"date":"2025-04-02T14:51:29","date_gmt":"2025-04-02T17:51:29","guid":{"rendered":"https:\/\/senoticias.com.br\/se\/?p=147172"},"modified":"2025-04-02T14:51:29","modified_gmt":"2025-04-02T17:51:29","slug":"candidatos-inscritos-no-concurso-do-banese-ja-podem-conferir-seus-locais-de-prova","status":"publish","type":"post","link":"https:\/\/senoticias.com.br\/se\/candidatos-inscritos-no-concurso-do-banese-ja-podem-conferir-seus-locais-de-prova\/","title":{"rendered":"Candidatos inscritos no concurso do Banese j\u00e1 podem conferir seus locais de prova"},"content":{"rendered":"<p>Os candidatos inscritos para o concurso p\u00fablico do Banese em 2025 j\u00e1 podem consultar os locais onde realizar\u00e3o as provas e imprimir o cart\u00e3o de confirma\u00e7\u00e3o de inscri\u00e7\u00e3o. A Funda\u00e7\u00e3o Cesgranrio, banca respons\u00e1vel pela realiza\u00e7\u00e3o do certame, disponibilizou as informa\u00e7\u00f5es <a href=\"http:\/\/www.cesgranrio.org.br\/\">em seu site<\/a>, onde os inscritos tamb\u00e9m poder\u00e3o conferir todas as regras e detalhes do concurso. As provas ser\u00e3o realizadas no pr\u00f3ximo domingo, 6, com um total de 34.899 candidatos.<\/p>\n<div id=\"attachment_147173\" style=\"width: 1110px\" class=\"wp-caption aligncenter\"><a href=\"https:\/\/senoticias.com.br\/se\/wp-content\/uploads\/2025\/04\/IMG_0194.jpeg\"><img loading=\"lazy\" decoding=\"async\" aria-describedby=\"caption-attachment-147173\" class=\"size-full wp-image-147173\" src=\"https:\/\/senoticias.com.br\/se\/wp-content\/uploads\/2025\/04\/IMG_0194.jpeg\" alt=\"\" width=\"1100\" height=\"610\" srcset=\"https:\/\/senoticias.com.br\/se\/wp-content\/uploads\/2025\/04\/IMG_0194.jpeg 1100w, https:\/\/senoticias.com.br\/se\/wp-content\/uploads\/2025\/04\/IMG_0194-300x166.jpeg 300w, https:\/\/senoticias.com.br\/se\/wp-content\/uploads\/2025\/04\/IMG_0194-1024x568.jpeg 1024w, https:\/\/senoticias.com.br\/se\/wp-content\/uploads\/2025\/04\/IMG_0194-768x426.jpeg 768w\" sizes=\"(max-width: 1100px) 100vw, 1100px\" \/><\/a><p id=\"caption-attachment-147173\" class=\"wp-caption-text\">Foto: Ascom Banese<\/p><\/div>\n<p>Aqueles que, ap\u00f3s a divulga\u00e7\u00e3o dos locais de prova, tiverem d\u00favidas sobre endere\u00e7o, vagas reservadas, nome social ou adapta\u00e7\u00f5es razo\u00e1veis para a participa\u00e7\u00e3o no concurso, devem entrar em contato com a Cesgranrio nos pr\u00f3ximos dias 3 e 4, atrav\u00e9s do telefone <a href=\"tel:0800 701 2028\">0800 701 2028<\/a>, das 9h \u00e0s 17h. As provas ser\u00e3o aplicadas em Aracaju, Est\u00e2ncia, Itabaiana, Nossa Senhora da Gl\u00f3ria e Propri\u00e1. O resultado final do processo seletivo est\u00e1 previsto para o dia 17 de junho.<\/p>\n<p>Esse \u00e9 o primeiro concurso do Banese em 2025, e est\u00e3o sendo disponibilizadas 55 vagas para preenchimento imediato, sendo 35 para o N\u00edvel M\u00e9dio (T\u00e9cnico Banc\u00e1rio I), 20 para o N\u00edvel Superior (T\u00e9cnico Banc\u00e1rio III), e mais 800 vagas para forma\u00e7\u00e3o de Cadastro de Reserva. Os convocados \u00e0s vagas de T\u00e9cnico Banc\u00e1rio I ter\u00e3o sal\u00e1rio inicial de R$ 2.916,30 e ap\u00f3s tr\u00eas meses, esse valor passar\u00e1 para R$ 3.197,22. J\u00e1 para os convocados como T\u00e9cnico Banc\u00e1rio III, o sal\u00e1rio ser\u00e1 de R$ 5.720,79.<\/p>\n<p>Entre os benef\u00edcios de ser um funcion\u00e1rio Banese est\u00e3o: vale-alimenta\u00e7\u00e3o; vale-refei\u00e7\u00e3o; aux\u00edlio-creche; gratifica\u00e7\u00e3o semestral paga nos meses de janeiro e julho referentes ao valor do sal\u00e1rio mensal, e proporcional aos meses trabalhados; vale-transporte; participa\u00e7\u00e3o nos lucros e resultados mediante aplica\u00e7\u00e3o das regras estabelecidas em Conven\u00e7\u00e3o Coletiva; plano de sa\u00fade m\u00e9dico e odontol\u00f3gico; e plano de previd\u00eancia complementar.<\/p>\n<p><strong><em>Acompanhe tamb\u00e9m o SE Not\u00edcias no\u00a0<a href=\"https:\/\/www.instagram.com\/senoticias\/\" target=\"_blank\" rel=\"noreferrer noopener\">Instagram<\/a><\/em><\/strong>,\u00a0<strong><em>\u00a0<a href=\"https:\/\/www.facebook.com\/senoticias1\" target=\"_blank\" rel=\"noreferrer noopener\">Facebook<\/a>\u00a0e\u00a0no<\/em>\u00a0<em><a href=\"https:\/\/twitter.com\/Senoticias\">X<\/a><\/em><\/strong><\/p>\n<p>Fonte: Ag\u00eancia Sergipe de noticias<\/p>\n","protected":false},"excerpt":{"rendered":"<p>Os candidatos inscritos para o concurso p\u00fablico do Banese em 2025 j\u00e1 podem consultar os locais onde realizar\u00e3o as provas e imprimir o cart\u00e3o de confirma\u00e7\u00e3o de inscri\u00e7\u00e3o. A Funda\u00e7\u00e3o Cesgranrio, banca respons\u00e1vel pela realiza\u00e7\u00e3o do certame, disponibilizou as informa\u00e7\u00f5es em seu site, onde os inscritos tamb\u00e9m poder\u00e3o conferir todas as regras e detalhes do [&hellip;]<\/p>\n","protected":false},"author":6557,"featured_media":0,"comment_status":"closed","ping_status":"closed","sticky":false,"template":"","format":"standard","meta":{"footnotes":""},"categories":[15],"tags":[16958],"class_list":{"0":"post-147172","1":"post","2":"type-post","3":"status-publish","4":"format-standard","6":"category-destaques","7":"tag-concurso-do-banese"},"_links":{"self":[{"href":"https:\/\/senoticias.com.br\/se\/wp-json\/wp\/v2\/posts\/147172"}],"collection":[{"href":"https:\/\/senoticias.com.br\/se\/wp-json\/wp\/v2\/posts"}],"about":[{"href":"https:\/\/senoticias.com.br\/se\/wp-json\/wp\/v2\/types\/post"}],"author":[{"embeddable":true,"href":"https:\/\/senoticias.com.br\/se\/wp-json\/wp\/v2\/users\/6557"}],"replies":[{"embeddable":true,"href":"https:\/\/senoticias.com.br\/se\/wp-json\/wp\/v2\/comments?post=147172"}],"version-history":[{"count":0,"href":"https:\/\/senoticias.com.br\/se\/wp-json\/wp\/v2\/posts\/147172\/revisions"}],"wp:attachment":[{"href":"https:\/\/senoticias.com.br\/se\/wp-json\/wp\/v2\/media?parent=147172"}],"wp:term":[{"taxonomy":"category","embeddable":true,"href":"https:\/\/senoticias.com.br\/se\/wp-json\/wp\/v2\/categories?post=147172"},{"taxonomy":"post_tag","embeddable":true,"href":"https:\/\/senoticias.com.br\/se\/wp-json\/wp\/v2\/tags?post=147172"}],"curies":[{"name":"wp","href":"https:\/\/api.w.org\/{rel}","templated":true}]}}