{"id":147148,"date":"2025-04-01T14:09:06","date_gmt":"2025-04-01T17:09:06","guid":{"rendered":"https:\/\/senoticias.com.br\/se\/?p=147148"},"modified":"2025-04-01T14:09:06","modified_gmt":"2025-04-01T17:09:06","slug":"policia-militar-apreende-cerca-de-3-kg-de-cocaina-na-barra-dos-coqueiros","status":"publish","type":"post","link":"https:\/\/senoticias.com.br\/se\/policia-militar-apreende-cerca-de-3-kg-de-cocaina-na-barra-dos-coqueiros\/","title":{"rendered":"Pol\u00edcia Militar apreende cerca de 3 kg de coca\u00edna na Barra dos Coqueiros"},"content":{"rendered":"<p>Policiais do Batalh\u00e3o de Pol\u00edcia de Radiopatrulha (BPRp) efetuaram a apreens\u00e3o de aproximadamente 3 kg de coca\u00edna. O fato ocorreu no povoado Capu\u00e3, munic\u00edpio de Barra dos Coqueiros, na tarde desta segunda-feira (31).<\/p>\n<p><a href=\"https:\/\/senoticias.com.br\/se\/wp-content\/uploads\/2025\/04\/IMG_0188-e1743527281895.jpeg\"><img loading=\"lazy\" decoding=\"async\" class=\"size-full wp-image-147149 aligncenter\" src=\"https:\/\/senoticias.com.br\/se\/wp-content\/uploads\/2025\/04\/IMG_0188-e1743527281895.jpeg\" alt=\"\" width=\"599\" height=\"399\" \/><\/a><\/p>\n<p>Durante patrulhamento, os militares receberam informa\u00e7\u00f5es sobre movimenta\u00e7\u00f5es suspeitas em uma \u00e1rea de mata \u00e0s margens da Rodovia SE-100.<\/p>\n<p>Ao chegar no local, os policiais perceberam ind\u00edcios de escava\u00e7\u00f5es recentes. Ap\u00f3s buscas no local, a equipe encontrou cerca de 3 kg de subst\u00e2ncia an\u00e1loga a coca\u00edna, al\u00e9m de 70 gramas de maconha, balan\u00e7as de precis\u00e3o, materiais para embalagem de\u00a0drogas e uma placa veicular.<\/p>\n<p>Todo material apreendido foi encaminhado ao Departamento de Narc\u00f3ticos (Denarc) para ado\u00e7\u00e3o das medidas legais cab\u00edveis.<\/p>\n<p><strong><em>Acompanhe tamb\u00e9m o SE Not\u00edcias no <a href=\"https:\/\/www.instagram.com\/senoticias\/\" target=\"_blank\" rel=\"noreferrer noopener\">Instagram<\/a><\/em><\/strong>,\u00a0<strong><em>\u00a0<a href=\"https:\/\/www.facebook.com\/senoticias1\" target=\"_blank\" rel=\"noreferrer noopener\">Facebook<\/a>\u00a0e\u00a0no<\/em>\u00a0<em><a href=\"https:\/\/twitter.com\/Senoticias\">X<\/a><\/em><\/strong><\/p>\n<p>Fonte: Ascom \/ PMSE<\/p>\n<p>&nbsp;<\/p>\n","protected":false},"excerpt":{"rendered":"<p>Policiais do Batalh\u00e3o de Pol\u00edcia de Radiopatrulha (BPRp) efetuaram a apreens\u00e3o de aproximadamente 3 kg de coca\u00edna. O fato ocorreu no povoado Capu\u00e3, munic\u00edpio de Barra dos Coqueiros, na tarde desta segunda-feira (31). Durante patrulhamento, os militares receberam informa\u00e7\u00f5es sobre movimenta\u00e7\u00f5es suspeitas em uma \u00e1rea de mata \u00e0s margens da Rodovia SE-100. Ao chegar no [&hellip;]<\/p>\n","protected":false},"author":6557,"featured_media":0,"comment_status":"closed","ping_status":"closed","sticky":false,"template":"","format":"standard","meta":{"footnotes":""},"categories":[15,7],"tags":[3948,86],"class_list":{"0":"post-147148","1":"post","2":"type-post","3":"status-publish","4":"format-standard","6":"category-destaques","7":"category-policia","8":"tag-apreensao-de-drogas","9":"tag-policia-militar"},"_links":{"self":[{"href":"https:\/\/senoticias.com.br\/se\/wp-json\/wp\/v2\/posts\/147148"}],"collection":[{"href":"https:\/\/senoticias.com.br\/se\/wp-json\/wp\/v2\/posts"}],"about":[{"href":"https:\/\/senoticias.com.br\/se\/wp-json\/wp\/v2\/types\/post"}],"author":[{"embeddable":true,"href":"https:\/\/senoticias.com.br\/se\/wp-json\/wp\/v2\/users\/6557"}],"replies":[{"embeddable":true,"href":"https:\/\/senoticias.com.br\/se\/wp-json\/wp\/v2\/comments?post=147148"}],"version-history":[{"count":0,"href":"https:\/\/senoticias.com.br\/se\/wp-json\/wp\/v2\/posts\/147148\/revisions"}],"wp:attachment":[{"href":"https:\/\/senoticias.com.br\/se\/wp-json\/wp\/v2\/media?parent=147148"}],"wp:term":[{"taxonomy":"category","embeddable":true,"href":"https:\/\/senoticias.com.br\/se\/wp-json\/wp\/v2\/categories?post=147148"},{"taxonomy":"post_tag","embeddable":true,"href":"https:\/\/senoticias.com.br\/se\/wp-json\/wp\/v2\/tags?post=147148"}],"curies":[{"name":"wp","href":"https:\/\/api.w.org\/{rel}","templated":true}]}}