{"id":147144,"date":"2025-04-01T11:59:52","date_gmt":"2025-04-01T14:59:52","guid":{"rendered":"https:\/\/senoticias.com.br\/se\/?p=147144"},"modified":"2025-04-01T12:08:36","modified_gmt":"2025-04-01T15:08:36","slug":"musculacao-protege-cerebro-de-idosos-contra-demencia-diz-estudo","status":"publish","type":"post","link":"https:\/\/senoticias.com.br\/se\/musculacao-protege-cerebro-de-idosos-contra-demencia-diz-estudo\/","title":{"rendered":"Muscula\u00e7\u00e3o protege c\u00e9rebro de idosos contra dem\u00eancia, diz estudo"},"content":{"rendered":"<p>Manter uma rotina de muscula\u00e7\u00e3o n\u00e3o traz apenas benef\u00edcios como aumento de for\u00e7a e resist\u00eancia, melhora na postura e preven\u00e7\u00e3o contra les\u00f5es. Um estudo de enfoque original, desenvolvido no Instituto de Pesquisa sobre Neuroci\u00eancias e Neurotecnologia (Brainn), da Funda\u00e7\u00e3o de Amparo \u00e0 Pesquisa do Estado de S\u00e3o Paulo (Fapesp), confirmou que a atividade protege o c\u00e9rebro de idosos contra dem\u00eancias.<\/p>\n<div id=\"attachment_147145\" style=\"width: 572px\" class=\"wp-caption aligncenter\"><a href=\"https:\/\/senoticias.com.br\/se\/wp-content\/uploads\/2025\/04\/Idosa-SE-Noticias.jpg\"><img loading=\"lazy\" decoding=\"async\" aria-describedby=\"caption-attachment-147145\" class=\"size-full wp-image-147145\" src=\"https:\/\/senoticias.com.br\/se\/wp-content\/uploads\/2025\/04\/Idosa-SE-Noticias.jpg\" alt=\"\" width=\"562\" height=\"336\" srcset=\"https:\/\/senoticias.com.br\/se\/wp-content\/uploads\/2025\/04\/Idosa-SE-Noticias.jpg 562w, https:\/\/senoticias.com.br\/se\/wp-content\/uploads\/2025\/04\/Idosa-SE-Noticias-300x179.jpg 300w\" sizes=\"(max-width: 562px) 100vw, 562px\" \/><\/a><p id=\"caption-attachment-147145\" class=\"wp-caption-text\">Pr\u00e1tica tamb\u00e9m promove melhoras de mem\u00f3ria e na anatomia cerebral &#8211; Foto: Rovena Rosa\/Ag\u00eancia Brasil<\/p><\/div>\n<p>Detalhado em artigo da revista GeroScience, o estudo acompanhou 44 pessoas que j\u00e1 apresentavam um comprometimento cognitivo leve, est\u00e1gio que fica entre o comprometimento do envelhecimento normal e a doen\u00e7a de Alzheimer, a forma mais comum de dem\u00eancia. O que se descobriu foi que praticar muscula\u00e7\u00e3o duas vezes por semana, com intensidade moderada ou alta, preservou o hipocampo e o pr\u00e9-c\u00faneo, \u00e1reas cerebrais que se alteram quando esse diagn\u00f3stico.<\/p>\n<div class=\"mceTemp\">Com ineditismo, os 16 pesquisadores tamb\u00e9m identificaram outro impacto positivo: o de melhora na chamada subst\u00e2ncia branca, parte do c\u00e9rebro que opera em conjunto com a massa cinzenta, por meio de ax\u00f4nios, para garantir a conex\u00e3o entre neur\u00f4nios, mediante as sinapses. As vantagens chegaram \u00e0 metade dos participantes, a dos que incorporaram a muscula\u00e7\u00e3o ao seu cotidiano, j\u00e1 ap\u00f3s seis meses e h\u00e1 possibilidade de que o impacto seja ainda mais expressivo, caso o per\u00edodo seja maior.&#8221;No grupo que praticou muscula\u00e7\u00e3o, todos os indiv\u00edduos apresentaram melhoras de mem\u00f3ria e na anatomia cerebral. No entanto, cinco deles chegaram ao final do estudo sem o diagn\u00f3stico cl\u00ednico de comprometimento cognitivo leve, tamanha foi a melhora&#8221;, ressalta a primeira autora do artigo, a bolsista de doutorado da Fapesp Isadora Ribeiro, vinculada \u00e0 Faculdade de Ci\u00eancias M\u00e9dicas da Universidade Estadual de Campinas (Unicamp).<\/p>\n<p>Para analisar os poss\u00edveis efeitos da muscula\u00e7\u00e3o no c\u00e9rebro dos participantes, a equipe respons\u00e1vel pela pesquisa realizou testes neuropsicol\u00f3gicos e exames de resson\u00e2ncia magn\u00e9tica. Os especialistas buscavam comparar \u00edndices e imagens, uma vez que j\u00e1 se sabe que, entre pessoas com perdas cognitivas, h\u00e1 atrofia, isto \u00e9, redu\u00e7\u00e3o do volume de certas regi\u00f5es do c\u00e9rebro.<\/p>\n<p>Atualmente, no Brasil, cerca de 2,71 milh\u00f5es de pessoas com 60 anos ou mais convivem com quadros de dem\u00eancia, o que corresponde a 8,5% desse grupo populacional. De acordo com o Relat\u00f3rio Nacional sobre a Dem\u00eancia, lan\u00e7ado pelo Minist\u00e9rio da Sa\u00fade em setembro do ano passado, essa quantidade deve dobrar at\u00e9 2050, subindo para 5,6 milh\u00f5es.<\/p>\n<p>O relat\u00f3rio sublinha que praticamente metade (45%) dos casos de dem\u00eancia poderiam ser evitados ou, pelo menos, faz com que chegue mais tarde. Entre os fatores que aumentam as probabilidades de se desenvolver dem\u00eancias est\u00e3o:<\/p>\n<p><strong>&gt;<\/strong>Baixa escolaridade<br \/>\n<strong>&gt;<\/strong>Perda auditiva<br \/>\n<strong>&gt;<\/strong>Hipertens\u00e3o<br \/>\n<strong>&gt;<\/strong>Diabetes<br \/>\n<strong>&gt;<\/strong>Obesidade<br \/>\n<strong>&gt;<\/strong>Tabagismo<br \/>\n<strong>&gt;<\/strong>Depress\u00e3o<br \/>\n<strong>&gt;<\/strong>Inatividade f\u00edsica<br \/>\n<strong>&gt;<\/strong>Isolamento social.<br \/>\n<strong>&gt;<\/strong>Bem-estar<\/p>\n<p>A professora aposentada, atriz e modelo Shirley de Toro, de 62 anos (na foto de destaque), \u00e9 vizinha da unidade Sesc Santana, em S\u00e3o Paulo, e h\u00e1 17 anos bate cart\u00e3o no local para se exercitar. Passou a frequent\u00e1-la desde a inaugura\u00e7\u00e3o, inicialmente pela programa\u00e7\u00e3o art\u00edstico-cultural e depois para manter o corpo fortalecido.<\/p>\n<p>Com hist\u00f3rico de sa\u00fade marcado por epis\u00f3dios de epilepsia e um acidente, ela considera a atividade como fundamental para seu bem-estar no presente e no futuro.<\/p>\n<p>&#8220;H\u00e1 20 anos, fiz uma cirurgia no c\u00e9rebro, porque tinha epilepsia, e, antes disso, n\u00e3o fazia nada. S\u00f3 trabalhava, trabalhava, mas nunca foquei em academia. Depois, percebi a necessidade disso, a\u00ed comecei a fazer caminhada\u201d, diz Shirley.<\/p>\n<p>Ela conta tamb\u00e9m que, ap\u00f3s ter sido atropelada, h\u00e1 cerca de 10 anos, descobriu os benef\u00edcios da muscula\u00e7\u00e3o para a melhora das dores.<\/p>\n<p>&#8220;Quebrei clav\u00edcula, costela, uma parte da coluna e isso foi o desencadeador para o esporte, porque eu fazia fisioterapia e sa\u00eda chorando de dor. Simplesmente acabaram com meu bra\u00e7o. Tenho uma placa e do\u00eda demais. Quando vim para a academia, comecei a fazer exerc\u00edcios de for\u00e7a e pararam as dores. Melhorou muito. Fa\u00e7o todo tipo de exerc\u00edcio, pego peso&#8221;, emenda.<\/p>\n<p>Durante a pandemia de Covid-19, Shirley vivia com a filha mais nova e perdeu sua m\u00e3e, que morava no apartamento de baixo. No per\u00edodo, cumprir o ritual de exerc\u00edcios f\u00edsicos, ainda que pela internet, todos os dias, foi o que conservou sua sa\u00fade mental.<\/p>\n<p>&#8220;Eu sinto falta hoje em dia. A gente acha que nunca vai sentir falta, n\u00e9. Pensa: &#8216;ah, \u00e9 chato&#8221;. Hoje eu sinto falta. Quando vou trabalhar, subo as escadarias do metr\u00f4, para dar um jeito [de me manter em movimento]&#8221;, diz a atriz, que pratica gin\u00e1stica multifuncional.<\/p>\n<p><strong><em>Acompanhe tamb\u00e9m o SE Not\u00edcias no\u00a0<a href=\"https:\/\/www.instagram.com\/senoticias\/\" target=\"_blank\" rel=\"noreferrer noopener\">Instagram<\/a><\/em><\/strong>,\u00a0<strong><em>\u00a0<a href=\"https:\/\/www.facebook.com\/senoticias1\" target=\"_blank\" rel=\"noreferrer noopener\">Facebook<\/a>\u00a0e\u00a0no<\/em>\u00a0<em><a href=\"https:\/\/twitter.com\/Senoticias\">X<\/a><\/em><\/strong><\/p>\n<p>Fonte: Ag\u00eancia Brasil<\/p>\n<\/div>\n","protected":false},"excerpt":{"rendered":"<p>Manter uma rotina de muscula\u00e7\u00e3o n\u00e3o traz apenas benef\u00edcios como aumento de for\u00e7a e resist\u00eancia, melhora na postura e preven\u00e7\u00e3o contra les\u00f5es. Um estudo de enfoque original, desenvolvido no Instituto de Pesquisa sobre Neuroci\u00eancias e Neurotecnologia (Brainn), da Funda\u00e7\u00e3o de Amparo \u00e0 Pesquisa do Estado de S\u00e3o Paulo (Fapesp), confirmou que a atividade protege o [&hellip;]<\/p>\n","protected":false},"author":6557,"featured_media":147145,"comment_status":"closed","ping_status":"closed","sticky":false,"template":"","format":"standard","meta":{"footnotes":""},"categories":[15,2961],"tags":[43484,41593,156,3631,3630,40132,14443,43483,6190,36086,1933],"class_list":{"0":"post-147144","1":"post","2":"type-post","3":"status-publish","4":"format-standard","5":"has-post-thumbnail","7":"category-destaques","8":"category-nacional","9":"tag-baixa-escolaridade","10":"tag-bem-estar","11":"tag-depressao","12":"tag-diabetes","13":"tag-hipertensao","14":"tag-inatividade-fisica","15":"tag-isolamento-social","16":"tag-musculacao","17":"tag-obesidade","18":"tag-perda-auditiva","19":"tag-tabagismo"},"_links":{"self":[{"href":"https:\/\/senoticias.com.br\/se\/wp-json\/wp\/v2\/posts\/147144"}],"collection":[{"href":"https:\/\/senoticias.com.br\/se\/wp-json\/wp\/v2\/posts"}],"about":[{"href":"https:\/\/senoticias.com.br\/se\/wp-json\/wp\/v2\/types\/post"}],"author":[{"embeddable":true,"href":"https:\/\/senoticias.com.br\/se\/wp-json\/wp\/v2\/users\/6557"}],"replies":[{"embeddable":true,"href":"https:\/\/senoticias.com.br\/se\/wp-json\/wp\/v2\/comments?post=147144"}],"version-history":[{"count":0,"href":"https:\/\/senoticias.com.br\/se\/wp-json\/wp\/v2\/posts\/147144\/revisions"}],"wp:featuredmedia":[{"embeddable":true,"href":"https:\/\/senoticias.com.br\/se\/wp-json\/wp\/v2\/media\/147145"}],"wp:attachment":[{"href":"https:\/\/senoticias.com.br\/se\/wp-json\/wp\/v2\/media?parent=147144"}],"wp:term":[{"taxonomy":"category","embeddable":true,"href":"https:\/\/senoticias.com.br\/se\/wp-json\/wp\/v2\/categories?post=147144"},{"taxonomy":"post_tag","embeddable":true,"href":"https:\/\/senoticias.com.br\/se\/wp-json\/wp\/v2\/tags?post=147144"}],"curies":[{"name":"wp","href":"https:\/\/api.w.org\/{rel}","templated":true}]}}