{"id":147139,"date":"2025-03-31T14:30:42","date_gmt":"2025-03-31T17:30:42","guid":{"rendered":"https:\/\/senoticias.com.br\/se\/?p=147139"},"modified":"2025-03-31T14:30:42","modified_gmt":"2025-03-31T17:30:42","slug":"cristiano-cavalcante-apresenta-projeto-para-fortalecer-familias-e-combater-a-violencia-infantil-em-sergipe","status":"publish","type":"post","link":"https:\/\/senoticias.com.br\/se\/cristiano-cavalcante-apresenta-projeto-para-fortalecer-familias-e-combater-a-violencia-infantil-em-sergipe\/","title":{"rendered":"Cristiano Cavalcante apresenta projeto para fortalecer fam\u00edlias e combater a viol\u00eancia infantil em Sergipe"},"content":{"rendered":"<p>Com o compromisso de promover um ambiente familiar mais seguro e acolhedor para crian\u00e7as e adolescentes, o deputado estadual Cristiano Cavalcante (UB) apresentou, na Assembleia Legislativa de Sergipe, o Projeto de Lei n\u00ba 29\/2025, que institui o Programa de Promo\u00e7\u00e3o da Parentalidade Positiva.<\/p>\n<div id=\"attachment_147140\" style=\"width: 568px\" class=\"wp-caption aligncenter\"><a href=\"https:\/\/senoticias.com.br\/se\/wp-content\/uploads\/2025\/03\/IMG_0187.jpeg\"><img loading=\"lazy\" decoding=\"async\" aria-describedby=\"caption-attachment-147140\" class=\"wp-image-147140 size-full\" src=\"https:\/\/senoticias.com.br\/se\/wp-content\/uploads\/2025\/03\/IMG_0187.jpeg\" alt=\"\" width=\"558\" height=\"427\" srcset=\"https:\/\/senoticias.com.br\/se\/wp-content\/uploads\/2025\/03\/IMG_0187.jpeg 558w, https:\/\/senoticias.com.br\/se\/wp-content\/uploads\/2025\/03\/IMG_0187-300x230.jpeg 300w, https:\/\/senoticias.com.br\/se\/wp-content\/uploads\/2025\/03\/IMG_0187-45x35.jpeg 45w\" sizes=\"(max-width: 558px) 100vw, 558px\" \/><\/a><p id=\"caption-attachment-147140\" class=\"wp-caption-text\">Deputado Cristiano apresenta projeto para fortalecer fam\u00edlias e combater a viol\u00eancia infantil &#8211; Foto: ascom\/divulga\u00e7\u00e3o<\/p><\/div>\n<p>Segundo o parlamentar, a proposta busca fortalecer os v\u00ednculos familiares, capacitar pais e respons\u00e1veis e estabelecer estrat\u00e9gias eficazes de preven\u00e7\u00e3o \u00e0 viol\u00eancia infantil.<\/p>\n<p>&#8220;A viol\u00eancia contra crian\u00e7as e adolescentes \u00e9 um problema que precisa ser enfrentado com a\u00e7\u00f5es concretas. Com este programa, queremos oferecer suporte \u00e0s fam\u00edlias, promovendo pr\u00e1ticas educativas baseadas no respeito, no di\u00e1logo e no cuidado&#8221;, afirmou Cristiano Cavalcante.<\/p>\n<p>Entre as principais a\u00e7\u00f5es do programa, est\u00e3o a capacita\u00e7\u00e3o para pais e cuidadores sobre pr\u00e1ticas de parentalidade positiva; a cria\u00e7\u00e3o de grupos de apoio familiar, permitindo a troca de experi\u00eancias e orienta\u00e7\u00f5es; as campanhas educativas para conscientizar sobre os direitos da crian\u00e7a e do adolescente; o atendimento psicossocial e apoio jur\u00eddico para fam\u00edlias em situa\u00e7\u00e3o de vulnerabilidade; e a integra\u00e7\u00e3o entre os servi\u00e7os de sa\u00fade, educa\u00e7\u00e3o e assist\u00eancia social.<\/p>\n<p>&#8220;Nosso objetivo \u00e9 apoiar as fam\u00edlias, garantindo que pais e respons\u00e1veis tenham acesso a informa\u00e7\u00f5es e ferramentas que possibilitem uma cria\u00e7\u00e3o mais saud\u00e1vel e equilibrada. Investir na parentalidade positiva \u00e9 investir no futuro das nossas crian\u00e7as e na constru\u00e7\u00e3o de uma sociedade mais justa&#8221;, concluiu o deputado.<\/p>\n<p><strong><em>Acompanhe tamb\u00e9m o SE Not\u00edcias no <a href=\"https:\/\/www.instagram.com\/senoticias\/\" target=\"_blank\" rel=\"noreferrer noopener\">Instagram<\/a><\/em><\/strong>,\u00a0<strong><em>\u00a0<a href=\"https:\/\/www.facebook.com\/senoticias1\" target=\"_blank\" rel=\"noreferrer noopener\">Facebook<\/a>\u00a0e\u00a0no<\/em>\u00a0<em><a href=\"https:\/\/twitter.com\/Senoticias\">X<\/a><\/em><\/strong><br \/>\nDa Assessoria de Comunica\u00e7\u00e3o<\/p>\n","protected":false},"excerpt":{"rendered":"<p>Com o compromisso de promover um ambiente familiar mais seguro e acolhedor para crian\u00e7as e adolescentes, o deputado estadual Cristiano Cavalcante (UB) apresentou, na Assembleia Legislativa de Sergipe, o Projeto de Lei n\u00ba 29\/2025, que institui o Programa de Promo\u00e7\u00e3o da Parentalidade Positiva. Segundo o parlamentar, a proposta busca fortalecer os v\u00ednculos familiares, capacitar pais [&hellip;]<\/p>\n","protected":false},"author":6557,"featured_media":0,"comment_status":"closed","ping_status":"closed","sticky":false,"template":"","format":"standard","meta":{"footnotes":""},"categories":[15],"tags":[14638,43480],"class_list":{"0":"post-147139","1":"post","2":"type-post","3":"status-publish","4":"format-standard","6":"category-destaques","7":"tag-cristiano-cavalcante","8":"tag-violencia-infantil"},"_links":{"self":[{"href":"https:\/\/senoticias.com.br\/se\/wp-json\/wp\/v2\/posts\/147139"}],"collection":[{"href":"https:\/\/senoticias.com.br\/se\/wp-json\/wp\/v2\/posts"}],"about":[{"href":"https:\/\/senoticias.com.br\/se\/wp-json\/wp\/v2\/types\/post"}],"author":[{"embeddable":true,"href":"https:\/\/senoticias.com.br\/se\/wp-json\/wp\/v2\/users\/6557"}],"replies":[{"embeddable":true,"href":"https:\/\/senoticias.com.br\/se\/wp-json\/wp\/v2\/comments?post=147139"}],"version-history":[{"count":0,"href":"https:\/\/senoticias.com.br\/se\/wp-json\/wp\/v2\/posts\/147139\/revisions"}],"wp:attachment":[{"href":"https:\/\/senoticias.com.br\/se\/wp-json\/wp\/v2\/media?parent=147139"}],"wp:term":[{"taxonomy":"category","embeddable":true,"href":"https:\/\/senoticias.com.br\/se\/wp-json\/wp\/v2\/categories?post=147139"},{"taxonomy":"post_tag","embeddable":true,"href":"https:\/\/senoticias.com.br\/se\/wp-json\/wp\/v2\/tags?post=147139"}],"curies":[{"name":"wp","href":"https:\/\/api.w.org\/{rel}","templated":true}]}}