{"id":147135,"date":"2025-03-31T14:20:36","date_gmt":"2025-03-31T17:20:36","guid":{"rendered":"https:\/\/senoticias.com.br\/se\/?p=147135"},"modified":"2025-03-31T14:33:38","modified_gmt":"2025-03-31T17:33:38","slug":"governo-autoriza-reajuste-de-ate-506-no-preco-de-medicamentos-a-partir-desta-segunda-feira-31","status":"publish","type":"post","link":"https:\/\/senoticias.com.br\/se\/governo-autoriza-reajuste-de-ate-506-no-preco-de-medicamentos-a-partir-desta-segunda-feira-31\/","title":{"rendered":"Governo autoriza reajuste de at\u00e9 5,06% no pre\u00e7o de medicamentos a partir desta segunda-feira, 31"},"content":{"rendered":"<p>O governo federal autorizou reajuste m\u00e1ximo de 5,06% no pre\u00e7o de medicamentos a partir desta segunda-feira, 31 de mar\u00e7o, conforme resolu\u00e7\u00e3o publicada no Di\u00e1rio Oficial da Uni\u00e3o (DOU). A decis\u00e3o \u00e9 da C\u00e2mara de Regula\u00e7\u00e3o do Mercado de Medicamentos (CMED), \u00f3rg\u00e3o interministerial respons\u00e1vel pela regula\u00e7\u00e3o do segmento. O \u00edndice de aumento corresponde \u00e0 infla\u00e7\u00e3o medida pelo \u00cdndice Nacional de Pre\u00e7os ao Consumidor Amplo (IPCA) em 12 meses encerrados em fevereiro.<\/p>\n<div id=\"attachment_147136\" style=\"width: 586px\" class=\"wp-caption aligncenter\"><a href=\"https:\/\/senoticias.com.br\/se\/wp-content\/uploads\/2025\/03\/IMG_0185.jpeg\"><img loading=\"lazy\" decoding=\"async\" aria-describedby=\"caption-attachment-147136\" class=\"wp-image-147136 size-full\" src=\"https:\/\/senoticias.com.br\/se\/wp-content\/uploads\/2025\/03\/IMG_0185.jpeg\" alt=\"\" width=\"576\" height=\"768\" srcset=\"https:\/\/senoticias.com.br\/se\/wp-content\/uploads\/2025\/03\/IMG_0185.jpeg 576w, https:\/\/senoticias.com.br\/se\/wp-content\/uploads\/2025\/03\/IMG_0185-225x300.jpeg 225w\" sizes=\"(max-width: 576px) 100vw, 576px\" \/><\/a><p id=\"caption-attachment-147136\" class=\"wp-caption-text\">O ajuste de pre\u00e7os de rem\u00e9dios \u00e9 anual &#8211; Foto: SE Not\u00edcias\/arquivo<\/p><\/div>\n<p>De acordo com o ato, o reajuste seguir\u00e1 tr\u00eas faixas, conforme a classe terap\u00eautica dos medicamentos: o rem\u00e9dio de n\u00edvel 1, poder\u00e1 ter o aumento m\u00e1ximo de 5,06%; o de n\u00edvel 2, seguir\u00e1 o \u00edndice de 3,83%; e o de n\u00edvel 3, 2,60%.<\/p>\n<p>O ajuste de pre\u00e7os de rem\u00e9dios \u00e9 anual. Em 2024, o teto do reajuste dos valores foi de 4,5%.<\/p>\n<p>&#8220;As empresas detentoras de registro de medicamentos dever\u00e3o dar ampla publicidade aos pre\u00e7os de seus produtos, por meio de publica\u00e7\u00f5es em m\u00eddias especializadas de grande circula\u00e7\u00e3o, n\u00e3o podendo ser superiores aos pre\u00e7os publicados pela CMED no Portal da Anvisa (Ag\u00eancia Nacional de Vigil\u00e2ncia Sanit\u00e1ria)&#8221;, cita a resolu\u00e7\u00e3o.<\/p>\n<p>Fonte: SE Not\u00edcias<\/p>\n","protected":false},"excerpt":{"rendered":"<p>O governo federal autorizou reajuste m\u00e1ximo de 5,06% no pre\u00e7o de medicamentos a partir desta segunda-feira, 31 de mar\u00e7o, conforme resolu\u00e7\u00e3o publicada no Di\u00e1rio Oficial da Uni\u00e3o (DOU). A decis\u00e3o \u00e9 da C\u00e2mara de Regula\u00e7\u00e3o do Mercado de Medicamentos (CMED), \u00f3rg\u00e3o interministerial respons\u00e1vel pela regula\u00e7\u00e3o do segmento. O \u00edndice de aumento corresponde \u00e0 infla\u00e7\u00e3o medida [&hellip;]<\/p>\n","protected":false},"author":6557,"featured_media":0,"comment_status":"closed","ping_status":"closed","sticky":false,"template":"","format":"standard","meta":{"footnotes":""},"categories":[15,6],"tags":[43479],"class_list":{"0":"post-147135","1":"post","2":"type-post","3":"status-publish","4":"format-standard","6":"category-destaques","7":"category-politica","8":"tag-reajuste-de-precos"},"_links":{"self":[{"href":"https:\/\/senoticias.com.br\/se\/wp-json\/wp\/v2\/posts\/147135"}],"collection":[{"href":"https:\/\/senoticias.com.br\/se\/wp-json\/wp\/v2\/posts"}],"about":[{"href":"https:\/\/senoticias.com.br\/se\/wp-json\/wp\/v2\/types\/post"}],"author":[{"embeddable":true,"href":"https:\/\/senoticias.com.br\/se\/wp-json\/wp\/v2\/users\/6557"}],"replies":[{"embeddable":true,"href":"https:\/\/senoticias.com.br\/se\/wp-json\/wp\/v2\/comments?post=147135"}],"version-history":[{"count":0,"href":"https:\/\/senoticias.com.br\/se\/wp-json\/wp\/v2\/posts\/147135\/revisions"}],"wp:attachment":[{"href":"https:\/\/senoticias.com.br\/se\/wp-json\/wp\/v2\/media?parent=147135"}],"wp:term":[{"taxonomy":"category","embeddable":true,"href":"https:\/\/senoticias.com.br\/se\/wp-json\/wp\/v2\/categories?post=147135"},{"taxonomy":"post_tag","embeddable":true,"href":"https:\/\/senoticias.com.br\/se\/wp-json\/wp\/v2\/tags?post=147135"}],"curies":[{"name":"wp","href":"https:\/\/api.w.org\/{rel}","templated":true}]}}