{"id":147122,"date":"2025-03-31T08:07:12","date_gmt":"2025-03-31T11:07:12","guid":{"rendered":"https:\/\/senoticias.com.br\/se\/?p=147122"},"modified":"2025-03-31T11:47:28","modified_gmt":"2025-03-31T14:47:28","slug":"marinha-do-brasil-vai-investigar-responsabilidades-do-acidente-com-jet-ski-que-matou-medico-cardiologista","status":"publish","type":"post","link":"https:\/\/senoticias.com.br\/se\/marinha-do-brasil-vai-investigar-responsabilidades-do-acidente-com-jet-ski-que-matou-medico-cardiologista\/","title":{"rendered":"Marinha investigar\u00e1 responsabilidades em acidente de jet ski que matou cardiologista, diz nota"},"content":{"rendered":"<p>O m\u00e9dico cardiologista Eduardo Jos\u00e9 Pereira Ferreira, 49 anos,\u00a0 foi sepultado no final da tarde deste domingo, 30, no Cemit\u00e9rio Colina da Saudade. Ele faleceu ap\u00f3s um acidente com uma moto aqu\u00e1tica no Rio Vaza-Barris, na regi\u00e3o do Mosqueiro. O acidente aconteceu por volta das 17h de s\u00e1bado, 29, quando ele pilotava um jet ski na Orla P\u00f4r do Sol, localizada na zona Sul da capital sergipana. Socorrido e levado a um hospital particular, o m\u00e9dico permaneceu na Unidade de Tratamento Intensivo at\u00e9 a madrugada deste domingo, quando veio a \u00f3bito.<\/p>\n<p>A Marinha do Brasil informou que ser\u00e1 instaurado um inqu\u00e9rito administrativo para apurar as causas, circunst\u00e2ncias e responsabilidades do acidente.<\/p>\n<p>Segundo o capit\u00e3o de fragata Alexandre Almeida, da Marinha do Brasil, o inqu\u00e9rito para investigar as causas do acidente tem um prazo de at\u00e9 90 dias para ser conclu\u00eddo. Durante esse per\u00edodo, s\u00e3o realizadas diversas dilig\u00eancias, incluindo per\u00edcias nas duas embarca\u00e7\u00f5es, an\u00e1lise de documentos de habilita\u00e7\u00e3o e registro das embarca\u00e7\u00f5es, reconstitui\u00e7\u00e3o das condi\u00e7\u00f5es meteorol\u00f3gicas do dia \u2014 como vento e mar\u00e9 \u2014, al\u00e9m da coleta de depoimentos de testemunhas que presenciaram o acidente e participaram do socorro \u00e0 v\u00edtima.<\/p>\n<div id=\"attachment_147123\" style=\"width: 581px\" class=\"wp-caption aligncenter\"><a href=\"https:\/\/senoticias.com.br\/se\/wp-content\/uploads\/2025\/03\/Medico-Eduardo-Pereira-SE-Noticias.jpeg\"><img loading=\"lazy\" decoding=\"async\" aria-describedby=\"caption-attachment-147123\" class=\"size-full wp-image-147123\" src=\"https:\/\/senoticias.com.br\/se\/wp-content\/uploads\/2025\/03\/Medico-Eduardo-Pereira-SE-Noticias.jpeg\" alt=\"\" width=\"571\" height=\"1024\" srcset=\"https:\/\/senoticias.com.br\/se\/wp-content\/uploads\/2025\/03\/Medico-Eduardo-Pereira-SE-Noticias.jpeg 571w, https:\/\/senoticias.com.br\/se\/wp-content\/uploads\/2025\/03\/Medico-Eduardo-Pereira-SE-Noticias-167x300.jpeg 167w\" sizes=\"(max-width: 571px) 100vw, 571px\" \/><\/a><p id=\"caption-attachment-147123\" class=\"wp-caption-text\">Acidente com jet ski aconteceu \u00e0s margens do Rio Vaza Barris, na regi\u00e3o do Mosqueiro \u2014 Foto: arquivo\/fam\u00edlia<\/p><\/div>\n<p>A reportagem do <em><strong>portal SE Not\u00edcias<\/strong><\/em> esteve no local do acidente na manh\u00e3 de domingo, 30, e conversou com v\u00e1rios pescadores que estavam nas imedia\u00e7\u00f5es do ocorrido. Eles informaram que o m\u00e9dico foi atingido no pesco\u00e7o ao colidir sua moto aqu\u00e1tica com os cabos de amarra\u00e7\u00e3o de uma embarca\u00e7\u00e3o tipo rebocador, que estava ancorada para manuten\u00e7\u00e3o no rio, ao lado da Ponte Joel Silveira. Segundo os pescadores, a mar\u00e9 estava muito alta, atingindo 2,4 metros no momento do acidente, e os cabos subiram junto com a embarca\u00e7\u00e3o. Nesse momento, o cardiologista Eduardo Jos\u00e9 Pereira Ferreira se aproximou com seu jet ski e foi atingido gravemente.<\/p>\n<p><strong><em>Acompanhe tamb\u00e9m o SE Not\u00edcias no\u00a0<a href=\"https:\/\/www.instagram.com\/senoticias\/\" target=\"_blank\" rel=\"noreferrer noopener\">Instagram<\/a><\/em><\/strong>,\u00a0<strong><em>\u00a0<a href=\"https:\/\/www.facebook.com\/senoticias1\" target=\"_blank\" rel=\"noreferrer noopener\">Facebook<\/a>\u00a0e\u00a0no<\/em>\u00a0<em><a href=\"https:\/\/twitter.com\/Senoticias\">X<\/a><\/em><\/strong><\/p>\n<p><strong><em>Reda\u00e7\u00e3o SE Not\u00edcias<\/em><\/strong><\/p>\n","protected":false},"excerpt":{"rendered":"<p>O m\u00e9dico cardiologista Eduardo Jos\u00e9 Pereira Ferreira, 49 anos,\u00a0 foi sepultado no final da tarde deste domingo, 30, no Cemit\u00e9rio Colina da Saudade. Ele faleceu ap\u00f3s um acidente com uma moto aqu\u00e1tica no Rio Vaza-Barris, na regi\u00e3o do Mosqueiro. O acidente aconteceu por volta das 17h de s\u00e1bado, 29, quando ele pilotava um jet ski [&hellip;]<\/p>\n","protected":false},"author":6557,"featured_media":147123,"comment_status":"closed","ping_status":"closed","sticky":false,"template":"","format":"standard","meta":{"footnotes":""},"categories":[15,6],"tags":[36260,5605,43475,10552],"class_list":{"0":"post-147122","1":"post","2":"type-post","3":"status-publish","4":"format-standard","5":"has-post-thumbnail","7":"category-destaques","8":"category-politica","9":"tag-acidente-com-jet-ski","10":"tag-marinha-do-brasil","11":"tag-medico-eduardo-jose-pereira-ferreira","12":"tag-rio-vaza-barris"},"_links":{"self":[{"href":"https:\/\/senoticias.com.br\/se\/wp-json\/wp\/v2\/posts\/147122"}],"collection":[{"href":"https:\/\/senoticias.com.br\/se\/wp-json\/wp\/v2\/posts"}],"about":[{"href":"https:\/\/senoticias.com.br\/se\/wp-json\/wp\/v2\/types\/post"}],"author":[{"embeddable":true,"href":"https:\/\/senoticias.com.br\/se\/wp-json\/wp\/v2\/users\/6557"}],"replies":[{"embeddable":true,"href":"https:\/\/senoticias.com.br\/se\/wp-json\/wp\/v2\/comments?post=147122"}],"version-history":[{"count":0,"href":"https:\/\/senoticias.com.br\/se\/wp-json\/wp\/v2\/posts\/147122\/revisions"}],"wp:featuredmedia":[{"embeddable":true,"href":"https:\/\/senoticias.com.br\/se\/wp-json\/wp\/v2\/media\/147123"}],"wp:attachment":[{"href":"https:\/\/senoticias.com.br\/se\/wp-json\/wp\/v2\/media?parent=147122"}],"wp:term":[{"taxonomy":"category","embeddable":true,"href":"https:\/\/senoticias.com.br\/se\/wp-json\/wp\/v2\/categories?post=147122"},{"taxonomy":"post_tag","embeddable":true,"href":"https:\/\/senoticias.com.br\/se\/wp-json\/wp\/v2\/tags?post=147122"}],"curies":[{"name":"wp","href":"https:\/\/api.w.org\/{rel}","templated":true}]}}