{"id":147111,"date":"2025-03-29T06:38:07","date_gmt":"2025-03-29T09:38:07","guid":{"rendered":"https:\/\/senoticias.com.br\/se\/?p=147111"},"modified":"2025-03-29T06:38:07","modified_gmt":"2025-03-29T09:38:07","slug":"corrida-cidade-de-aracaju-acontece-neste-sabado-confira-horarios-de-largada-transporte-e-pontos-de-apoio","status":"publish","type":"post","link":"https:\/\/senoticias.com.br\/se\/corrida-cidade-de-aracaju-acontece-neste-sabado-confira-horarios-de-largada-transporte-e-pontos-de-apoio\/","title":{"rendered":"Corrida Cidade de Aracaju acontece neste s\u00e1bado; confira hor\u00e1rios de largada, transporte e pontos de apoio"},"content":{"rendered":"<p>Com 10 mil atletas inscritos, a Corrida Cidade de Aracaju promete movimentar a capital sergipana neste s\u00e1bado, 29, com emo\u00e7\u00e3o, esporte e muita hist\u00f3ria. Para garantir que tudo ocorra com tranquilidade, a organiza\u00e7\u00e3o do evento divulgou informa\u00e7\u00f5es importantes sobre os hor\u00e1rios dos \u00f4nibus, largadas e estrutura nos pontos de partida e chegada.<\/p>\n<p><strong>TRANSPORTE OFERECIDO AOS ATLETAS<\/strong><\/p>\n<p>Ser\u00e3o disponibilizados \u00f4nibus gratuitos para levar os participantes at\u00e9 os pontos de largada. Os ve\u00edculos sair\u00e3o de Aracaju a partir das 13h30, com locais e destinos diferentes de acordo com o percurso escolhido.<\/p>\n<div id=\"attachment_132056\" style=\"width: 585px\" class=\"wp-caption aligncenter\"><a href=\"https:\/\/senoticias.com.br\/se\/wp-content\/uploads\/2022\/03\/Corrida-Cidade-Se-Noticias.jpg\"><img loading=\"lazy\" decoding=\"async\" aria-describedby=\"caption-attachment-132056\" class=\"size-full wp-image-132056\" src=\"https:\/\/senoticias.com.br\/se\/wp-content\/uploads\/2022\/03\/Corrida-Cidade-Se-Noticias.jpg\" alt=\"\" width=\"575\" height=\"396\" srcset=\"https:\/\/senoticias.com.br\/se\/wp-content\/uploads\/2022\/03\/Corrida-Cidade-Se-Noticias.jpg 575w, https:\/\/senoticias.com.br\/se\/wp-content\/uploads\/2022\/03\/Corrida-Cidade-Se-Noticias-300x207.jpg 300w, https:\/\/senoticias.com.br\/se\/wp-content\/uploads\/2022\/03\/Corrida-Cidade-Se-Noticias-95x64.jpg 95w\" sizes=\"(max-width: 575px) 100vw, 575px\" \/><\/a><p id=\"caption-attachment-132056\" class=\"wp-caption-text\">Dividida em tr\u00eas percursos (5km, 10km e 24km), a competi\u00e7\u00e3o atrai corredores de diversos estados brasileiros &#8211; Foto: arquivo\/AAN<\/p><\/div>\n<p><strong>Para os percursos de 5 km e 10 km:<\/strong><\/p>\n<p>Local de sa\u00edda: Rua Pacatuba (pr\u00f3ximo ao Tribunal de Justi\u00e7a)<br \/>\nDestino: Bairro Eduardo Gomes<br \/>\nHor\u00e1rio de sa\u00edda: a partir das 13h30<br \/>\n\u00daltima sa\u00edda: 15h<br \/>\nPara o percurso de 24 km:<\/p>\n<p>Local de sa\u00edda: Rua Vila Cristina (pr\u00f3ximo ao Col\u00e9gio Atheneu)<br \/>\nDestino: S\u00e3o Crist\u00f3v\u00e3o (via BR-101)<br \/>\nHor\u00e1rio de sa\u00edda: a partir das 13h30<br \/>\n\u00daltima sa\u00edda: 14h40<br \/>\nO embarque deve ser feito exclusivamente nos pontos indicados e os \u00f4nibus n\u00e3o realizar\u00e3o paradas durante o trajeto. A organiza\u00e7\u00e3o tamb\u00e9m disponibilizar\u00e1 guarda-volumes e banheiros nos locais de largada e chegada para maior conforto dos atletas.<\/p>\n<p><strong>HOR\u00c1RIOS DAS LARGADAS<\/strong><\/p>\n<p>5 km: 16h<br \/>\n10 km: 16h10<br \/>\n24 km: 16h20<\/p>\n<p><strong>LOCAIS DE LARGADA E CHEGADA<\/strong><\/p>\n<p>24 km: largada na Pra\u00e7a Get\u00falio Vargas, em S\u00e3o Crist\u00f3v\u00e3o, com chegada na Pra\u00e7a Fausto Cardoso, em Aracaju.<br \/>\n10 km: largada na r\u00f3tula de entrada do Bairro Eduardo Gomes, em S\u00e3o Crist\u00f3v\u00e3o, com chegada na Pra\u00e7a Fausto Cardoso.<br \/>\n5 km: largada na Av. Marechal C\u00e2ndido Rondon, cerca de 100 metros antes do viaduto da Av. Tancredo Neves, tamb\u00e9m com chegada na Pra\u00e7a Fausto Cardoso.<\/p>\n<p><strong><em>Acompanhe tamb\u00e9m o SE Not\u00edcias no\u00a0<a href=\"https:\/\/www.instagram.com\/senoticias\/\" target=\"_blank\" rel=\"noreferrer noopener\">Instagram<\/a><\/em><\/strong>,\u00a0<strong><em>\u00a0<a href=\"https:\/\/www.facebook.com\/senoticias1\" target=\"_blank\" rel=\"noreferrer noopener\">Facebook<\/a>\u00a0e\u00a0no<\/em>\u00a0<em><a href=\"https:\/\/twitter.com\/Senoticias\">X<\/a><\/em><\/strong><\/p>\n<p>Fonte: AAN<\/p>\n","protected":false},"excerpt":{"rendered":"<p>Com 10 mil atletas inscritos, a Corrida Cidade de Aracaju promete movimentar a capital sergipana neste s\u00e1bado, 29, com emo\u00e7\u00e3o, esporte e muita hist\u00f3ria. Para garantir que tudo ocorra com tranquilidade, a organiza\u00e7\u00e3o do evento divulgou informa\u00e7\u00f5es importantes sobre os hor\u00e1rios dos \u00f4nibus, largadas e estrutura nos pontos de partida e chegada. TRANSPORTE OFERECIDO AOS [&hellip;]<\/p>\n","protected":false},"author":6557,"featured_media":132056,"comment_status":"closed","ping_status":"closed","sticky":false,"template":"","format":"standard","meta":{"footnotes":""},"categories":[15,26],"tags":[2190,38135],"class_list":{"0":"post-147111","1":"post","2":"type-post","3":"status-publish","4":"format-standard","5":"has-post-thumbnail","7":"category-destaques","8":"category-esportes","9":"tag-corrida-cidade-de-aracaju","10":"tag-corrida-sao-cristovao-aracaju"},"_links":{"self":[{"href":"https:\/\/senoticias.com.br\/se\/wp-json\/wp\/v2\/posts\/147111"}],"collection":[{"href":"https:\/\/senoticias.com.br\/se\/wp-json\/wp\/v2\/posts"}],"about":[{"href":"https:\/\/senoticias.com.br\/se\/wp-json\/wp\/v2\/types\/post"}],"author":[{"embeddable":true,"href":"https:\/\/senoticias.com.br\/se\/wp-json\/wp\/v2\/users\/6557"}],"replies":[{"embeddable":true,"href":"https:\/\/senoticias.com.br\/se\/wp-json\/wp\/v2\/comments?post=147111"}],"version-history":[{"count":0,"href":"https:\/\/senoticias.com.br\/se\/wp-json\/wp\/v2\/posts\/147111\/revisions"}],"wp:featuredmedia":[{"embeddable":true,"href":"https:\/\/senoticias.com.br\/se\/wp-json\/wp\/v2\/media\/132056"}],"wp:attachment":[{"href":"https:\/\/senoticias.com.br\/se\/wp-json\/wp\/v2\/media?parent=147111"}],"wp:term":[{"taxonomy":"category","embeddable":true,"href":"https:\/\/senoticias.com.br\/se\/wp-json\/wp\/v2\/categories?post=147111"},{"taxonomy":"post_tag","embeddable":true,"href":"https:\/\/senoticias.com.br\/se\/wp-json\/wp\/v2\/tags?post=147111"}],"curies":[{"name":"wp","href":"https:\/\/api.w.org\/{rel}","templated":true}]}}