{"id":147080,"date":"2025-03-26T17:55:58","date_gmt":"2025-03-26T20:55:58","guid":{"rendered":"https:\/\/senoticias.com.br\/se\/?p=147080"},"modified":"2025-03-26T17:55:58","modified_gmt":"2025-03-26T20:55:58","slug":"policia-civil-prende-locatario-em-flagrante-por-vender-veiculo-alugado-em-aracaju","status":"publish","type":"post","link":"https:\/\/senoticias.com.br\/se\/policia-civil-prende-locatario-em-flagrante-por-vender-veiculo-alugado-em-aracaju\/","title":{"rendered":"Pol\u00edcia Civil prende locat\u00e1rio em flagrante por vender ve\u00edculo alugado em Aracaju"},"content":{"rendered":"<p>Nesta quarta-feira, 26, a Pol\u00edcia Civil, atrav\u00e9s da 3\u00aa Delegacia Metropolitana de Aracaju, prendeu em flagrante um homem investigado por vender um ve\u00edculo alugado, configurando o crime de apropria\u00e7\u00e3o ind\u00e9bita. O suspeito, identificado como locat\u00e1rio do carro, repassou o autom\u00f3vel para compradores na cidade de Alagoinhas, no interior da Bahia.<\/p>\n<p>O investigado foi preso enquanto conversava com a v\u00edtima, falando inverdades sobre a localiza\u00e7\u00e3o do carro. \u00c0 equipe supervisionada pelo delegado Elder Sanches, respons\u00e1vel pela investiga\u00e7\u00e3o, o suspeito confessou o crime, dando ci\u00eancia \u00e0 v\u00edtima sobre a apropria\u00e7\u00e3o e a posterior venda do carro em Alagoinhas.<\/p>\n<div id=\"attachment_145391\" style=\"width: 604px\" class=\"wp-caption aligncenter\"><a href=\"https:\/\/senoticias.com.br\/se\/wp-content\/uploads\/2024\/12\/Policia-Civil-se-noticias-1.jpeg\"><img loading=\"lazy\" decoding=\"async\" aria-describedby=\"caption-attachment-145391\" class=\"size-full wp-image-145391\" src=\"https:\/\/senoticias.com.br\/se\/wp-content\/uploads\/2024\/12\/Policia-Civil-se-noticias-1.jpeg\" alt=\"\" width=\"594\" height=\"416\" srcset=\"https:\/\/senoticias.com.br\/se\/wp-content\/uploads\/2024\/12\/Policia-Civil-se-noticias-1.jpeg 594w, https:\/\/senoticias.com.br\/se\/wp-content\/uploads\/2024\/12\/Policia-Civil-se-noticias-1-300x210.jpeg 300w\" sizes=\"(max-width: 594px) 100vw, 594px\" \/><\/a><p id=\"caption-attachment-145391\" class=\"wp-caption-text\">Segundo a Pol\u00edcia Cicil, o carro foi comercializado em Alagoinhas, na Bahia &#8211; Foto: SSP\/SE<\/p><\/div>\n<p>Diante do ocorrido, a Pol\u00edcia Civil solicitou a rescis\u00e3o de venda e circula\u00e7\u00e3o do carro \u00e0 Justi\u00e7a. &#8220;A Pol\u00edcia Civil tem adotado uma postura firme para combater esse tipo de crime e refor\u00e7ado as a\u00e7\u00f5es de repress\u00e3o qualificada&#8221;, cita o delegado.<\/p>\n<p>A investiga\u00e7\u00e3o segue em andamento, para verificar a poss\u00edvel participa\u00e7\u00e3o de outras pessoas no esquema criminoso. O locat\u00e1rio preso est\u00e1 \u00e0 disposi\u00e7\u00e3o da Justi\u00e7a e deve responder por apropria\u00e7\u00e3o ind\u00e9bita.<\/p>\n<p><strong><em>Acompanhe tamb\u00e9m o SE Not\u00edcias no\u00a0<a href=\"https:\/\/www.instagram.com\/senoticias\/\" target=\"_blank\" rel=\"noreferrer noopener\">Instagram<\/a><\/em><\/strong>,\u00a0<strong><em>\u00a0<a href=\"https:\/\/www.facebook.com\/senoticias1\" target=\"_blank\" rel=\"noreferrer noopener\">Facebook<\/a>\u00a0e\u00a0no<\/em>\u00a0<em><a href=\"https:\/\/twitter.com\/Senoticias\">X<\/a><\/em><\/strong><\/p>\n<p>Fonte: SSP\/SE<\/p>\n","protected":false},"excerpt":{"rendered":"<p>Nesta quarta-feira, 26, a Pol\u00edcia Civil, atrav\u00e9s da 3\u00aa Delegacia Metropolitana de Aracaju, prendeu em flagrante um homem investigado por vender um ve\u00edculo alugado, configurando o crime de apropria\u00e7\u00e3o ind\u00e9bita. O suspeito, identificado como locat\u00e1rio do carro, repassou o autom\u00f3vel para compradores na cidade de Alagoinhas, no interior da Bahia. O investigado foi preso enquanto [&hellip;]<\/p>\n","protected":false},"author":6557,"featured_media":145391,"comment_status":"closed","ping_status":"closed","sticky":false,"template":"","format":"standard","meta":{"footnotes":""},"categories":[15,7],"tags":[78,43457],"class_list":{"0":"post-147080","1":"post","2":"type-post","3":"status-publish","4":"format-standard","5":"has-post-thumbnail","7":"category-destaques","8":"category-policia","9":"tag-policia-civil","10":"tag-vendeu-veiculo-alugado"},"_links":{"self":[{"href":"https:\/\/senoticias.com.br\/se\/wp-json\/wp\/v2\/posts\/147080"}],"collection":[{"href":"https:\/\/senoticias.com.br\/se\/wp-json\/wp\/v2\/posts"}],"about":[{"href":"https:\/\/senoticias.com.br\/se\/wp-json\/wp\/v2\/types\/post"}],"author":[{"embeddable":true,"href":"https:\/\/senoticias.com.br\/se\/wp-json\/wp\/v2\/users\/6557"}],"replies":[{"embeddable":true,"href":"https:\/\/senoticias.com.br\/se\/wp-json\/wp\/v2\/comments?post=147080"}],"version-history":[{"count":0,"href":"https:\/\/senoticias.com.br\/se\/wp-json\/wp\/v2\/posts\/147080\/revisions"}],"wp:featuredmedia":[{"embeddable":true,"href":"https:\/\/senoticias.com.br\/se\/wp-json\/wp\/v2\/media\/145391"}],"wp:attachment":[{"href":"https:\/\/senoticias.com.br\/se\/wp-json\/wp\/v2\/media?parent=147080"}],"wp:term":[{"taxonomy":"category","embeddable":true,"href":"https:\/\/senoticias.com.br\/se\/wp-json\/wp\/v2\/categories?post=147080"},{"taxonomy":"post_tag","embeddable":true,"href":"https:\/\/senoticias.com.br\/se\/wp-json\/wp\/v2\/tags?post=147080"}],"curies":[{"name":"wp","href":"https:\/\/api.w.org\/{rel}","templated":true}]}}