{"id":147066,"date":"2025-03-26T07:13:46","date_gmt":"2025-03-26T10:13:46","guid":{"rendered":"https:\/\/senoticias.com.br\/se\/?p=147066"},"modified":"2025-03-26T07:13:46","modified_gmt":"2025-03-26T10:13:46","slug":"prefeitura-de-aracaju-antecipa-salarios-de-marco-e-paga-mais-de-r-4-milhoes-em-indenizacoes","status":"publish","type":"post","link":"https:\/\/senoticias.com.br\/se\/prefeitura-de-aracaju-antecipa-salarios-de-marco-e-paga-mais-de-r-4-milhoes-em-indenizacoes\/","title":{"rendered":"Prefeitura de Aracaju antecipa sal\u00e1rios de mar\u00e7o e paga mais de R$ 4 milh\u00f5es em indeniza\u00e7\u00f5es"},"content":{"rendered":"<p>A Prefeitura de Aracaju realiza, nesta quarta-feira, 26, o pagamento antecipado dos sal\u00e1rios de mar\u00e7o para todos os servidores municipais. Os vencimentos ser\u00e3o creditados nas contas banc\u00e1rias de efetivos, aposentados, pensionistas, estagi\u00e1rios, contratados da educa\u00e7\u00e3o e sa\u00fade, al\u00e9m dos ocupantes de cargos comissionados.<\/p>\n<p>Al\u00e9m dos sal\u00e1rios, tamb\u00e9m ser\u00e3o pagos, nesta data, os valores referentes \u00e0s indeniza\u00e7\u00f5es solicitadas entre abril de 2024 e fevereiro de 2025 por servidores aposentados e exonerados. A gest\u00e3o atual ainda est\u00e1 quitando indeniza\u00e7\u00f5es pendentes de comissionados exonerados e aposentados que n\u00e3o foram pagas pela administra\u00e7\u00e3o anterior. Antes de deixar o cargo, a gest\u00e3o passada quitou apenas as indeniza\u00e7\u00f5es de ex-secret\u00e1rios e ex-diretores, totalizando R$ 2.345.947,45, enquanto os demais servidores que tinham direito ficaram sem receber.<\/p>\n<p>Agora, a administra\u00e7\u00e3o municipal est\u00e1 garantindo o pagamento de R$ 4.176.315,96 a 470 servidores que aguardavam suas indeniza\u00e7\u00f5es, incluindo aqueles que foram exonerados no in\u00edcio da atual gest\u00e3o. Diferentemente da administra\u00e7\u00e3o anterior, que priorizou exclusivamente a c\u00fapula que atuava no governo, a atual gest\u00e3o est\u00e1 corrigindo essa desigualdade e garantindo que todos os servidores tenham seus direitos respeitados. Al\u00e9m disso, esses pagamentos est\u00e3o sendo realizados de forma \u00e1gil e sem que os servidores precisem recorrer \u00e0 Justi\u00e7a.<\/p>\n<div id=\"attachment_147067\" style=\"width: 584px\" class=\"wp-caption aligncenter\"><a href=\"https:\/\/senoticias.com.br\/se\/wp-content\/uploads\/2025\/03\/Prefeita-Emilia-Correa-SE-Noticias.jpg\"><img loading=\"lazy\" decoding=\"async\" aria-describedby=\"caption-attachment-147067\" class=\"size-full wp-image-147067\" src=\"https:\/\/senoticias.com.br\/se\/wp-content\/uploads\/2025\/03\/Prefeita-Emilia-Correa-SE-Noticias.jpg\" alt=\"\" width=\"574\" height=\"382\" srcset=\"https:\/\/senoticias.com.br\/se\/wp-content\/uploads\/2025\/03\/Prefeita-Emilia-Correa-SE-Noticias.jpg 574w, https:\/\/senoticias.com.br\/se\/wp-content\/uploads\/2025\/03\/Prefeita-Emilia-Correa-SE-Noticias-300x200.jpg 300w, https:\/\/senoticias.com.br\/se\/wp-content\/uploads\/2025\/03\/Prefeita-Emilia-Correa-SE-Noticias-90x60.jpg 90w, https:\/\/senoticias.com.br\/se\/wp-content\/uploads\/2025\/03\/Prefeita-Emilia-Correa-SE-Noticias-180x120.jpg 180w, https:\/\/senoticias.com.br\/se\/wp-content\/uploads\/2025\/03\/Prefeita-Emilia-Correa-SE-Noticias-95x64.jpg 95w\" sizes=\"(max-width: 574px) 100vw, 574px\" \/><\/a><p id=\"caption-attachment-147067\" class=\"wp-caption-text\">Prefeita Em\u00edlia Corr\u00eaa anuncia pagamento de sal\u00e1rio antecipado e indeniza\u00e7\u00f5es &#8211; Foto: AAN<\/p><\/div>\n<p>Com essa iniciativa, a Prefeitura refor\u00e7a seu compromisso com o respeito e a valoriza\u00e7\u00e3o dos servidores, garantindo o direito ao pagamento de indeniza\u00e7\u00f5es devidas.<\/p>\n<p>De acordo com a prefeita de Aracaju, Em\u00edlia Corr\u00eaa, a antecipa\u00e7\u00e3o dos sal\u00e1rios demonstra o reconhecimento ao trabalho essencial dos servidores municipais. \u201cNosso compromisso \u00e9 garantir que voc\u00eas, que fazem a cidade acontecer todos os dias, tenham seus direitos respeitados. Al\u00e9m disso, nesses quase tr\u00eas meses de gest\u00e3o, trabalhamos incansavelmente para organizar as finan\u00e7as e levantar os processos de indeniza\u00e7\u00f5es que estavam parados. Hoje, conseguimos fazer esses pagamentos sem que os servidores precisassem recorrer \u00e0 Justi\u00e7a, dando a eles a seguran\u00e7a de que seus direitos ser\u00e3o garantidos com responsabilidade e respeito\u201d, afirmou.<\/p>\n<p><strong><em>Acompanhe tamb\u00e9m o SE Not\u00edcias no\u00a0<a href=\"https:\/\/www.instagram.com\/senoticias\/\" target=\"_blank\" rel=\"noreferrer noopener\">Instagram<\/a><\/em><\/strong>,\u00a0<strong><em>\u00a0<a href=\"https:\/\/www.facebook.com\/senoticias1\" target=\"_blank\" rel=\"noreferrer noopener\">Facebook<\/a>\u00a0e\u00a0no<\/em>\u00a0<em><a href=\"https:\/\/twitter.com\/Senoticias\">X<\/a><\/em><\/strong><\/p>\n<p>Fonte: Ag\u00eancia Aracaju de Not\u00edcias<\/p>\n","protected":false},"excerpt":{"rendered":"<p>A Prefeitura de Aracaju realiza, nesta quarta-feira, 26, o pagamento antecipado dos sal\u00e1rios de mar\u00e7o para todos os servidores municipais. Os vencimentos ser\u00e3o creditados nas contas banc\u00e1rias de efetivos, aposentados, pensionistas, estagi\u00e1rios, contratados da educa\u00e7\u00e3o e sa\u00fade, al\u00e9m dos ocupantes de cargos comissionados. Al\u00e9m dos sal\u00e1rios, tamb\u00e9m ser\u00e3o pagos, nesta data, os valores referentes \u00e0s [&hellip;]<\/p>\n","protected":false},"author":6557,"featured_media":147067,"comment_status":"closed","ping_status":"closed","sticky":false,"template":"","format":"standard","meta":{"footnotes":""},"categories":[15,6],"tags":[213,11910],"class_list":{"0":"post-147066","1":"post","2":"type-post","3":"status-publish","4":"format-standard","5":"has-post-thumbnail","7":"category-destaques","8":"category-politica","9":"tag-prefeitura-de-aracaju","10":"tag-salario-de-marco"},"_links":{"self":[{"href":"https:\/\/senoticias.com.br\/se\/wp-json\/wp\/v2\/posts\/147066"}],"collection":[{"href":"https:\/\/senoticias.com.br\/se\/wp-json\/wp\/v2\/posts"}],"about":[{"href":"https:\/\/senoticias.com.br\/se\/wp-json\/wp\/v2\/types\/post"}],"author":[{"embeddable":true,"href":"https:\/\/senoticias.com.br\/se\/wp-json\/wp\/v2\/users\/6557"}],"replies":[{"embeddable":true,"href":"https:\/\/senoticias.com.br\/se\/wp-json\/wp\/v2\/comments?post=147066"}],"version-history":[{"count":0,"href":"https:\/\/senoticias.com.br\/se\/wp-json\/wp\/v2\/posts\/147066\/revisions"}],"wp:featuredmedia":[{"embeddable":true,"href":"https:\/\/senoticias.com.br\/se\/wp-json\/wp\/v2\/media\/147067"}],"wp:attachment":[{"href":"https:\/\/senoticias.com.br\/se\/wp-json\/wp\/v2\/media?parent=147066"}],"wp:term":[{"taxonomy":"category","embeddable":true,"href":"https:\/\/senoticias.com.br\/se\/wp-json\/wp\/v2\/categories?post=147066"},{"taxonomy":"post_tag","embeddable":true,"href":"https:\/\/senoticias.com.br\/se\/wp-json\/wp\/v2\/tags?post=147066"}],"curies":[{"name":"wp","href":"https:\/\/api.w.org\/{rel}","templated":true}]}}