{"id":147059,"date":"2025-03-25T18:04:17","date_gmt":"2025-03-25T21:04:17","guid":{"rendered":"https:\/\/senoticias.com.br\/se\/?p=147059"},"modified":"2025-03-25T18:04:17","modified_gmt":"2025-03-25T21:04:17","slug":"stf-conclui-primeiro-dia-de-julgamento-com-derrotas-para-bolsonaro-e-aliados-julgamento-sera-retomado-nesta-quarta","status":"publish","type":"post","link":"https:\/\/senoticias.com.br\/se\/stf-conclui-primeiro-dia-de-julgamento-com-derrotas-para-bolsonaro-e-aliados-julgamento-sera-retomado-nesta-quarta\/","title":{"rendered":"STF conclui primeiro dia de julgamento com derrotas para Bolsonaro e aliados; julgamento ser\u00e1 retomado nesta quarta"},"content":{"rendered":"<p>&nbsp;<\/p>\n<p>O primeiro dia do julgamento contra o ex-presidente Jair Bolsonaro (PL) e outros sete aliados, realizado nesta ter\u00e7a-feira, 25, pela Primeira Turma do Supremo Tribunal Federal (STF), terminou com derrotas para as defesas.\u00a0A corte rejeitou todos os questionamentos processuais apresentados pelos denunciados como integrantes do \u201cn\u00facleo crucial\u201d da tentativa de golpe de Estado.<\/p>\n<p>Sem defini\u00e7\u00e3o\u00a0se acata ou n\u00e3o a den\u00fancia da PGR, os ministros retomam o julgamento na manh\u00e3 desta quarta-feira, 26. Esta ser\u00e1 a \u00faltima sess\u00e3o para definir se o ex-presidente e seus aliados ser\u00e1 colocado no banco dos r\u00e9us.<\/p>\n<div id=\"attachment_147060\" style=\"width: 570px\" class=\"wp-caption aligncenter\"><a href=\"https:\/\/senoticias.com.br\/se\/wp-content\/uploads\/2025\/03\/Julgamento-STF-SE-Noticias.jpg\"><img loading=\"lazy\" decoding=\"async\" aria-describedby=\"caption-attachment-147060\" class=\"size-full wp-image-147060\" src=\"https:\/\/senoticias.com.br\/se\/wp-content\/uploads\/2025\/03\/Julgamento-STF-SE-Noticias.jpg\" alt=\"\" width=\"560\" height=\"376\" srcset=\"https:\/\/senoticias.com.br\/se\/wp-content\/uploads\/2025\/03\/Julgamento-STF-SE-Noticias.jpg 560w, https:\/\/senoticias.com.br\/se\/wp-content\/uploads\/2025\/03\/Julgamento-STF-SE-Noticias-300x201.jpg 300w, https:\/\/senoticias.com.br\/se\/wp-content\/uploads\/2025\/03\/Julgamento-STF-SE-Noticias-90x60.jpg 90w, https:\/\/senoticias.com.br\/se\/wp-content\/uploads\/2025\/03\/Julgamento-STF-SE-Noticias-180x120.jpg 180w, https:\/\/senoticias.com.br\/se\/wp-content\/uploads\/2025\/03\/Julgamento-STF-SE-Noticias-95x64.jpg 95w\" sizes=\"(max-width: 560px) 100vw, 560px\" \/><\/a><p id=\"caption-attachment-147060\" class=\"wp-caption-text\"><br \/>Primeira Turma do STF julgou nesta ter\u00e7a-feira, 25, den\u00fancia sobre o n\u00facleo 1 &#8211; Foto: Rosinei Coutinho\/STF<\/p><\/div>\n<p>ex-presidente foi denunciado pela PGR em fevereiro. O procurador-geral da Rep\u00fablica, Paulo Gonet, apresentou den\u00fancia contra Bolsonaro e outras 33 pessoas pelos crimes de tentativa de golpe de Estado, tentativa de aboli\u00e7\u00e3o violenta do Estado Democr\u00e1tico de Direito, organiza\u00e7\u00e3o criminosa, dano qualificado e deteriora\u00e7\u00e3o de patrim\u00f4nio tombado. Bolsonaro foi denunciado como l\u00edder da organiza\u00e7\u00e3o que arquitetou que colocou em andamento um plano de golpe de Estado.<\/p>\n<p>Como foram denunciados pela PGR 33 pessoas, isso significa que a den\u00fancia ser\u00e1 julgada parcialmente nesta quarta-feira, 26. No passo seguinte, os ministros da Primeira Turma v\u00e3o analisar a acusa\u00e7\u00e3o contra o segundo e terceiro n\u00facleo. O segundo foi denunciado como respons\u00e1vel pelo operacional e o terceiro respons\u00e1vel pelo \u201cgerenciamento de a\u00e7\u00f5es\u201d golpistas.<\/p>\n<p>A Primeira Turma do STF \u00e9 composta por Alexandre de Moraes, C\u00e1rmen L\u00facia, Luiz Fux, Fl\u00e1vio Dino e Cristiano Zanin. O relator do caso \u00e9 Alexandre de Moraes e o presidente \u00e9 Cristiano Zanin. No julgamento da den\u00fancia desta ter\u00e7a-feira, 25, o relator, ministro Alexandre de Moraes, disse que &#8220;integrantes do alto escal\u00e3o do governo federal e das for\u00e7as armadas formaram o n\u00facleo crucial da \u201corganiza\u00e7\u00e3o criminosa\u201d. \u201cDeles partiram as principais decis\u00f5es e a\u00e7\u00f5es de impacto social narradas na den\u00fancia&#8221;.<\/p>\n<p>O ministro relator citou que a consuma\u00e7\u00e3o do crime do artigo 359-M do C\u00f3digo Penal (tentar depor por meio de viol\u00eancia ou grave amea\u00e7a o governo legitimamente constitu\u00eddo) ocorreu por meio de sequ\u00eancia de atos que visavam romper a normalidade do processo sucess\u00f3rio.<\/p>\n<p>\u201cEsse prop\u00f3sito ficou evidenciado nos ataques recorrentes ao processo eleitoral, na manipula\u00e7\u00e3o indevida das for\u00e7as de seguran\u00e7a p\u00fablica para interferir na escolha popular, bem como na convoca\u00e7\u00e3o do alto comando do ex\u00e9rcito para obter apoio militar \u00e0 decreta\u00e7\u00e3o que formalizaria o golpe\u201d, leu Moraes em seu relat\u00f3rio.<\/p>\n<p><strong><em>Acompanhe tamb\u00e9m o SE Not\u00edcias no\u00a0<a href=\"https:\/\/www.instagram.com\/senoticias\/\" target=\"_blank\" rel=\"noreferrer noopener\">Instagram<\/a><\/em><\/strong>,\u00a0<strong><em>\u00a0<a href=\"https:\/\/www.facebook.com\/senoticias1\" target=\"_blank\" rel=\"noreferrer noopener\">Facebook<\/a>\u00a0e\u00a0no<\/em>\u00a0<em><a href=\"https:\/\/twitter.com\/Senoticias\">X<\/a><\/em><\/strong><\/p>\n<p>Fonte: Portal Terra<\/p>\n","protected":false},"excerpt":{"rendered":"<p>&nbsp; O primeiro dia do julgamento contra o ex-presidente Jair Bolsonaro (PL) e outros sete aliados, realizado nesta ter\u00e7a-feira, 25, pela Primeira Turma do Supremo Tribunal Federal (STF), terminou com derrotas para as defesas.\u00a0A corte rejeitou todos os questionamentos processuais apresentados pelos denunciados como integrantes do \u201cn\u00facleo crucial\u201d da tentativa de golpe de Estado. Sem [&hellip;]<\/p>\n","protected":false},"author":6557,"featured_media":147060,"comment_status":"closed","ping_status":"closed","sticky":false,"template":"","format":"standard","meta":{"footnotes":""},"categories":[15,6],"tags":[5241,3272,580,6189,43448,836],"class_list":{"0":"post-147059","1":"post","2":"type-post","3":"status-publish","4":"format-standard","5":"has-post-thumbnail","7":"category-destaques","8":"category-politica","9":"tag-atentado","10":"tag-bolsonaro","11":"tag-golpe","12":"tag-jair-bolsonaro","13":"tag-julgamento-de-bolsonaro","14":"tag-stf"},"_links":{"self":[{"href":"https:\/\/senoticias.com.br\/se\/wp-json\/wp\/v2\/posts\/147059"}],"collection":[{"href":"https:\/\/senoticias.com.br\/se\/wp-json\/wp\/v2\/posts"}],"about":[{"href":"https:\/\/senoticias.com.br\/se\/wp-json\/wp\/v2\/types\/post"}],"author":[{"embeddable":true,"href":"https:\/\/senoticias.com.br\/se\/wp-json\/wp\/v2\/users\/6557"}],"replies":[{"embeddable":true,"href":"https:\/\/senoticias.com.br\/se\/wp-json\/wp\/v2\/comments?post=147059"}],"version-history":[{"count":0,"href":"https:\/\/senoticias.com.br\/se\/wp-json\/wp\/v2\/posts\/147059\/revisions"}],"wp:featuredmedia":[{"embeddable":true,"href":"https:\/\/senoticias.com.br\/se\/wp-json\/wp\/v2\/media\/147060"}],"wp:attachment":[{"href":"https:\/\/senoticias.com.br\/se\/wp-json\/wp\/v2\/media?parent=147059"}],"wp:term":[{"taxonomy":"category","embeddable":true,"href":"https:\/\/senoticias.com.br\/se\/wp-json\/wp\/v2\/categories?post=147059"},{"taxonomy":"post_tag","embeddable":true,"href":"https:\/\/senoticias.com.br\/se\/wp-json\/wp\/v2\/tags?post=147059"}],"curies":[{"name":"wp","href":"https:\/\/api.w.org\/{rel}","templated":true}]}}