{"id":147049,"date":"2025-03-25T13:57:01","date_gmt":"2025-03-25T16:57:01","guid":{"rendered":"https:\/\/senoticias.com.br\/se\/?p=147049"},"modified":"2025-03-25T13:57:01","modified_gmt":"2025-03-25T16:57:01","slug":"interiorizacao-do-gas-natural-avanca-em-sergipe-com-inicio-das-operacoes-em-umbauba","status":"publish","type":"post","link":"https:\/\/senoticias.com.br\/se\/interiorizacao-do-gas-natural-avanca-em-sergipe-com-inicio-das-operacoes-em-umbauba\/","title":{"rendered":"Interioriza\u00e7\u00e3o do g\u00e1s natural avan\u00e7a em Sergipe com in\u00edcio das opera\u00e7\u00f5es em Umba\u00faba"},"content":{"rendered":"<p>O projeto de interioriza\u00e7\u00e3o do g\u00e1s natural, promovido pelo Governo do Estado de Sergipe, por meio da Sergipe G\u00e1s S\/A (Sergas), avan\u00e7a com mais uma importante etapa: a chegada do G\u00e1s Natural Veicular (GNV) ao munic\u00edpio de Umba\u00faba. A iniciativa consolida Sergipe como um vetor de desenvolvimento energ\u00e9tico, com foco na sustentabilidade e na efici\u00eancia do transporte rodovi\u00e1rio.<\/p>\n<div id=\"attachment_147051\" style=\"width: 609px\" class=\"wp-caption aligncenter\"><a href=\"https:\/\/senoticias.com.br\/se\/wp-content\/uploads\/2025\/03\/IMG_0168-e1742921774759.jpeg\"><img loading=\"lazy\" decoding=\"async\" aria-describedby=\"caption-attachment-147051\" class=\"size-full wp-image-147051\" src=\"https:\/\/senoticias.com.br\/se\/wp-content\/uploads\/2025\/03\/IMG_0168-e1742921774759.jpeg\" alt=\"\" width=\"599\" height=\"332\" \/><\/a><p id=\"caption-attachment-147051\" class=\"wp-caption-text\">Foto: Ascom Sergas<\/p><\/div>\n<p>Umba\u00faba ser\u00e1 contemplada, inicialmente, com o abastecimento de GNV no Posto Refor\u00e7o 2, que atender\u00e1 tanto o transporte de carga pesada quanto ve\u00edculos leves. A cidade, situada em uma regi\u00e3o com intensa circula\u00e7\u00e3o de caminh\u00f5es e carretas, passa a contar com uma solu\u00e7\u00e3o energ\u00e9tica mais limpa e econ\u00f4mica, contribuindo para a descarboniza\u00e7\u00e3o do transporte no estado.<\/p>\n<p>\u201c\u00c9 com muita satisfa\u00e7\u00e3o que viemos ao munic\u00edpio de Umba\u00faba fazer os ajustes finais para a interioriza\u00e7\u00e3o do g\u00e1s natural, inicialmente aqui no Posto Refor\u00e7o 2, com foco nos caminh\u00f5es que cortam o estado de Sergipe. Queremos agradecer ao governador F\u00e1bio Mitidieri, cujo esfor\u00e7o foi fundamental para que esse projeto se tornasse realidade\u201d, destaca o diretor-presidente da Sergas, Jos\u00e9 Matos.<\/p>\n<p>O fornecimento de g\u00e1s natural ao munic\u00edpio ser\u00e1 realizado por meio do modal G\u00e1s Natural Comprimido (GNC), transportado por caminh\u00f5es da Logas, empresa vencedora do chamamento p\u00fablico promovido pela Sergas. A estrat\u00e9gia faz parte do plano de expans\u00e3o da companhia, que busca levar o g\u00e1s natural a novos munic\u00edpios sergipanos, mesmo aqueles ainda n\u00e3o conectados \u00e0 rede de gasodutos.<\/p>\n<p>\u201cPara n\u00f3s, \u00e9 uma alegria muito grande participar desse novo projeto de interioriza\u00e7\u00e3o do g\u00e1s, aqui em Sergipe. A ideia \u00e9 iniciar por Umba\u00faba e contribuir para o abastecimento da frota movida a g\u00e1s em todo o estado\u201d, afirma o CEO da Logas, Alexandre Garcia.<\/p>\n<p>O in\u00edcio das opera\u00e7\u00f5es em Umba\u00faba representa, tamb\u00e9m, o primeiro passo para a cria\u00e7\u00e3o do chamado \u201cCorredor Azul\u201d, uma infraestrutura que permitir\u00e1 o uso cont\u00ednuo de g\u00e1s natural como combust\u00edvel ao longo das principais rodovias sergipanas, promovendo uma matriz energ\u00e9tica mais limpa e econ\u00f4mica para o setor de transporte.<\/p>\n","protected":false},"excerpt":{"rendered":"<p>O projeto de interioriza\u00e7\u00e3o do g\u00e1s natural, promovido pelo Governo do Estado de Sergipe, por meio da Sergipe G\u00e1s S\/A (Sergas), avan\u00e7a com mais uma importante etapa: a chegada do G\u00e1s Natural Veicular (GNV) ao munic\u00edpio de Umba\u00faba. A iniciativa consolida Sergipe como um vetor de desenvolvimento energ\u00e9tico, com foco na sustentabilidade e na efici\u00eancia [&hellip;]<\/p>\n","protected":false},"author":6557,"featured_media":0,"comment_status":"closed","ping_status":"closed","sticky":false,"template":"","format":"standard","meta":{"footnotes":""},"categories":[15,6],"tags":[3515,9887],"class_list":{"0":"post-147049","1":"post","2":"type-post","3":"status-publish","4":"format-standard","6":"category-destaques","7":"category-politica","8":"tag-gas-natural","9":"tag-sergas"},"_links":{"self":[{"href":"https:\/\/senoticias.com.br\/se\/wp-json\/wp\/v2\/posts\/147049"}],"collection":[{"href":"https:\/\/senoticias.com.br\/se\/wp-json\/wp\/v2\/posts"}],"about":[{"href":"https:\/\/senoticias.com.br\/se\/wp-json\/wp\/v2\/types\/post"}],"author":[{"embeddable":true,"href":"https:\/\/senoticias.com.br\/se\/wp-json\/wp\/v2\/users\/6557"}],"replies":[{"embeddable":true,"href":"https:\/\/senoticias.com.br\/se\/wp-json\/wp\/v2\/comments?post=147049"}],"version-history":[{"count":0,"href":"https:\/\/senoticias.com.br\/se\/wp-json\/wp\/v2\/posts\/147049\/revisions"}],"wp:attachment":[{"href":"https:\/\/senoticias.com.br\/se\/wp-json\/wp\/v2\/media?parent=147049"}],"wp:term":[{"taxonomy":"category","embeddable":true,"href":"https:\/\/senoticias.com.br\/se\/wp-json\/wp\/v2\/categories?post=147049"},{"taxonomy":"post_tag","embeddable":true,"href":"https:\/\/senoticias.com.br\/se\/wp-json\/wp\/v2\/tags?post=147049"}],"curies":[{"name":"wp","href":"https:\/\/api.w.org\/{rel}","templated":true}]}}