{"id":147021,"date":"2025-03-23T18:21:25","date_gmt":"2025-03-23T21:21:25","guid":{"rendered":"https:\/\/senoticias.com.br\/se\/?p=147021"},"modified":"2025-03-23T18:29:34","modified_gmt":"2025-03-23T21:29:34","slug":"homem-membro-de-faccao-criminosa-e-preso-com-arma-e-drogas-na-grande-aracaju","status":"publish","type":"post","link":"https:\/\/senoticias.com.br\/se\/homem-membro-de-faccao-criminosa-e-preso-com-arma-e-drogas-na-grande-aracaju\/","title":{"rendered":"Homem, membro de fac\u00e7\u00e3o criminosa, \u00e9 preso com arma e drogas na Grande Aracaju"},"content":{"rendered":"<p>Na tarde deste domingo, 23\/03, a For\u00e7a Integrada de Combate ao Crime Organizado em Sergipe &#8211; FICCO\/SE, em a\u00e7\u00e3o conjunta com o Batalh\u00e3o de Pol\u00edcia de R\u00e1dio Patrulha \u2013 BPRP\/PM\/SE, localizou e prendeu, no loteamento Santa Cec\u00edlia, em Nossa Senhora do Socorro, um indiv\u00edduo de 44 anos de idade, natural de Aracaju, que portava, em seu carro e em sua resid\u00eancia, um rev\u00f3lver calibre .357, muni\u00e7\u00f5es e acess\u00f3rios de arma de fogo, cerca de 300g de coca\u00edna, balan\u00e7as para pesagem de drogas e anota\u00e7\u00f5es do tr\u00e1fico.<\/p>\n<p>As apura\u00e7\u00f5es indicam que o flagranteado \u00e9 um dos respons\u00e1veis pela distribui\u00e7\u00e3o de drogas naquela regi\u00e3o de Nossa Senhora do Socorro\/SE e comp\u00f5e uma fac\u00e7\u00e3o criminosa do Estado da Bahia.<\/p>\n<div id=\"attachment_147022\" style=\"width: 610px\" class=\"wp-caption aligncenter\"><a href=\"https:\/\/senoticias.com.br\/se\/wp-content\/uploads\/2025\/03\/Arma-de-fogo-e-drogas-SE-Noticias.jpeg\"><img loading=\"lazy\" decoding=\"async\" aria-describedby=\"caption-attachment-147022\" class=\"size-full wp-image-147022\" src=\"https:\/\/senoticias.com.br\/se\/wp-content\/uploads\/2025\/03\/Arma-de-fogo-e-drogas-SE-Noticias.jpeg\" alt=\"\" width=\"600\" height=\"800\" srcset=\"https:\/\/senoticias.com.br\/se\/wp-content\/uploads\/2025\/03\/Arma-de-fogo-e-drogas-SE-Noticias.jpeg 600w, https:\/\/senoticias.com.br\/se\/wp-content\/uploads\/2025\/03\/Arma-de-fogo-e-drogas-SE-Noticias-225x300.jpeg 225w\" sizes=\"(max-width: 600px) 100vw, 600px\" \/><\/a><p id=\"caption-attachment-147022\" class=\"wp-caption-text\">A opera\u00e7\u00e3o ocorreu no loteamento Santa Cec\u00edlia, em Nossa Senhora do Socorro &#8211; Foto: ascom\/PF\/SE<\/p><\/div>\n<p>O preso e os objetos apreendidos foram encaminhados \u00e0 sede da Pol\u00edcia Federal em Aracaju\/SE para a formaliza\u00e7\u00e3o dos atos de pol\u00edcia judici\u00e1ria.<\/p>\n<p>A FICCO\/SE \u00e9 composta por integrantes da Pol\u00edcia Federal, Pol\u00edcia Civil, Pol\u00edcia Militar, Pol\u00edcia Penal e Secretaria Nacional de Pol\u00edticas Penais e tem como objetivo a integra\u00e7\u00e3o das for\u00e7as de seguran\u00e7a em a\u00e7\u00f5es de combate ao crime organizado.<\/p>\n<p><strong><em>Acompanhe tamb\u00e9m o SE Not\u00edcias no\u00a0<a href=\"https:\/\/www.instagram.com\/senoticias\/\" target=\"_blank\" rel=\"noreferrer noopener\">Instagram<\/a><\/em><\/strong>,\u00a0<strong><em>\u00a0<a href=\"https:\/\/www.facebook.com\/senoticias1\" target=\"_blank\" rel=\"noreferrer noopener\">Facebook<\/a>\u00a0e\u00a0no<\/em>\u00a0<em><a href=\"https:\/\/twitter.com\/Senoticias\">X<\/a><\/em><\/strong><\/p>\n<p>Comunica\u00e7\u00e3o Social da Pol\u00edcia Federal em Sergipe<\/p>\n","protected":false},"excerpt":{"rendered":"<p>Na tarde deste domingo, 23\/03, a For\u00e7a Integrada de Combate ao Crime Organizado em Sergipe &#8211; FICCO\/SE, em a\u00e7\u00e3o conjunta com o Batalh\u00e3o de Pol\u00edcia de R\u00e1dio Patrulha \u2013 BPRP\/PM\/SE, localizou e prendeu, no loteamento Santa Cec\u00edlia, em Nossa Senhora do Socorro, um indiv\u00edduo de 44 anos de idade, natural de Aracaju, que portava, em [&hellip;]<\/p>\n","protected":false},"author":6557,"featured_media":147022,"comment_status":"closed","ping_status":"closed","sticky":false,"template":"","format":"standard","meta":{"footnotes":""},"categories":[15,7,1],"tags":[370,43437,43438,3175],"class_list":{"0":"post-147021","1":"post","2":"type-post","3":"status-publish","4":"format-standard","5":"has-post-thumbnail","7":"category-destaques","8":"category-policia","9":"category-sem-categoria","10":"tag-brasil","11":"tag-ficco-se","12":"tag-forca-integrada-de-combate-ao-crime-organizado-em-sergipe","13":"tag-trafico-de-drogas"},"_links":{"self":[{"href":"https:\/\/senoticias.com.br\/se\/wp-json\/wp\/v2\/posts\/147021"}],"collection":[{"href":"https:\/\/senoticias.com.br\/se\/wp-json\/wp\/v2\/posts"}],"about":[{"href":"https:\/\/senoticias.com.br\/se\/wp-json\/wp\/v2\/types\/post"}],"author":[{"embeddable":true,"href":"https:\/\/senoticias.com.br\/se\/wp-json\/wp\/v2\/users\/6557"}],"replies":[{"embeddable":true,"href":"https:\/\/senoticias.com.br\/se\/wp-json\/wp\/v2\/comments?post=147021"}],"version-history":[{"count":0,"href":"https:\/\/senoticias.com.br\/se\/wp-json\/wp\/v2\/posts\/147021\/revisions"}],"wp:featuredmedia":[{"embeddable":true,"href":"https:\/\/senoticias.com.br\/se\/wp-json\/wp\/v2\/media\/147022"}],"wp:attachment":[{"href":"https:\/\/senoticias.com.br\/se\/wp-json\/wp\/v2\/media?parent=147021"}],"wp:term":[{"taxonomy":"category","embeddable":true,"href":"https:\/\/senoticias.com.br\/se\/wp-json\/wp\/v2\/categories?post=147021"},{"taxonomy":"post_tag","embeddable":true,"href":"https:\/\/senoticias.com.br\/se\/wp-json\/wp\/v2\/tags?post=147021"}],"curies":[{"name":"wp","href":"https:\/\/api.w.org\/{rel}","templated":true}]}}