{"id":146989,"date":"2025-03-20T18:38:15","date_gmt":"2025-03-20T21:38:15","guid":{"rendered":"https:\/\/senoticias.com.br\/se\/?p=146989"},"modified":"2025-03-20T19:16:01","modified_gmt":"2025-03-20T22:16:01","slug":"vereadora-ana-yris-conquista-aprovacao-de-projeto-de-lei-que-barra-nomeacao-de-agressores-em-nossa-senhora-das-dores","status":"publish","type":"post","link":"https:\/\/senoticias.com.br\/se\/vereadora-ana-yris-conquista-aprovacao-de-projeto-de-lei-que-barra-nomeacao-de-agressores-em-nossa-senhora-das-dores\/","title":{"rendered":"Vereadora Ana Yris conquista aprova\u00e7\u00e3o de Projeto de Lei que barra nomea\u00e7\u00e3o de agressores em Nossa Senhora das Dores"},"content":{"rendered":"<p>A C\u00e2mara Municipal de Nossa Senhora das Dores\/SE, aprovou, na \u00faltima segunda-feira, 17, por unanimidade dos presentes, o primeiro Projeto de Lei (PL) de autoria da vereadora Ana Yris (Cidadania), que pro\u00edbe a contrata\u00e7\u00e3o e nomea\u00e7\u00e3o de pessoas condenadas por viol\u00eancia dom\u00e9stica no \u00e2mbito do Poder Executivo e Legislativo Municipal. A iniciativa in\u00e9dita no munic\u00edpio, com aproximadamente 50 dias do in\u00edcio das sess\u00f5es na c\u00e2mara, foi apresentada e aprovada no m\u00eas que enaltece o dia internacional da mulher (08 de mar\u00e7o), e representa um marco na luta contra a impunidade e na defesa dos direitos das mulheres, v\u00edtimas da viol\u00eancia dom\u00e9stica.<\/p>\n<p>A apresenta\u00e7\u00e3o desse projeto reafirma o compromisso da vereadora Ana Yris (Cidadania), com a integridade e o respeito aos direitos humanos, e ressalta a import\u00e2ncia dessa medida para a moralidade administrativa e o combate \u00e0 viol\u00eancia de g\u00eanero. \u201cReafirmo o meu compromisso em continuar cobrando e propondo medidas que visem a prote\u00e7\u00e3o e a garantia dos direitos das nossas mulheres\u201d, salienta a vereadora.<\/p>\n<p>A viol\u00eancia dom\u00e9stica \u00e9 uma realidade alarmante no Brasil, e barrar a nomea\u00e7\u00e3o de condenados por esse crime \u00e9 um passo essencial para fortalecer pol\u00edticas p\u00fablicas de prote\u00e7\u00e3o \u00e0s v\u00edtimas e responsabiliza\u00e7\u00e3o dos agressores.<\/p>\n<div id=\"attachment_146990\" style=\"width: 610px\" class=\"wp-caption aligncenter\"><a href=\"https:\/\/senoticias.com.br\/se\/wp-content\/uploads\/2025\/03\/Vereadora-Ana-Yris-SE-Noticias.jpeg\"><img loading=\"lazy\" decoding=\"async\" aria-describedby=\"caption-attachment-146990\" class=\"size-full wp-image-146990\" src=\"https:\/\/senoticias.com.br\/se\/wp-content\/uploads\/2025\/03\/Vereadora-Ana-Yris-SE-Noticias.jpeg\" alt=\"\" width=\"600\" height=\"583\" srcset=\"https:\/\/senoticias.com.br\/se\/wp-content\/uploads\/2025\/03\/Vereadora-Ana-Yris-SE-Noticias.jpeg 600w, https:\/\/senoticias.com.br\/se\/wp-content\/uploads\/2025\/03\/Vereadora-Ana-Yris-SE-Noticias-300x292.jpeg 300w\" sizes=\"(max-width: 600px) 100vw, 600px\" \/><\/a><p id=\"caption-attachment-146990\" class=\"wp-caption-text\">O Projeto de Lei da vereadora Ana Yris prev\u00ea a proibi\u00e7\u00e3o de nomea\u00e7\u00e3o e contrata\u00e7\u00e3o de condenados na lei Maria da Penha &#8211; Foto: ascom\/divulga\u00e7\u00e3o<\/p><\/div>\n<p>Aguardando a san\u00e7\u00e3o da lei pela prefeita municipal, Nossa Senhora das Dores\/SE se tornar\u00e1 refer\u00eancia na ado\u00e7\u00e3o de medidas concretas contra a viol\u00eancia dom\u00e9stica. A vereadora Ana Yris (cidadania) segue firme em sua miss\u00e3o de construir uma sociedade mais justa, segura e livre de impunidade, afirmando que \u201cn\u00e3o ir\u00e1 recuar diante de qualquer viol\u00eancia\u201d, garantindo desta forma, que o poder p\u00fablico seja um exemplo de respeito e responsabilidade social.<\/p>\n<p><strong><em>Acompanhe tamb\u00e9m o SE Not\u00edcias no\u00a0<a href=\"https:\/\/www.instagram.com\/senoticias\/\" target=\"_blank\" rel=\"noreferrer noopener\">Instagram<\/a><\/em><\/strong>,\u00a0<strong><em>\u00a0<a href=\"https:\/\/www.facebook.com\/senoticias1\" target=\"_blank\" rel=\"noreferrer noopener\">Facebook<\/a>\u00a0e\u00a0no<\/em>\u00a0<em><a href=\"https:\/\/twitter.com\/Senoticias\">X<\/a><\/em><\/strong><\/p>\n<p>Da Assessoria de Imprensa<\/p>\n","protected":false},"excerpt":{"rendered":"<p>A C\u00e2mara Municipal de Nossa Senhora das Dores\/SE, aprovou, na \u00faltima segunda-feira, 17, por unanimidade dos presentes, o primeiro Projeto de Lei (PL) de autoria da vereadora Ana Yris (Cidadania), que pro\u00edbe a contrata\u00e7\u00e3o e nomea\u00e7\u00e3o de pessoas condenadas por viol\u00eancia dom\u00e9stica no \u00e2mbito do Poder Executivo e Legislativo Municipal. A iniciativa in\u00e9dita no munic\u00edpio, [&hellip;]<\/p>\n","protected":false},"author":6557,"featured_media":146990,"comment_status":"closed","ping_status":"closed","sticky":false,"template":"","format":"standard","meta":{"footnotes":""},"categories":[15,38],"tags":[],"class_list":{"0":"post-146989","1":"post","2":"type-post","3":"status-publish","4":"format-standard","5":"has-post-thumbnail","7":"category-destaques","8":"category-municipios"},"_links":{"self":[{"href":"https:\/\/senoticias.com.br\/se\/wp-json\/wp\/v2\/posts\/146989"}],"collection":[{"href":"https:\/\/senoticias.com.br\/se\/wp-json\/wp\/v2\/posts"}],"about":[{"href":"https:\/\/senoticias.com.br\/se\/wp-json\/wp\/v2\/types\/post"}],"author":[{"embeddable":true,"href":"https:\/\/senoticias.com.br\/se\/wp-json\/wp\/v2\/users\/6557"}],"replies":[{"embeddable":true,"href":"https:\/\/senoticias.com.br\/se\/wp-json\/wp\/v2\/comments?post=146989"}],"version-history":[{"count":0,"href":"https:\/\/senoticias.com.br\/se\/wp-json\/wp\/v2\/posts\/146989\/revisions"}],"wp:featuredmedia":[{"embeddable":true,"href":"https:\/\/senoticias.com.br\/se\/wp-json\/wp\/v2\/media\/146990"}],"wp:attachment":[{"href":"https:\/\/senoticias.com.br\/se\/wp-json\/wp\/v2\/media?parent=146989"}],"wp:term":[{"taxonomy":"category","embeddable":true,"href":"https:\/\/senoticias.com.br\/se\/wp-json\/wp\/v2\/categories?post=146989"},{"taxonomy":"post_tag","embeddable":true,"href":"https:\/\/senoticias.com.br\/se\/wp-json\/wp\/v2\/tags?post=146989"}],"curies":[{"name":"wp","href":"https:\/\/api.w.org\/{rel}","templated":true}]}}