{"id":146948,"date":"2025-03-18T18:14:07","date_gmt":"2025-03-18T21:14:07","guid":{"rendered":"https:\/\/senoticias.com.br\/se\/?p=146948"},"modified":"2025-03-18T18:18:17","modified_gmt":"2025-03-18T21:18:17","slug":"policia-civil-prende-em-sp-investigados-envolvidos-com-lavagem-de-dinheiro-e-trafico-de-drogas-em-sergipe","status":"publish","type":"post","link":"https:\/\/senoticias.com.br\/se\/policia-civil-prende-em-sp-investigados-envolvidos-com-lavagem-de-dinheiro-e-trafico-de-drogas-em-sergipe\/","title":{"rendered":"Pol\u00edcia Civil prende, em SP, investigados envolvidos com lavagem de dinheiro e tr\u00e1fico de drogas em Sergipe"},"content":{"rendered":"<p>O Departamento de Narc\u00f3ticos (Denarc), com o aux\u00edlio da Divis\u00e3o de Intelig\u00eancia (Dipol), Coordenadoria de Pol\u00edcia Civil do Interior (Copci) e da Pol\u00edcia Cient\u00edfica (PCi), deflagrou a Opera\u00e7\u00e3o Capture the Flag &#8211; Capture a Bandeira, em portugu\u00eas -, para desarticular um grupo criminoso envolvido com tr\u00e1fico de drogas e lavagem de dinheiro de S\u00e3o Paulo com atua\u00e7\u00e3o em Sergipe, e deteve tr\u00eas investigados em cumprimento a mandados de pris\u00e3o no interior paulista. O grupo tinha im\u00f3veis de alto padr\u00e3o que, juntos, foram avaliados em mais de R$ 5 milh\u00f5es.<\/p>\n<p>A opera\u00e7\u00e3o, que ocorreu nesta ter\u00e7a-feira (18), contou com o apoio operacional da Pol\u00edcia Civil de S\u00e3o Paulo para o cumprimento dos mandados de pris\u00e3o e das decis\u00f5es judiciais de busca e apreens\u00e3o.<\/p>\n<div id=\"attachment_146949\" style=\"width: 589px\" class=\"wp-caption aligncenter\"><a href=\"https:\/\/senoticias.com.br\/se\/wp-content\/uploads\/2025\/03\/Armas-apreendidas-se-noticias.jpeg\"><img loading=\"lazy\" decoding=\"async\" aria-describedby=\"caption-attachment-146949\" class=\"size-full wp-image-146949\" src=\"https:\/\/senoticias.com.br\/se\/wp-content\/uploads\/2025\/03\/Armas-apreendidas-se-noticias.jpeg\" alt=\"\" width=\"579\" height=\"603\" srcset=\"https:\/\/senoticias.com.br\/se\/wp-content\/uploads\/2025\/03\/Armas-apreendidas-se-noticias.jpeg 579w, https:\/\/senoticias.com.br\/se\/wp-content\/uploads\/2025\/03\/Armas-apreendidas-se-noticias-288x300.jpeg 288w\" sizes=\"(max-width: 579px) 100vw, 579px\" \/><\/a><p id=\"caption-attachment-146949\" class=\"wp-caption-text\">Pistola com seletor de rajada tamb\u00e9m foi apreendida &#8211; Foto: SSP\/SE<\/p><\/div>\n<p>De acordo com o diretor do Denarc, Ata\u00edde Alves, a investiga\u00e7\u00e3o que resultou nesta opera\u00e7\u00e3o foi iniciada em fevereiro do ano passado a partir de uma apreens\u00e3o de drogas na cidade de Sim\u00e3o Dias. \u201c\u00c9 uma opera\u00e7\u00e3o que visa o combate \u00e0 lavagem de dinheiro\u201d, enfatizou o delegado. Ainda, segundo as investiga\u00e7\u00f5es, a pol\u00edcia verificou uma outra tentativa de PIX de R$ 25 milh\u00f5es e uma transfer\u00eancia efetivada de R$ 1 milh\u00e3o.<\/p>\n<p>De acordo com o Denarc, o grupo criminoso era liderado por Vanilton Santos de Souza, conhecido como &#8220;Titela&#8221;, e tinha conex\u00f5es com a fac\u00e7\u00e3o criminosa paulista de atua\u00e7\u00e3o nacional. A organiza\u00e7\u00e3o enviava coca\u00edna para os estados de Sergipe e Bahia, utilizando embalagens personalizadas com a imagem da bandeira da Col\u00f4mbia ou do traficante colombiano Pablo Escobar.<\/p>\n<p>Al\u00e9m disso, a quadrilha investia em im\u00f3veis de alto padr\u00e3o para ocultar os lucros il\u00edcitos, com cinco propriedades j\u00e1 identificadas e bloqueadas judicialmente. Durante a apura\u00e7\u00e3o policial, o Denarc identificou que uma fam\u00edlia denominada de \u2018Col\u00f4mbia\u2019 enviava dinheiro a Sergipe para efetuar a lavagem de dinheiro. \u201cNo decorrer do inqu\u00e9rito policial, foi decretada pela Justi\u00e7a a indisponibilidade de cinco im\u00f3veis de alto padr\u00e3o, evidenciando a necessidade de combater a lavagem de dinheiro\u201d, enfatizou o delegado.<\/p>\n<p>Ainda conforme o delegado, a investiga\u00e7\u00e3o verificou que o grupo criminoso trazia coca\u00edna para Sergipe e Bahia. \u201cA droga vinha, geralmente, com a imagem da bandeira da Col\u00f4mbia ou ainda com a foto do traficante colombiano Pablo Escobar. O grupo criminoso \u00e9 integrante da fac\u00e7\u00e3o criminosa paulista de atua\u00e7\u00e3o nacional\u201d, contextualizou Ata\u00edde Alves.<\/p>\n<p>Durante a opera\u00e7\u00e3o, al\u00e9m do sequestro judicial dos im\u00f3veis e ve\u00edculos, foram apreendidas pistolas pertencentes a integrantes do grupo criminoso. Dentre as armas localizadas e apreendidas, est\u00e1 uma pistola Glock, com seletor de rajadas. Esta a\u00e7\u00e3o policial tamb\u00e9m \u00e9 um desdobramento da Opera\u00e7\u00e3o Narke III, coordenada pelo Minist\u00e9rio da Justi\u00e7a e Seguran\u00e7a P\u00fablica (MJSP).<\/p>\n<p>Ao todo, foram cumpridos tr\u00eas mandados de pris\u00e3o preventiva e sete mandados de busca e apreens\u00e3o. Al\u00e9m disso, foram apreendidos ve\u00edculos, um quadriciclo, joias, celulares e diversos dispositivos eletr\u00f4nicos, refor\u00e7ando o combate \u00e0 estrutura financeira do grupo criminoso.<\/p>\n<p>Al\u00e9m das unidades de Sergipe, deram apoio em S\u00e3o Paulo a Divis\u00e3o de Capturas\/DOPE, com apoio na capital, e o DEINTER-6 em Bertioga.<\/p>\n<p><strong>Nome da Opera\u00e7\u00e3o<\/strong><\/p>\n<p>A opera\u00e7\u00e3o foi intitulada de Capture the Flag &#8211; ou em portugu\u00eas, Capture a Bandeira &#8211; em refer\u00eancia a um jogo de estrat\u00e9gia e em alus\u00e3o a uma bandeira da Col\u00f4mbia que est\u00e1 no fundo de uma piscina de um im\u00f3vel avaliado em Bertioga (SP). \u201c\u00c9 um grupo que ostentava um padr\u00e3o de vida incompat\u00edvel com o padr\u00e3o de renda, j\u00e1 que a resid\u00eancia est\u00e1 avaliada em R$ 2 milh\u00f5es\u201d, concluiu o diretor do Denarc.<\/p>\n<p><strong><em>Acompanhe tamb\u00e9m o SE Not\u00edcias no\u00a0<a href=\"https:\/\/www.instagram.com\/senoticias\/\" target=\"_blank\" rel=\"noreferrer noopener\">Instagram<\/a><\/em><\/strong>,\u00a0<strong><em>\u00a0<a href=\"https:\/\/www.facebook.com\/senoticias1\" target=\"_blank\" rel=\"noreferrer noopener\">Facebook<\/a>\u00a0e\u00a0no<\/em>\u00a0<em><a href=\"https:\/\/twitter.com\/Senoticias\">X<\/a><\/em><\/strong><\/p>\n<p>Fonte: SSP\/SE<\/p>\n","protected":false},"excerpt":{"rendered":"<p>O Departamento de Narc\u00f3ticos (Denarc), com o aux\u00edlio da Divis\u00e3o de Intelig\u00eancia (Dipol), Coordenadoria de Pol\u00edcia Civil do Interior (Copci) e da Pol\u00edcia Cient\u00edfica (PCi), deflagrou a Opera\u00e7\u00e3o Capture the Flag &#8211; Capture a Bandeira, em portugu\u00eas -, para desarticular um grupo criminoso envolvido com tr\u00e1fico de drogas e lavagem de dinheiro de S\u00e3o Paulo [&hellip;]<\/p>\n","protected":false},"author":6557,"featured_media":146949,"comment_status":"closed","ping_status":"closed","sticky":false,"template":"","format":"standard","meta":{"footnotes":""},"categories":[15,7],"tags":[43401,43402],"class_list":{"0":"post-146948","1":"post","2":"type-post","3":"status-publish","4":"format-standard","5":"has-post-thumbnail","7":"category-destaques","8":"category-policia","9":"tag-capture-the-flag","10":"tag-pistola-com-seletor-de-rajada"},"_links":{"self":[{"href":"https:\/\/senoticias.com.br\/se\/wp-json\/wp\/v2\/posts\/146948"}],"collection":[{"href":"https:\/\/senoticias.com.br\/se\/wp-json\/wp\/v2\/posts"}],"about":[{"href":"https:\/\/senoticias.com.br\/se\/wp-json\/wp\/v2\/types\/post"}],"author":[{"embeddable":true,"href":"https:\/\/senoticias.com.br\/se\/wp-json\/wp\/v2\/users\/6557"}],"replies":[{"embeddable":true,"href":"https:\/\/senoticias.com.br\/se\/wp-json\/wp\/v2\/comments?post=146948"}],"version-history":[{"count":0,"href":"https:\/\/senoticias.com.br\/se\/wp-json\/wp\/v2\/posts\/146948\/revisions"}],"wp:featuredmedia":[{"embeddable":true,"href":"https:\/\/senoticias.com.br\/se\/wp-json\/wp\/v2\/media\/146949"}],"wp:attachment":[{"href":"https:\/\/senoticias.com.br\/se\/wp-json\/wp\/v2\/media?parent=146948"}],"wp:term":[{"taxonomy":"category","embeddable":true,"href":"https:\/\/senoticias.com.br\/se\/wp-json\/wp\/v2\/categories?post=146948"},{"taxonomy":"post_tag","embeddable":true,"href":"https:\/\/senoticias.com.br\/se\/wp-json\/wp\/v2\/tags?post=146948"}],"curies":[{"name":"wp","href":"https:\/\/api.w.org\/{rel}","templated":true}]}}