{"id":146920,"date":"2025-03-15T19:26:12","date_gmt":"2025-03-15T22:26:12","guid":{"rendered":"https:\/\/senoticias.com.br\/se\/?p=146920"},"modified":"2025-03-15T19:26:12","modified_gmt":"2025-03-15T22:26:12","slug":"aracaju-agora-tem-patinetes-e-bicicletas-eletricas-para-aluguel-entenda-como-funciona","status":"publish","type":"post","link":"https:\/\/senoticias.com.br\/se\/aracaju-agora-tem-patinetes-e-bicicletas-eletricas-para-aluguel-entenda-como-funciona\/","title":{"rendered":"Aracaju agora tem patinetes e bicicletas el\u00e9tricas para aluguel; entenda como funciona"},"content":{"rendered":"<p>Cerca de 600 patinetes el\u00e9tricos e 120 bicicletas el\u00e9tricas come\u00e7aram, neste s\u00e1bado (15), a fazer parte do cen\u00e1rio urbano de Aracaju. O lan\u00e7amento das bicicletas e patinetes compartilhados aconteceu na pista de patins na Orla de Atalaia.<\/p>\n<p>\u00c9 importante ressaltar que o servi\u00e7o \u00e9 particular e que o uso das bicicletas e patinetes est\u00e1 sujeito a um plano de pagamento baseado no tempo de utiliza\u00e7\u00e3o. A tarifa \u00e9 de R$ 0,25 por minuto para ambos os ve\u00edculos, o que equivale a R$ 15 por hora..<\/p>\n<p><strong>Patinetes el\u00e9tricos<\/strong><\/p>\n<p>Os patinetes el\u00e9tricos da Jet, entregues na manh\u00e3 deste s\u00e1bado pela prefeita Em\u00edlia Corr\u00eaa, s\u00e3o equipados com suporte e entrada para carregar o celular, sistema de GPS e desenvolvem uma velocidade m\u00e1xima de 20 km por hora. Para utilizar, o usu\u00e1rio deve baixar o aplicativo da Jet, escanear o QR Code e come\u00e7ar a andar. Por enquanto foram instalados 162 pontos espalhados pela Orla da Atalaia, e o usu\u00e1rio pode, ao finalizar o passeio, entregar o patinete em qualquer um desses locais.<\/p>\n<p>Para poder andar no patinete, o usu\u00e1rio pode pagar via Pix ou cart\u00e3o de cr\u00e9dito. Pelo aplicativo, o usu\u00e1rio pode contratar diversos planos de assinatura, seja mensal ou anual, que v\u00e3o de R$ 14,99 at\u00e9 R$ 49,99, e que ao contratar, a pessoa fica isenta da taxa de desbloqueio do patinete. Se a pessoa optar por n\u00e3o aderir a nenhum plano, ela paga por minuto rodado, al\u00e9m da taxa do desbloqueio.<\/p>\n<p>De acordo com a representante da Jet, Galya Siqueira, o usu\u00e1rio n\u00e3o precisa se preocupar com o carregamento da bateria do patinete, pois isso \u00e9 feito pela pr\u00f3pria empresa. Ao escolher o patinete e ler o QR Code, a pessoa j\u00e1 visualiza a porcentagem de bateria carregada, que tem, no m\u00e1ximo, at\u00e9 quatro horas de dura\u00e7\u00e3o.<\/p>\n<div id=\"attachment_146921\" style=\"width: 584px\" class=\"wp-caption aligncenter\"><a href=\"https:\/\/senoticias.com.br\/se\/wp-content\/uploads\/2025\/03\/Patinetes-eletricas-se-noticias.jpg\"><img loading=\"lazy\" decoding=\"async\" aria-describedby=\"caption-attachment-146921\" class=\"size-full wp-image-146921\" src=\"https:\/\/senoticias.com.br\/se\/wp-content\/uploads\/2025\/03\/Patinetes-eletricas-se-noticias.jpg\" alt=\"\" width=\"574\" height=\"765\" srcset=\"https:\/\/senoticias.com.br\/se\/wp-content\/uploads\/2025\/03\/Patinetes-eletricas-se-noticias.jpg 574w, https:\/\/senoticias.com.br\/se\/wp-content\/uploads\/2025\/03\/Patinetes-eletricas-se-noticias-225x300.jpg 225w\" sizes=\"(max-width: 574px) 100vw, 574px\" \/><\/a><p id=\"caption-attachment-146921\" class=\"wp-caption-text\"><br \/>Patinetes e bicicletas el\u00e9tricas chegam a Aracaju, mas n\u00e3o s\u00e3o gratuitas nem p\u00fablicas &#8211; Foto: ascom\/SMTT<\/p><\/div>\n<p>\u201cA gente agradece a Aracaju por nos receber de bra\u00e7os abertos. Os patinetes el\u00e9tricos s\u00e3o um modal que n\u00e3o emite carbono, ent\u00e3o \u00e9 muito bom para o meio ambiente. Tamb\u00e9m \u00e9 muito bom para a cidade, para evitar engarrafamentos. Ent\u00e3o a pessoa pode usar para se divertir ou utilizar para a micromobilidade. A gente n\u00e3o quer impor regras, mas a gente sugere algumas coisas para a seguran\u00e7a dos usu\u00e1rios, como o uso do capacete, a n\u00e3o utiliza\u00e7\u00e3o por pessoas menores de 18 anos, e a n\u00e3o utiliza\u00e7\u00e3o de duas pessoas ao mesmo tempo no mesmo patinete, pois ele foi projetado para apenas uma pessoa andar. Tamb\u00e9m n\u00e3o \u00e9 recomendado utilizar o patinete alcoolizado, e nem levar carga\u201d, explicou Galya Siqueira.<\/p>\n<p><strong><em>Acompanhe tamb\u00e9m o SE Not\u00edcias no\u00a0<a href=\"https:\/\/www.instagram.com\/senoticias\/\" target=\"_blank\" rel=\"noreferrer noopener\">Instagram<\/a><\/em><\/strong>,\u00a0<strong><em>\u00a0<a href=\"https:\/\/www.facebook.com\/senoticias1\" target=\"_blank\" rel=\"noreferrer noopener\">Facebook<\/a>\u00a0e\u00a0no<\/em>\u00a0<em><a href=\"https:\/\/twitter.com\/Senoticias\">X<\/a><\/em><\/strong><\/p>\n<p>Com informa\u00e7\u00f5es da Ascom\/SMTT<\/p>\n","protected":false},"excerpt":{"rendered":"<p>Cerca de 600 patinetes el\u00e9tricos e 120 bicicletas el\u00e9tricas come\u00e7aram, neste s\u00e1bado (15), a fazer parte do cen\u00e1rio urbano de Aracaju. O lan\u00e7amento das bicicletas e patinetes compartilhados aconteceu na pista de patins na Orla de Atalaia. \u00c9 importante ressaltar que o servi\u00e7o \u00e9 particular e que o uso das bicicletas e patinetes est\u00e1 sujeito [&hellip;]<\/p>\n","protected":false},"author":6557,"featured_media":146921,"comment_status":"closed","ping_status":"closed","sticky":false,"template":"","format":"standard","meta":{"footnotes":""},"categories":[15,6],"tags":[43388,39258,43387],"class_list":{"0":"post-146920","1":"post","2":"type-post","3":"status-publish","4":"format-standard","5":"has-post-thumbnail","7":"category-destaques","8":"category-politica","9":"tag-aracaju-tem-patinetes","10":"tag-bicicletas-eletricas","11":"tag-patinetes"},"_links":{"self":[{"href":"https:\/\/senoticias.com.br\/se\/wp-json\/wp\/v2\/posts\/146920"}],"collection":[{"href":"https:\/\/senoticias.com.br\/se\/wp-json\/wp\/v2\/posts"}],"about":[{"href":"https:\/\/senoticias.com.br\/se\/wp-json\/wp\/v2\/types\/post"}],"author":[{"embeddable":true,"href":"https:\/\/senoticias.com.br\/se\/wp-json\/wp\/v2\/users\/6557"}],"replies":[{"embeddable":true,"href":"https:\/\/senoticias.com.br\/se\/wp-json\/wp\/v2\/comments?post=146920"}],"version-history":[{"count":0,"href":"https:\/\/senoticias.com.br\/se\/wp-json\/wp\/v2\/posts\/146920\/revisions"}],"wp:featuredmedia":[{"embeddable":true,"href":"https:\/\/senoticias.com.br\/se\/wp-json\/wp\/v2\/media\/146921"}],"wp:attachment":[{"href":"https:\/\/senoticias.com.br\/se\/wp-json\/wp\/v2\/media?parent=146920"}],"wp:term":[{"taxonomy":"category","embeddable":true,"href":"https:\/\/senoticias.com.br\/se\/wp-json\/wp\/v2\/categories?post=146920"},{"taxonomy":"post_tag","embeddable":true,"href":"https:\/\/senoticias.com.br\/se\/wp-json\/wp\/v2\/tags?post=146920"}],"curies":[{"name":"wp","href":"https:\/\/api.w.org\/{rel}","templated":true}]}}