{"id":146916,"date":"2025-03-15T18:38:03","date_gmt":"2025-03-15T21:38:03","guid":{"rendered":"https:\/\/senoticias.com.br\/se\/?p=146916"},"modified":"2025-03-15T18:40:40","modified_gmt":"2025-03-15T21:40:40","slug":"conselho-de-educacao-fisica-interdita-quatro-academias-interditadas-e-flagra-quatro-pessoas-por-exercicio-ilegal-da-profissao","status":"publish","type":"post","link":"https:\/\/senoticias.com.br\/se\/conselho-de-educacao-fisica-interdita-quatro-academias-interditadas-e-flagra-quatro-pessoas-por-exercicio-ilegal-da-profissao\/","title":{"rendered":"Conselho de Educa\u00e7\u00e3o F\u00edsica interdita quatro academias e flagra quatro pessoas por exerc\u00edcio ilegal da profiss\u00e3o"},"content":{"rendered":"<p>O Conselho Regional de Educa\u00e7\u00e3o F\u00edsica da 20\u00aa Regi\u00e3o Sergipe (CREF20\/SE) realizou, entre os dias 10 e 14 de mar\u00e7o, uma ampla a\u00e7\u00e3o de fiscaliza\u00e7\u00e3o em 11 munic\u00edpios do interior do estado.<\/p>\n<p>Durante a fiscaliza\u00e7\u00e3o, quatro academias foram interditadas por funcionamento irregular, al\u00e9m de outras notifica\u00e7\u00f5es e autua\u00e7\u00f5es aplicadas a profissionais e estabelecimentos.<\/p>\n<p>As fiscaliza\u00e7\u00f5es ocorreram nos munic\u00edpios de Japaratuba, Pirambu, Amparo do S\u00e3o Francisco, Gararu, Nossa Senhora da Gl\u00f3ria, Monte Alegre de Sergipe, Porto da Folha, Canind\u00e9 do S\u00e3o Francisco, Po\u00e7o Redondo, S\u00e3o Miguel do Aleixo e Nossa Senhora Aparecida.<\/p>\n<p>De acordo com o CREF20\/SE, as academias interditadas sem registro j\u00e1 haviam sido fiscalizadas anteriormente e receberam prazos para regularizar a situa\u00e7\u00e3o, mas n\u00e3o compareceram ao Conselho para a devida adequa\u00e7\u00e3o.<\/p>\n<div id=\"attachment_146917\" style=\"width: 609px\" class=\"wp-caption aligncenter\"><a href=\"https:\/\/senoticias.com.br\/se\/wp-content\/uploads\/2025\/03\/Academias-interditadas-SE-Noticias.jpeg\"><img loading=\"lazy\" decoding=\"async\" aria-describedby=\"caption-attachment-146917\" class=\"size-full wp-image-146917\" src=\"https:\/\/senoticias.com.br\/se\/wp-content\/uploads\/2025\/03\/Academias-interditadas-SE-Noticias.jpeg\" alt=\"\" width=\"599\" height=\"889\" srcset=\"https:\/\/senoticias.com.br\/se\/wp-content\/uploads\/2025\/03\/Academias-interditadas-SE-Noticias.jpeg 599w, https:\/\/senoticias.com.br\/se\/wp-content\/uploads\/2025\/03\/Academias-interditadas-SE-Noticias-202x300.jpeg 202w\" sizes=\"(max-width: 599px) 100vw, 599px\" \/><\/a><p id=\"caption-attachment-146917\" class=\"wp-caption-text\">CREF20\/SE interdita quatro academias interditadas e quatro pessoas flagradas por exerc\u00edcio ilegal da profiss\u00e3o &#8211; Foto: ascom\/divulga\u00e7\u00e3o<\/p><\/div>\n<p>Academias interditadas<\/p>\n<p><strong>As interdi\u00e7\u00f5es ocorreram nos seguintes munic\u00edpios:<\/strong><\/p>\n<p><strong>Japaratuba<\/strong> \u2013 Aus\u00eancia de registro da empresa e exerc\u00edcio ilegal da profiss\u00e3o.<br \/>\n<strong>Pirambu<\/strong> \u2013 Sem registro da empresa e sem supervis\u00e3o profissional.<br \/>\n<strong>Po\u00e7o Redondo<\/strong> \u2013 Sem registro da empresa e sem supervis\u00e3o profissional.<br \/>\n<strong>Gararu<\/strong> \u2013 Sem registro da empresa, sem supervis\u00e3o profissional e est\u00e1gio sem contrato.<\/p>\n<p>\u201cTodas as academias que oferecem servi\u00e7os na \u00e1rea da Educa\u00e7\u00e3o F\u00edsica devem estar devidamente registradas e precisam contar com um profissional registrado como respons\u00e1vel t\u00e9cnico. Essas academias j\u00e1 haviam sido notificadas anteriormente, mas n\u00e3o regularizaram a situa\u00e7\u00e3o dentro do prazo estabelecido\u201d, explicou a supervisora de orienta\u00e7\u00e3o e fiscaliza\u00e7\u00e3o do CREF20\/SE, Caroline Martins.<\/p>\n<p><strong>Outras infra\u00e7\u00f5es encontradas<\/strong><\/p>\n<p>Al\u00e9m das interdi\u00e7\u00f5es, a opera\u00e7\u00e3o identificou diversas irregularidades:<\/p>\n<p><strong>4 academias<\/strong> notificadas por permitir o exerc\u00edcio ilegal da profiss\u00e3o;<br \/>\n<strong>10 academias<\/strong> multadas por aus\u00eancia de supervis\u00e3o profissional;<br \/>\n<strong>7 respons\u00e1veis<\/strong> t\u00e9cnicos autuados por descumprirem obriga\u00e7\u00f5es inerentes \u00e0 fun\u00e7\u00e3o;<br \/>\n<strong>6 estagi\u00e1rios<\/strong> sem contrato de est\u00e1gio;<br \/>\n4 pessoas notificadas por exerc\u00edcio ilegal da profiss\u00e3o.<\/p>\n<p>Por outro lado, a fiscaliza\u00e7\u00e3o constatou 13 academias em conformidade com as normas e 17 profissionais devidamente registrados e regulares.<\/p>\n<p>Mat\u00e9ria enviada pela assessoria de imprensa\/CREF20\/SE<\/p>\n<p><strong><em>Acompanhe tamb\u00e9m o SE Not\u00edcias no\u00a0<a href=\"https:\/\/www.instagram.com\/senoticias\/\" target=\"_blank\" rel=\"noreferrer noopener\">Instagram<\/a><\/em><\/strong>,\u00a0<strong><em>\u00a0<a href=\"https:\/\/www.facebook.com\/senoticias1\" target=\"_blank\" rel=\"noreferrer noopener\">Facebook<\/a>\u00a0e\u00a0no<\/em>\u00a0<em><a href=\"https:\/\/twitter.com\/Senoticias\">X<\/a><\/em><\/strong><\/p>\n","protected":false},"excerpt":{"rendered":"<p>O Conselho Regional de Educa\u00e7\u00e3o F\u00edsica da 20\u00aa Regi\u00e3o Sergipe (CREF20\/SE) realizou, entre os dias 10 e 14 de mar\u00e7o, uma ampla a\u00e7\u00e3o de fiscaliza\u00e7\u00e3o em 11 munic\u00edpios do interior do estado. Durante a fiscaliza\u00e7\u00e3o, quatro academias foram interditadas por funcionamento irregular, al\u00e9m de outras notifica\u00e7\u00f5es e autua\u00e7\u00f5es aplicadas a profissionais e estabelecimentos. As fiscaliza\u00e7\u00f5es [&hellip;]<\/p>\n","protected":false},"author":6557,"featured_media":146917,"comment_status":"closed","ping_status":"closed","sticky":false,"template":"","format":"standard","meta":{"footnotes":""},"categories":[15,7],"tags":[43386,10520,34690,10519],"class_list":{"0":"post-146916","1":"post","2":"type-post","3":"status-publish","4":"format-standard","5":"has-post-thumbnail","7":"category-destaques","8":"category-policia","9":"tag-academias-interditadas","10":"tag-conselho-regional-de-educacao-fisica","11":"tag-cref20-se","12":"tag-exercicio-ilegal-da-profissao"},"_links":{"self":[{"href":"https:\/\/senoticias.com.br\/se\/wp-json\/wp\/v2\/posts\/146916"}],"collection":[{"href":"https:\/\/senoticias.com.br\/se\/wp-json\/wp\/v2\/posts"}],"about":[{"href":"https:\/\/senoticias.com.br\/se\/wp-json\/wp\/v2\/types\/post"}],"author":[{"embeddable":true,"href":"https:\/\/senoticias.com.br\/se\/wp-json\/wp\/v2\/users\/6557"}],"replies":[{"embeddable":true,"href":"https:\/\/senoticias.com.br\/se\/wp-json\/wp\/v2\/comments?post=146916"}],"version-history":[{"count":0,"href":"https:\/\/senoticias.com.br\/se\/wp-json\/wp\/v2\/posts\/146916\/revisions"}],"wp:featuredmedia":[{"embeddable":true,"href":"https:\/\/senoticias.com.br\/se\/wp-json\/wp\/v2\/media\/146917"}],"wp:attachment":[{"href":"https:\/\/senoticias.com.br\/se\/wp-json\/wp\/v2\/media?parent=146916"}],"wp:term":[{"taxonomy":"category","embeddable":true,"href":"https:\/\/senoticias.com.br\/se\/wp-json\/wp\/v2\/categories?post=146916"},{"taxonomy":"post_tag","embeddable":true,"href":"https:\/\/senoticias.com.br\/se\/wp-json\/wp\/v2\/tags?post=146916"}],"curies":[{"name":"wp","href":"https:\/\/api.w.org\/{rel}","templated":true}]}}