{"id":146910,"date":"2025-03-14T13:51:03","date_gmt":"2025-03-14T16:51:03","guid":{"rendered":"https:\/\/senoticias.com.br\/se\/?p=146910"},"modified":"2025-03-14T13:51:03","modified_gmt":"2025-03-14T16:51:03","slug":"acao-conjunta-apreende-celular-e-vestimentas-militares-em-investigacao-sobre-apologia-ao-nazismo-em-simao-dias","status":"publish","type":"post","link":"https:\/\/senoticias.com.br\/se\/acao-conjunta-apreende-celular-e-vestimentas-militares-em-investigacao-sobre-apologia-ao-nazismo-em-simao-dias\/","title":{"rendered":"A\u00e7\u00e3o conjunta apreende celular e vestimentas militares em investiga\u00e7\u00e3o sobre apologia ao nazismo em Sim\u00e3o Dias"},"content":{"rendered":"<p class=\"p1\"><span class=\"s1\">Policiais civis da Delegacia de Sim\u00e3o Dias, com o apoio do 7\u00ba Batalh\u00e3o da Pol\u00edcia Militar (7\u00ba BPM) cumpriram um mandado de busca e apreens\u00e3o no endere\u00e7o de um adolescente de 17 anos. Ele \u00e9 investigado por participa\u00e7\u00e3o ativa em aplicativos de troca de mensagens nos grupos de apoio ao nazismo e outras ideologias extremistas. Na a\u00e7\u00e3o policial, que ocorreu nesta sexta-feira (14), foram apreendidos o celular do adolescente, vestimentas militares e balaclavas.<\/span><\/p>\n<p><a href=\"https:\/\/senoticias.com.br\/se\/wp-content\/uploads\/2025\/03\/IMG_0137-e1741970975448.jpeg\"><img loading=\"lazy\" decoding=\"async\" class=\"size-full wp-image-146911 aligncenter\" src=\"https:\/\/senoticias.com.br\/se\/wp-content\/uploads\/2025\/03\/IMG_0137-e1741970975448.jpeg\" alt=\"\" width=\"508\" height=\"348\" \/><\/a><\/p>\n<p class=\"p1\"><span class=\"s1\">De acordo com as investiga\u00e7\u00f5es, o adolescente publicava conte\u00fado de intoler\u00e2ncia religiosa e sauda\u00e7\u00f5es associadas ao nazismo e fascismo. Ele ainda chegou a fazer postagens com imagens relativas a s\u00edmbolos de partidos fascistas e movimentos ultranacionalistas.<\/span><\/p>\n<p class=\"p1\"><span class=\"s1\">No celular\u00a0do adolescente\u00a0foram encontradas diversas imagens de Adolf Hitler e da su\u00e1stica, principal s\u00edmbolo do partido nazista.\u00a0<\/span><\/p>\n<p class=\"p1\"><span class=\"s1\">As investiga\u00e7\u00f5es seguem em andamento, e a Pol\u00edcia Civil solicita que informa\u00e7\u00f5es e den\u00fancias sobre crimes e suspeitos de a\u00e7\u00f5es criminosas sejam repassadas \u00e0 pol\u00edcia por meio do Disque-Den\u00fancia, no telefone 181. O sigilo do denunciante \u00e9 garantido.<\/span><\/p>\n<p><strong><em>Acompanhe tamb\u00e9m o SE Not\u00edcias no\u00a0<a href=\"https:\/\/www.instagram.com\/senoticias\/\" target=\"_blank\" rel=\"noreferrer noopener\">Instagram<\/a><\/em><\/strong>,\u00a0<strong><em>\u00a0<a href=\"https:\/\/www.facebook.com\/senoticias1\" target=\"_blank\" rel=\"noreferrer noopener\">Facebook<\/a>\u00a0e\u00a0no<\/em>\u00a0<em><a href=\"https:\/\/twitter.com\/Senoticias\">X<\/a><\/em><\/strong><\/p>\n<p>Fonte: SSP SE<\/p>\n","protected":false},"excerpt":{"rendered":"<p>Policiais civis da Delegacia de Sim\u00e3o Dias, com o apoio do 7\u00ba Batalh\u00e3o da Pol\u00edcia Militar (7\u00ba BPM) cumpriram um mandado de busca e apreens\u00e3o no endere\u00e7o de um adolescente de 17 anos. Ele \u00e9 investigado por participa\u00e7\u00e3o ativa em aplicativos de troca de mensagens nos grupos de apoio ao nazismo e outras ideologias extremistas. [&hellip;]<\/p>\n","protected":false},"author":6557,"featured_media":0,"comment_status":"closed","ping_status":"closed","sticky":false,"template":"","format":"standard","meta":{"footnotes":""},"categories":[15,7,1],"tags":[42469,3179],"class_list":{"0":"post-146910","1":"post","2":"type-post","3":"status-publish","4":"format-standard","6":"category-destaques","7":"category-policia","8":"category-sem-categoria","9":"tag-apologia-ao-nazismo","10":"tag-crime"},"_links":{"self":[{"href":"https:\/\/senoticias.com.br\/se\/wp-json\/wp\/v2\/posts\/146910"}],"collection":[{"href":"https:\/\/senoticias.com.br\/se\/wp-json\/wp\/v2\/posts"}],"about":[{"href":"https:\/\/senoticias.com.br\/se\/wp-json\/wp\/v2\/types\/post"}],"author":[{"embeddable":true,"href":"https:\/\/senoticias.com.br\/se\/wp-json\/wp\/v2\/users\/6557"}],"replies":[{"embeddable":true,"href":"https:\/\/senoticias.com.br\/se\/wp-json\/wp\/v2\/comments?post=146910"}],"version-history":[{"count":0,"href":"https:\/\/senoticias.com.br\/se\/wp-json\/wp\/v2\/posts\/146910\/revisions"}],"wp:attachment":[{"href":"https:\/\/senoticias.com.br\/se\/wp-json\/wp\/v2\/media?parent=146910"}],"wp:term":[{"taxonomy":"category","embeddable":true,"href":"https:\/\/senoticias.com.br\/se\/wp-json\/wp\/v2\/categories?post=146910"},{"taxonomy":"post_tag","embeddable":true,"href":"https:\/\/senoticias.com.br\/se\/wp-json\/wp\/v2\/tags?post=146910"}],"curies":[{"name":"wp","href":"https:\/\/api.w.org\/{rel}","templated":true}]}}