{"id":146899,"date":"2025-03-13T11:32:14","date_gmt":"2025-03-13T14:32:14","guid":{"rendered":"https:\/\/senoticias.com.br\/se\/?p=146899"},"modified":"2025-03-13T11:32:14","modified_gmt":"2025-03-13T14:32:14","slug":"policia-civil-prende-dois-homens-em-flagrante-por-arrombamentos-e-furtos-a-lojas-do-centro-de-aracaju","status":"publish","type":"post","link":"https:\/\/senoticias.com.br\/se\/policia-civil-prende-dois-homens-em-flagrante-por-arrombamentos-e-furtos-a-lojas-do-centro-de-aracaju\/","title":{"rendered":"Pol\u00edcia Civil prende dois homens em flagrante por arrombamentos e furtos a lojas do Centro de Aracaju"},"content":{"rendered":"<p>&nbsp;<\/p>\n<p>Policiais civis da 2\u00aa Delegacia Metropolitana (DM) prenderam dois homens em flagrante por arrombamentos e furtos cometidos em lojas da regi\u00e3o central de Aracaju. A a\u00e7\u00e3o policial ocorreu nesta quarta-feira (12)<\/p>\n<p>&nbsp;<\/p>\n<div id=\"attachment_146900\" style=\"width: 560px\" class=\"wp-caption aligncenter\"><a href=\"https:\/\/senoticias.com.br\/se\/wp-content\/uploads\/2025\/03\/IMG_0129.jpeg\"><img loading=\"lazy\" decoding=\"async\" aria-describedby=\"caption-attachment-146900\" class=\"size-full wp-image-146900\" src=\"https:\/\/senoticias.com.br\/se\/wp-content\/uploads\/2025\/03\/IMG_0129.jpeg\" alt=\"\" width=\"550\" height=\"330\" srcset=\"https:\/\/senoticias.com.br\/se\/wp-content\/uploads\/2025\/03\/IMG_0129.jpeg 550w, https:\/\/senoticias.com.br\/se\/wp-content\/uploads\/2025\/03\/IMG_0129-300x180.jpeg 300w\" sizes=\"(max-width: 550px) 100vw, 550px\" \/><\/a><p id=\"caption-attachment-146900\" class=\"wp-caption-text\">A opera\u00e7\u00e3o foi coordenada pelo delegado Greg\u00f3rio Bezerra \u2013 Foto: SSP\/SE<\/p><\/div>\n<p>De acordo com o delegado Greg\u00f3rio Bezerra, no momento da pris\u00e3o, os suspeitos foram flagrados ainda em posse dos equipamentos furtados de duas lojas. \u201cOs bens recuperados pela pol\u00edcia foram entregues aos seus leg\u00edtimos propriet\u00e1rios\u201d, ressaltou.<\/p>\n<p>Ainda conforme o delegado, o objetivo de a\u00e7\u00f5es policiais como a deflagrada nesta quarta-feira, al\u00e9m de prender os suspeitos, \u00e9 o de restituir os objetos furtados. \u201cT\u00e3o importante quanto a responsabiliza\u00e7\u00e3o criminal, \u00e9 a recupera\u00e7\u00e3o do patrim\u00f4nio\u201d, evidenciou.<\/p>\n<p>A Pol\u00edcia Civil solicita que informa\u00e7\u00f5es e den\u00fancias sobre crimes e suspeitos de a\u00e7\u00f5es criminosas sejam repassadas \u00e0 pol\u00edcia por meio do Disque-Den\u00fancia, no telefone 181. O sigilo do denunciante \u00e9 garantido.<\/p>\n<p>Fonte: ascom\/SSP\/SE<\/p>\n","protected":false},"excerpt":{"rendered":"<p>&nbsp; Policiais civis da 2\u00aa Delegacia Metropolitana (DM) prenderam dois homens em flagrante por arrombamentos e furtos cometidos em lojas da regi\u00e3o central de Aracaju. A a\u00e7\u00e3o policial ocorreu nesta quarta-feira (12) &nbsp; De acordo com o delegado Greg\u00f3rio Bezerra, no momento da pris\u00e3o, os suspeitos foram flagrados ainda em posse dos equipamentos furtados de [&hellip;]<\/p>\n","protected":false},"author":6557,"featured_media":0,"comment_status":"closed","ping_status":"closed","sticky":false,"template":"","format":"standard","meta":{"footnotes":""},"categories":[15,7],"tags":[2953,78],"class_list":{"0":"post-146899","1":"post","2":"type-post","3":"status-publish","4":"format-standard","6":"category-destaques","7":"category-policia","8":"tag-apreensao","9":"tag-policia-civil"},"_links":{"self":[{"href":"https:\/\/senoticias.com.br\/se\/wp-json\/wp\/v2\/posts\/146899"}],"collection":[{"href":"https:\/\/senoticias.com.br\/se\/wp-json\/wp\/v2\/posts"}],"about":[{"href":"https:\/\/senoticias.com.br\/se\/wp-json\/wp\/v2\/types\/post"}],"author":[{"embeddable":true,"href":"https:\/\/senoticias.com.br\/se\/wp-json\/wp\/v2\/users\/6557"}],"replies":[{"embeddable":true,"href":"https:\/\/senoticias.com.br\/se\/wp-json\/wp\/v2\/comments?post=146899"}],"version-history":[{"count":0,"href":"https:\/\/senoticias.com.br\/se\/wp-json\/wp\/v2\/posts\/146899\/revisions"}],"wp:attachment":[{"href":"https:\/\/senoticias.com.br\/se\/wp-json\/wp\/v2\/media?parent=146899"}],"wp:term":[{"taxonomy":"category","embeddable":true,"href":"https:\/\/senoticias.com.br\/se\/wp-json\/wp\/v2\/categories?post=146899"},{"taxonomy":"post_tag","embeddable":true,"href":"https:\/\/senoticias.com.br\/se\/wp-json\/wp\/v2\/tags?post=146899"}],"curies":[{"name":"wp","href":"https:\/\/api.w.org\/{rel}","templated":true}]}}