{"id":146891,"date":"2025-03-12T17:45:58","date_gmt":"2025-03-12T20:45:58","guid":{"rendered":"https:\/\/senoticias.com.br\/se\/?p=146891"},"modified":"2025-03-12T17:45:58","modified_gmt":"2025-03-12T20:45:58","slug":"jornalistas-pesquisam-ruido-na-comunicacao-governamental-destinada-as-vitimas-de-violencia-domestica","status":"publish","type":"post","link":"https:\/\/senoticias.com.br\/se\/jornalistas-pesquisam-ruido-na-comunicacao-governamental-destinada-as-vitimas-de-violencia-domestica\/","title":{"rendered":"Jornalistas pesquisam ru\u00eddo na comunica\u00e7\u00e3o governamental destinada \u00e0s v\u00edtimas de viol\u00eancia dom\u00e9stica"},"content":{"rendered":"<p>A inadequa\u00e7\u00e3o no vocabul\u00e1rio da comunica\u00e7\u00e3o governamental sobre recursos de acolhimento, prote\u00e7\u00e3o e de emancipa\u00e7\u00e3o financeira dificulta a compreens\u00e3o das v\u00edtimas de viol\u00eancia dom\u00e9stica no Brasil.<\/p>\n<p>&#8220;Esta dificuldade compromete a compreens\u00e3o das v\u00edtimas, retarda o socorro, mant\u00e9m a indulg\u00eancia e alimenta as estat\u00edsticas de mortes de mulheres em todo territ\u00f3rio nacional&#8221;, den\u00fancia Eliz Moura, radialista, jornalista, p\u00f3s-graduada em marketing e p\u00f3s-graduanda em gest\u00e3o de pessoas no ambiente corporativo.<\/p>\n<div id=\"attachment_146892\" style=\"width: 610px\" class=\"wp-caption aligncenter\"><a href=\"https:\/\/senoticias.com.br\/se\/wp-content\/uploads\/2025\/03\/Eliz-Moura-SE-Noticias.jpeg\"><img loading=\"lazy\" decoding=\"async\" aria-describedby=\"caption-attachment-146892\" class=\"size-full wp-image-146892\" src=\"https:\/\/senoticias.com.br\/se\/wp-content\/uploads\/2025\/03\/Eliz-Moura-SE-Noticias.jpeg\" alt=\"\" width=\"600\" height=\"594\" srcset=\"https:\/\/senoticias.com.br\/se\/wp-content\/uploads\/2025\/03\/Eliz-Moura-SE-Noticias.jpeg 600w, https:\/\/senoticias.com.br\/se\/wp-content\/uploads\/2025\/03\/Eliz-Moura-SE-Noticias-300x297.jpeg 300w, https:\/\/senoticias.com.br\/se\/wp-content\/uploads\/2025\/03\/Eliz-Moura-SE-Noticias-150x150.jpeg 150w\" sizes=\"(max-width: 600px) 100vw, 600px\" \/><\/a><p id=\"caption-attachment-146892\" class=\"wp-caption-text\">Jornalista Eliz Moura pesquisa ru\u00eddo na comunica\u00e7\u00e3o governamental &#8211; Foto: arquivo pessoal<\/p><\/div>\n<p><strong>S\u00e3o informa\u00e7\u00f5es muito institucionalizadas<br \/>\n<\/strong><br \/>\n&#8220;A v\u00edtima de viol\u00eancia dom\u00e9stica, em situa\u00e7\u00e3o de vulnerabilidade social, cadastrada no Cad\u00danico, deve se dirigir ao CREAM, em busca de acolhimento e atendimento psicossocial, solicitar uma medida protetiva e ser beneficiada com o Cart\u00e3o CMais Mulher, um programa governamental de assist\u00eancia financeira emergencial, podendo ser encaminhada ao mercado de trabalho&#8221;, descreve.<\/p>\n<p>&#8220;Este \u00e9 o tipo de comunica\u00e7\u00e3o corporativa que se conecta r\u00e1pida e seletivamente com as autoridades. Mas ignora o contexto social da v\u00edtima, j\u00e1 apontado nas estat\u00edsticas como majoritariamente composto por mulheres pobres, pretas e de baixa escolaridade.<\/p>\n<p>&#8220;A mulher agredida e amea\u00e7ada de morte precisa saber que tem o direito de ser retirada com urg\u00eancia do epis\u00f3dio da agress\u00e3o, receber o atendimento m\u00e9dico, psicol\u00f3gico, a orienta\u00e7\u00e3o jur\u00eddica, al\u00e9m da assist\u00eancia financeira de forma direta, clara e objetiva&#8221;, alerta a jornalista Sandra Pereira, evidenciando que a comunica\u00e7\u00e3o corporativa \u00e9 eivada de voc\u00e1bulos e adjetiva\u00e7\u00f5es que circundam exclusivamente o universo governamental e n\u00e3o evita mortes.<\/p>\n<p><strong>Domina\u00e7\u00e3o &#8211;<\/strong> \u00c9 preciso alertar as mulheres que ci\u00fame excessivo n\u00e3o \u00e9 prova de amor. O controle de roupas, imposi\u00e7\u00e3o de comportamentos, enquadramento de imagem e<br \/>\nlimita\u00e7\u00e3o de mobilidade s\u00e3o ind\u00edcios fortes de domina\u00e7\u00e3o da identidade e conten\u00e7\u00e3o da express\u00e3o feminina. Este pode ser o in\u00edcio da invalida\u00e7\u00e3o da pessoa.<\/p>\n<p><strong>Isolamento social &#8211;<\/strong> \u00e9 mais um passo para a exclus\u00e3o dos grupos de apoio prim\u00e1rio e secund\u00e1rio. &#8220;Primeiro, a mulher \u00e9 isolada da fam\u00edlia, onde se concentram os membros que podem impedir a agress\u00e3o. Simultaneamente, a v\u00edtima \u00e9 isolada dos amigos, que podem denunciar ou encorajar a den\u00fancia contra o agressor.<\/p>\n<p><strong>Medida protetiva &#8211;<\/strong> \u00e9 o documento que traduz um conjunto de determina\u00e7\u00f5es de um juiz (a) que assegura a sa\u00edda do agressor do lar, o distanciamento social, o bloqueio da comunica\u00e7\u00e3o e imp\u00f5e medida financeira de subsist\u00eancia da v\u00edtima e de seus descendentes.<\/p>\n<p>&#8220;Infelizmente, embora muito divulgada como recurso de seguran\u00e7a, a medida protetiva tem se prestado muito mais a prenunciar o crime de feminic\u00eddio do que evit\u00e1-lo. S\u00e3o registrados diariamente 5 crimes prenunciados e 6 tentados em todo Brasil&#8221;, lamenta Eliz Moura.<\/p>\n<p><strong>Cart\u00e3o Cmais Mulher &#8211;<\/strong> No estado de Sergipe, mulheres v\u00edtimas de viol\u00eancia dom\u00e9stica e que convivem sob amea\u00e7as de morte podem ter acesso a um aux\u00edlio financeiro por at\u00e9 seis meses. Mas desconhecem o direito, corporativamente denominado CMais Mulher, que consiste simplesmente numa bolsa-renda de assist\u00eancia emergencial no valor de R$ 3 mil, subdividos em 6 parcelas de R$ 500,00.<\/p>\n<p><strong>CREAM &#8211;<\/strong> \u00e9 um centro de refer\u00eancia em atendimento \u00e0s v\u00edtimas, geralmente subordinados aos Tribunais de Justi\u00e7a dos Estados.<\/p>\n<p><strong>Cad\u00danico &#8211;<\/strong> Cadastro \u00danico para Programas Sociais que identifica e caracteriza as fam\u00edlias de baixa renda residentes em todo territ\u00f3rio nacional.<\/p>\n<p><strong>Vulnerabilidade social &#8211;<\/strong> \u00e9 uma condi\u00e7\u00e3o de fragilidade ou exclus\u00e3o de indiv\u00edduos ou grupos sociais. Pode ser causada por fatores socioecon\u00f4micos, ambientais, raciais, entre outros.<\/p>\n<p><strong>Grupo de Estudos<\/strong><br \/>\nEliz Moura, jornalista (UFAL)<br \/>\nSandra Pereira, jornalista (UFAL)<br \/>\nAnt\u00f4nio Carlos Rodrigues (UFBA)<\/p>\n<p>Contato: 79 99191-6653\/99800-5514<\/p>\n<p><strong><em>Acompanhe tamb\u00e9m o SE Not\u00edcias no\u00a0<a href=\"https:\/\/www.instagram.com\/senoticias\/\" target=\"_blank\" rel=\"noreferrer noopener\">Instagram<\/a><\/em><\/strong>,\u00a0<strong><em>\u00a0<a href=\"https:\/\/www.facebook.com\/senoticias1\" target=\"_blank\" rel=\"noreferrer noopener\">Facebook<\/a>\u00a0e\u00a0no<\/em>\u00a0<em><a href=\"https:\/\/twitter.com\/Senoticias\">X<\/a><\/em><\/strong><\/p>\n<p>Da Assessoria de Imprensa<\/p>\n","protected":false},"excerpt":{"rendered":"<p>A inadequa\u00e7\u00e3o no vocabul\u00e1rio da comunica\u00e7\u00e3o governamental sobre recursos de acolhimento, prote\u00e7\u00e3o e de emancipa\u00e7\u00e3o financeira dificulta a compreens\u00e3o das v\u00edtimas de viol\u00eancia dom\u00e9stica no Brasil. &#8220;Esta dificuldade compromete a compreens\u00e3o das v\u00edtimas, retarda o socorro, mant\u00e9m a indulg\u00eancia e alimenta as estat\u00edsticas de mortes de mulheres em todo territ\u00f3rio nacional&#8221;, den\u00fancia Eliz Moura, radialista, [&hellip;]<\/p>\n","protected":false},"author":6557,"featured_media":146892,"comment_status":"closed","ping_status":"closed","sticky":false,"template":"","format":"standard","meta":{"footnotes":""},"categories":[15,8],"tags":[43375,43376,36072],"class_list":{"0":"post-146891","1":"post","2":"type-post","3":"status-publish","4":"format-standard","5":"has-post-thumbnail","7":"category-destaques","8":"category-esporte-e-cultura","9":"tag-comunicacao-governamental","10":"tag-ruido-na-comunicacao","11":"tag-vitimas-de-violencia-domestica"},"_links":{"self":[{"href":"https:\/\/senoticias.com.br\/se\/wp-json\/wp\/v2\/posts\/146891"}],"collection":[{"href":"https:\/\/senoticias.com.br\/se\/wp-json\/wp\/v2\/posts"}],"about":[{"href":"https:\/\/senoticias.com.br\/se\/wp-json\/wp\/v2\/types\/post"}],"author":[{"embeddable":true,"href":"https:\/\/senoticias.com.br\/se\/wp-json\/wp\/v2\/users\/6557"}],"replies":[{"embeddable":true,"href":"https:\/\/senoticias.com.br\/se\/wp-json\/wp\/v2\/comments?post=146891"}],"version-history":[{"count":0,"href":"https:\/\/senoticias.com.br\/se\/wp-json\/wp\/v2\/posts\/146891\/revisions"}],"wp:featuredmedia":[{"embeddable":true,"href":"https:\/\/senoticias.com.br\/se\/wp-json\/wp\/v2\/media\/146892"}],"wp:attachment":[{"href":"https:\/\/senoticias.com.br\/se\/wp-json\/wp\/v2\/media?parent=146891"}],"wp:term":[{"taxonomy":"category","embeddable":true,"href":"https:\/\/senoticias.com.br\/se\/wp-json\/wp\/v2\/categories?post=146891"},{"taxonomy":"post_tag","embeddable":true,"href":"https:\/\/senoticias.com.br\/se\/wp-json\/wp\/v2\/tags?post=146891"}],"curies":[{"name":"wp","href":"https:\/\/api.w.org\/{rel}","templated":true}]}}