{"id":146880,"date":"2025-03-12T13:57:18","date_gmt":"2025-03-12T16:57:18","guid":{"rendered":"https:\/\/senoticias.com.br\/se\/?p=146880"},"modified":"2025-03-12T14:31:58","modified_gmt":"2025-03-12T17:31:58","slug":"veiculos-de-luxo-sem-uso-andre-david-critica-abandono-de-audi-a3-e-bmw-xr5","status":"publish","type":"post","link":"https:\/\/senoticias.com.br\/se\/veiculos-de-luxo-sem-uso-andre-david-critica-abandono-de-audi-a3-e-bmw-xr5\/","title":{"rendered":"Ve\u00edculos de luxo sem uso: Andr\u00e9 David critica abandono de Audi A3 e BMW XR5; assista"},"content":{"rendered":"<p>Durante entrevista ao <strong><em>Podcast do Portal SE Not\u00edcias<\/em>,<\/strong> o delegado Andr\u00e9 David, atual secret\u00e1rio de Defesa Social da Prefeitura de Aracaju, lamentou que dois ve\u00edculos que poderiam estar servindo \u00e0 popula\u00e7\u00e3o sergipana est\u00e3o abandonados e sem nenhuma utilidade.<\/p>\n<p>Os ve\u00edculos em quest\u00e3o s\u00e3o um Audi A3, apreendido em junho de 2021 durante uma opera\u00e7\u00e3o da Pol\u00edcia Civil de Sergipe na favela da Rocinha, no Rio de Janeiro, e um BMW XR5, confiscado na opera\u00e7\u00e3o An\u00fabis, realizada no in\u00edcio de 2020 para desarticular um grupo criminoso atuante nos estados de S\u00e3o Paulo, Pernambuco e Goi\u00e1s. \u00c0 \u00e9poca das apreens\u00f5es, Andr\u00e9 David era diretor do Departamento de Narc\u00f3ticos (Denarc), \u00f3rg\u00e3o que passou a utilizar os autom\u00f3veis em suas opera\u00e7\u00f5es.<\/p>\n<div id=\"attachment_146881\" style=\"width: 598px\" class=\"wp-caption aligncenter\"><a href=\"https:\/\/senoticias.com.br\/se\/wp-content\/uploads\/2025\/03\/Andre-David-SE-Noticias.jpeg\"><img loading=\"lazy\" decoding=\"async\" aria-describedby=\"caption-attachment-146881\" class=\"size-full wp-image-146881\" src=\"https:\/\/senoticias.com.br\/se\/wp-content\/uploads\/2025\/03\/Andre-David-SE-Noticias.jpeg\" alt=\"\" width=\"588\" height=\"608\" srcset=\"https:\/\/senoticias.com.br\/se\/wp-content\/uploads\/2025\/03\/Andre-David-SE-Noticias.jpeg 588w, https:\/\/senoticias.com.br\/se\/wp-content\/uploads\/2025\/03\/Andre-David-SE-Noticias-290x300.jpeg 290w\" sizes=\"(max-width: 588px) 100vw, 588px\" \/><\/a><p id=\"caption-attachment-146881\" class=\"wp-caption-text\">Dois ve\u00edculos, um Audi A3 e BMW XR5 que poderiam estar servindo \u00e0 popula\u00e7\u00e3o sergipana est\u00e3o abandonados e sem nenhuma utilidade, afirma Andr\u00e9 David &#8211; Foto: SE Not\u00edcias<\/p><\/div>\n<p>Segundo o delegado, os ve\u00edculos agora est\u00e3o parados sem qualquer fun\u00e7\u00e3o. \u201cEu at\u00e9 sugeri que esses carros fossem redirecionados para a Segunda Delegacia de Pol\u00edcia, me propus a custear a manuten\u00e7\u00e3o, mas o pedido foi negado\u201d, afirmou Andr\u00e9 David.<\/p>\n<p>Perguntado se a falta de utiliza\u00e7\u00e3o dos ve\u00edculos era resultado de uma decis\u00e3o judicial ou jur\u00eddica, ele foi direto ao responder que a decis\u00e3o era administrativa, embora tenha evitado citar os nomes dos respons\u00e1veis por retir\u00e1-los de circula\u00e7\u00e3o.<\/p>\n<p><iframe loading=\"lazy\" title=\"Ve\u00edculos de luxo sem uso: Andr\u00e9 David critica abandono de Audi A3 e BMW XR5\" width=\"500\" height=\"281\" src=\"https:\/\/www.youtube.com\/embed\/bBgtI4pK8oQ?feature=oembed\" frameborder=\"0\" allow=\"accelerometer; autoplay; clipboard-write; encrypted-media; gyroscope; picture-in-picture; web-share\" referrerpolicy=\"strict-origin-when-cross-origin\" allowfullscreen><\/iframe><\/p>\n<p><strong>O que diz a Pol\u00edcia Civil<\/strong><\/p>\n<p>Atrav\u00e9s de nota enviada ao <strong><em>portal SE Not\u00edcias<\/em><\/strong>, a Pol\u00edcia Civil de Sergipe esclarece que os ve\u00edculos mencionados foram apreendidos em opera\u00e7\u00f5es de combate ao crime organizado. No entanto, \u00e9 importante destacar que esses autom\u00f3veis n\u00e3o s\u00e3o apropriados para utiliza\u00e7\u00e3o em todas as situa\u00e7\u00f5es operacionais. A defini\u00e7\u00e3o sobre seu uso cabe exclusivamente \u00e0 dire\u00e7\u00e3o do Departamento de Narc\u00f3ticos (Denarc), de acordo com crit\u00e9rios t\u00e9cnicos e estrat\u00e9gicos.<\/p>\n<p>Al\u00e9m disso, os ve\u00edculos s\u00e3o caracterizados, o que os torna inadequados para trabalhos de investiga\u00e7\u00e3o e levantamento de informa\u00e7\u00f5es, atividades essenciais desempenhadas pelo Denarc.<\/p>\n<p>Tamb\u00e9m \u00e9 preciso ressaltar que a frota da Pol\u00edcia Civil \u00e9 majoritariamente composta por ve\u00edculos locados, garantindo maior longevidade, manuten\u00e7\u00e3o regular e aproveitamento efetivo para o servi\u00e7o fim da seguran\u00e7a p\u00fablica. A manuten\u00e7\u00e3o de ve\u00edculos de alto custo, como os mencionados, n\u00e3o se mostra vi\u00e1vel para a rotina operacional da institui\u00e7\u00e3o.<\/p>\n<p>Ademais, vale frisar que os ve\u00edculos citados possuem tempo significativo de uso, com o Audi tendo mais de 15 anos e a BMW com quase 10 anos de fabrica\u00e7\u00e3o. Por outro lado, a Pol\u00edcia Civil conta atualmente com diversos ve\u00edculos de alto padr\u00e3o em sua frota, a maioria com apenas um ano de uso, sendo empregados ativamente em investiga\u00e7\u00f5es.<\/p>\n<p>Dessa forma, n\u00e3o procede a informa\u00e7\u00e3o de que os referidos ve\u00edculos foram abandonados, uma vez que sua destina\u00e7\u00e3o segue os tr\u00e2mites legais e administrativos adequados.<\/p>\n<p><strong><em>Acompanhe tamb\u00e9m o SE Not\u00edcias no\u00a0<a href=\"https:\/\/www.instagram.com\/senoticias\/\" target=\"_blank\" rel=\"noreferrer noopener\">Instagram<\/a><\/em><\/strong>,\u00a0<strong><em>\u00a0<a href=\"https:\/\/www.facebook.com\/senoticias1\" target=\"_blank\" rel=\"noreferrer noopener\">Facebook<\/a>\u00a0e\u00a0no<\/em>\u00a0<em><a href=\"https:\/\/twitter.com\/Senoticias\">X<\/a><\/em><\/strong><\/p>\n<p><strong>Reda\u00e7\u00e3o SE Not\u00edcias<\/strong><\/p>\n","protected":false},"excerpt":{"rendered":"<p>Durante entrevista ao Podcast do Portal SE Not\u00edcias, o delegado Andr\u00e9 David, atual secret\u00e1rio de Defesa Social da Prefeitura de Aracaju, lamentou que dois ve\u00edculos que poderiam estar servindo \u00e0 popula\u00e7\u00e3o sergipana est\u00e3o abandonados e sem nenhuma utilidade. Os ve\u00edculos em quest\u00e3o s\u00e3o um Audi A3, apreendido em junho de 2021 durante uma opera\u00e7\u00e3o da [&hellip;]<\/p>\n","protected":false},"author":6557,"featured_media":146881,"comment_status":"closed","ping_status":"closed","sticky":false,"template":"","format":"standard","meta":{"footnotes":""},"categories":[15,7],"tags":[43370,43371,13897,76,625,8359],"class_list":{"0":"post-146880","1":"post","2":"type-post","3":"status-publish","4":"format-standard","5":"has-post-thumbnail","7":"category-destaques","8":"category-policia","9":"tag-audi-a3","10":"tag-bmw-xr5","11":"tag-delegado-andre-david","12":"tag-denarc","13":"tag-secretaria-de-seguranca-publica","14":"tag-sspse"},"_links":{"self":[{"href":"https:\/\/senoticias.com.br\/se\/wp-json\/wp\/v2\/posts\/146880"}],"collection":[{"href":"https:\/\/senoticias.com.br\/se\/wp-json\/wp\/v2\/posts"}],"about":[{"href":"https:\/\/senoticias.com.br\/se\/wp-json\/wp\/v2\/types\/post"}],"author":[{"embeddable":true,"href":"https:\/\/senoticias.com.br\/se\/wp-json\/wp\/v2\/users\/6557"}],"replies":[{"embeddable":true,"href":"https:\/\/senoticias.com.br\/se\/wp-json\/wp\/v2\/comments?post=146880"}],"version-history":[{"count":0,"href":"https:\/\/senoticias.com.br\/se\/wp-json\/wp\/v2\/posts\/146880\/revisions"}],"wp:featuredmedia":[{"embeddable":true,"href":"https:\/\/senoticias.com.br\/se\/wp-json\/wp\/v2\/media\/146881"}],"wp:attachment":[{"href":"https:\/\/senoticias.com.br\/se\/wp-json\/wp\/v2\/media?parent=146880"}],"wp:term":[{"taxonomy":"category","embeddable":true,"href":"https:\/\/senoticias.com.br\/se\/wp-json\/wp\/v2\/categories?post=146880"},{"taxonomy":"post_tag","embeddable":true,"href":"https:\/\/senoticias.com.br\/se\/wp-json\/wp\/v2\/tags?post=146880"}],"curies":[{"name":"wp","href":"https:\/\/api.w.org\/{rel}","templated":true}]}}