{"id":146802,"date":"2025-03-06T15:23:12","date_gmt":"2025-03-06T18:23:12","guid":{"rendered":"https:\/\/senoticias.com.br\/se\/?p=146802"},"modified":"2025-03-06T15:23:12","modified_gmt":"2025-03-06T18:23:12","slug":"policia-civil-resgata-cachorro-em-situacao-de-maus-tratos-no-municipio-de-boquim","status":"publish","type":"post","link":"https:\/\/senoticias.com.br\/se\/policia-civil-resgata-cachorro-em-situacao-de-maus-tratos-no-municipio-de-boquim\/","title":{"rendered":"Pol\u00edcia Civil resgata cachorro em situa\u00e7\u00e3o de maus-tratos no munic\u00edpio de Boquim"},"content":{"rendered":"<p class=\"p1\"><span class=\"s1\">Policiais civis da Delegacia de Boquim localizam um cachorro em situa\u00e7\u00e3o de maus-tratos na cidade\u00a0de Boquim, nesta quinta-feira, 6. Diante do caso, um procedimento investigativo foi instaurado para apurar o delito.<\/span><\/p>\n<div id=\"attachment_146803\" style=\"width: 546px\" class=\"wp-caption aligncenter\"><a href=\"https:\/\/senoticias.com.br\/se\/wp-content\/uploads\/2025\/03\/IMG_0106-e1741285317259.jpeg\"><img loading=\"lazy\" decoding=\"async\" aria-describedby=\"caption-attachment-146803\" class=\"wp-image-146803 size-full\" src=\"https:\/\/senoticias.com.br\/se\/wp-content\/uploads\/2025\/03\/IMG_0106-e1741285317259.jpeg\" alt=\"\" width=\"536\" height=\"351\" \/><\/a><p id=\"caption-attachment-146803\" class=\"wp-caption-text\">Foto: SSP SE<\/p><\/div>\n<p class=\"p1\"><span class=\"s1\">A partir de informa\u00e7\u00f5es divulgadas nas redes sociais, a Pol\u00edcia Civil tomou ci\u00eancia de um poss\u00edvel\u00a0abandono de animal. Imediatamente, a equipe iniciou dilig\u00eancias, para localizar o im\u00f3vel onde o animal estava e verificar as condi\u00e7\u00f5es em que se encontrava. Na resid\u00eancia, ficou evidente o quadro de maus-tratos, j\u00e1 que o cachorro\u00a0apresentava\u00a0desnutri\u00e7\u00e3o e necessitava, com urg\u00eancia, de cuidados veterin\u00e1rios.<\/span><\/p>\n<p class=\"p1\"><span class=\"s1\">De imediato, a equipe coordenada pelo delegado Josenildo Brito Nascimento resgatou o c\u00e3o, conduzindo-o \u00e0 delegacia. No local, um\u00a0grupo de prote\u00e7\u00e3o de animais foi acionado e passou a atuar tamb\u00e9m na ocorr\u00eancia, encaminhando o c\u00e3o para\u00a0um veterin\u00e1rio parceiro, que, por sua vez, acolheu\u00a0o cachorro e realizou o atendimento de sa\u00fade.<\/span><\/p>\n<p class=\"p1\"><span class=\"s1\">De acordo com o delegado Josenildo Brito, a tutora do animal j\u00e1 foi identificada e testemunhas informaram que ela teria abandonado o cachorro h\u00e1 aproximadamente dois meses, deixando-o em condi\u00e7\u00f5es prec\u00e1rias de sobreviv\u00eancia.<\/span><\/p>\n<p class=\"p1\"><span class=\"s1\">O caso est\u00e1 sendo investigado pela Delegacia de Boquim, que abriu procedimento investigativo e segue em dilig\u00eancias e ouvidas, visando responsabilizar a tutora pelo abandono e maus-tratos ao animal.<\/span><\/p>\n<p class=\"p1\"><span class=\"s2\">Maus-tratos<\/span><\/p>\n<p class=\"p1\"><span class=\"s1\">A Pol\u00edcia Civil refor\u00e7a que os casos de maus-tratos a animais n\u00e3o se limitam \u00e0 agress\u00e3o f\u00edsica. Privar o animal de alimenta\u00e7\u00e3o e \u00e1gua ou mant\u00ea-lo em um local insalubre, especialmente em per\u00edodos de calor intenso ou chuva, tamb\u00e9m configura crime. Casos de maus-tratos podem ser denunciados pelo Disque-Den\u00fancia, no n\u00famero 181.<\/span><\/p>\n<p><strong><em>Acompanhe tamb\u00e9m o SE Not\u00edcias no\u00a0<a href=\"https:\/\/www.instagram.com\/senoticias\/\" target=\"_blank\" rel=\"noreferrer noopener\">Instagram<\/a><\/em><\/strong>,\u00a0<strong><em>\u00a0<a href=\"https:\/\/www.facebook.com\/senoticias1\" target=\"_blank\" rel=\"noreferrer noopener\">Facebook<\/a>\u00a0e\u00a0no<\/em>\u00a0<em><a href=\"https:\/\/twitter.com\/Senoticias\">X<\/a><\/em><\/strong><\/p>\n<p>Fonte: SSP SE<\/p>\n","protected":false},"excerpt":{"rendered":"<p>Policiais civis da Delegacia de Boquim localizam um cachorro em situa\u00e7\u00e3o de maus-tratos na cidade\u00a0de Boquim, nesta quinta-feira, 6. Diante do caso, um procedimento investigativo foi instaurado para apurar o delito. A partir de informa\u00e7\u00f5es divulgadas nas redes sociais, a Pol\u00edcia Civil tomou ci\u00eancia de um poss\u00edvel\u00a0abandono de animal. Imediatamente, a equipe iniciou dilig\u00eancias, para [&hellip;]<\/p>\n","protected":false},"author":6557,"featured_media":0,"comment_status":"closed","ping_status":"closed","sticky":false,"template":"","format":"standard","meta":{"footnotes":""},"categories":[15,7],"tags":[15570,78],"class_list":{"0":"post-146802","1":"post","2":"type-post","3":"status-publish","4":"format-standard","6":"category-destaques","7":"category-policia","8":"tag-maus-tratos-aos-animais","9":"tag-policia-civil"},"_links":{"self":[{"href":"https:\/\/senoticias.com.br\/se\/wp-json\/wp\/v2\/posts\/146802"}],"collection":[{"href":"https:\/\/senoticias.com.br\/se\/wp-json\/wp\/v2\/posts"}],"about":[{"href":"https:\/\/senoticias.com.br\/se\/wp-json\/wp\/v2\/types\/post"}],"author":[{"embeddable":true,"href":"https:\/\/senoticias.com.br\/se\/wp-json\/wp\/v2\/users\/6557"}],"replies":[{"embeddable":true,"href":"https:\/\/senoticias.com.br\/se\/wp-json\/wp\/v2\/comments?post=146802"}],"version-history":[{"count":0,"href":"https:\/\/senoticias.com.br\/se\/wp-json\/wp\/v2\/posts\/146802\/revisions"}],"wp:attachment":[{"href":"https:\/\/senoticias.com.br\/se\/wp-json\/wp\/v2\/media?parent=146802"}],"wp:term":[{"taxonomy":"category","embeddable":true,"href":"https:\/\/senoticias.com.br\/se\/wp-json\/wp\/v2\/categories?post=146802"},{"taxonomy":"post_tag","embeddable":true,"href":"https:\/\/senoticias.com.br\/se\/wp-json\/wp\/v2\/tags?post=146802"}],"curies":[{"name":"wp","href":"https:\/\/api.w.org\/{rel}","templated":true}]}}