{"id":146797,"date":"2025-03-05T20:32:43","date_gmt":"2025-03-05T23:32:43","guid":{"rendered":"https:\/\/senoticias.com.br\/se\/?p=146797"},"modified":"2025-03-05T20:32:43","modified_gmt":"2025-03-05T23:32:43","slug":"policiais-militares-auxiliam-parto-de-bebe-durante-bloco-de-carnaval-em-aracaju","status":"publish","type":"post","link":"https:\/\/senoticias.com.br\/se\/policiais-militares-auxiliam-parto-de-bebe-durante-bloco-de-carnaval-em-aracaju\/","title":{"rendered":"Policiais Militares auxiliam parto de beb\u00ea durante bloco de Carnaval em Aracaju"},"content":{"rendered":"<p>Um momento de alegria e folia se transformou em um emocionante ato de solidariedade na Zona Norte de Aracaju. Policiais do 8\u00ba Batalh\u00e3o de Pol\u00edcia Militar (8\u00ba BPM) auxiliaram no parto de um beb\u00ea dentro da viatura, enquanto levavam a m\u00e3e, Joyce Batista do Nascimento, de 28 anos, para a maternidade. O caso aconteceu na tarde desta segunda-feira (3), durante o desfile do bloco <em><strong>&#8220;As Maripozas&#8221;, no bairro S\u00e3o Carlos.<\/strong><\/em><\/p>\n<p>Joyce come\u00e7ou a sentir fortes contra\u00e7\u00f5es enquanto participava da festa e, ao perceber que o trabalho de parto havia come\u00e7ado, tentou buscar ajuda das pessoas ao redor. Sem sucesso, encontrou apoio nos policiais militares que patrulhavam o evento.<\/p>\n<p>\u201cEu estava curtindo o bloquinho e comecei a sentir as dores do parto. Resolvi ir para casa, mas ningu\u00e9m quis me ajudar. Foi nessa hora que a viatura da Pol\u00edcia Militar passou e parou para me dar apoio\u201d, relatou Joyce.<\/p>\n<div id=\"attachment_146798\" style=\"width: 560px\" class=\"wp-caption aligncenter\"><a href=\"https:\/\/senoticias.com.br\/se\/wp-content\/uploads\/2025\/03\/Policia-Militar-SE-Noticias.jpg\"><img loading=\"lazy\" decoding=\"async\" aria-describedby=\"caption-attachment-146798\" class=\"size-full wp-image-146798\" src=\"https:\/\/senoticias.com.br\/se\/wp-content\/uploads\/2025\/03\/Policia-Militar-SE-Noticias.jpg\" alt=\"\" width=\"550\" height=\"330\" srcset=\"https:\/\/senoticias.com.br\/se\/wp-content\/uploads\/2025\/03\/Policia-Militar-SE-Noticias.jpg 550w, https:\/\/senoticias.com.br\/se\/wp-content\/uploads\/2025\/03\/Policia-Militar-SE-Noticias-300x180.jpg 300w\" sizes=\"(max-width: 550px) 100vw, 550px\" \/><\/a><p id=\"caption-attachment-146798\" class=\"wp-caption-text\"><br \/>Policiais Militares ajudam no parto de beb\u00ea durante bloco de Carnaval &#8211; Foto: PM\/SE<\/p><\/div>\n<p>Voc\u00ea j\u00e1 est\u00e1 inscrito no nosso canal no\u00a0<a href=\"https:\/\/www.youtube.com\/senoticias\"><strong>YouTube<\/strong><\/a>?\u00a0 Inscreva-se em nosso canal e acompanhe todas entrevistas!<\/p>\n<p>A equipe do 8\u00ba BPM prontamente a acomodou na viatura e seguiu em dire\u00e7\u00e3o \u00e0 Maternidade Nossa Senhora de Lourdes. No entanto, antes de chegarem ao hospital, as dores se intensificaram, e o parto aconteceu dentro do pr\u00f3prio ve\u00edculo, com o aux\u00edlio dos policiais.<\/p>\n<p>\u201cEm mais de 27 anos de servi\u00e7o, nunca tinha vivenciado algo assim\u201d, afirmou o tenente-coronel Augusto C\u00e9sar, destacando a emo\u00e7\u00e3o do momento e o comprometimento da equipe em garantir a seguran\u00e7a da m\u00e3e e do beb\u00ea.<\/p>\n<p>Ap\u00f3s o nascimento, m\u00e3e e filho foram encaminhados \u00e0 unidade de sa\u00fade, onde receberam atendimento m\u00e9dico. De acordo com Shirleide Ara\u00fajo, assistente social da maternidade, o beb\u00ea precisou ser levado \u00e0 UTI pedi\u00e1trica, mas est\u00e1 est\u00e1vel e em breve dever\u00e1 ir para casa.<\/p>\n<p>Comovidos com a experi\u00eancia, os policiais visitaram a fam\u00edlia no hospital no dia seguinte para celebrar o desfecho feliz. Como forma de gratid\u00e3o, Joyce expressou o desejo de que os militares escolham o nome do beb\u00ea, tornando esse momento ainda mais especial.<\/p>\n<p><strong><em>Acompanhe tamb\u00e9m o SE Not\u00edcias no\u00a0<a href=\"https:\/\/www.instagram.com\/senoticias\/\" target=\"_blank\" rel=\"noreferrer noopener\">Instagram<\/a><\/em><\/strong>,\u00a0<strong><em>\u00a0<a href=\"https:\/\/www.facebook.com\/senoticias1\" target=\"_blank\" rel=\"noreferrer noopener\">Facebook<\/a>\u00a0e\u00a0no<\/em>\u00a0<em><a href=\"https:\/\/twitter.com\/Senoticias\">X<\/a><\/em><\/strong><\/p>\n<p>Reda\u00e7\u00e3o, com informa\u00e7\u00f5es da PM\/SE<\/p>\n","protected":false},"excerpt":{"rendered":"<p>Um momento de alegria e folia se transformou em um emocionante ato de solidariedade na Zona Norte de Aracaju. Policiais do 8\u00ba Batalh\u00e3o de Pol\u00edcia Militar (8\u00ba BPM) auxiliaram no parto de um beb\u00ea dentro da viatura, enquanto levavam a m\u00e3e, Joyce Batista do Nascimento, de 28 anos, para a maternidade. O caso aconteceu na [&hellip;]<\/p>\n","protected":false},"author":6557,"featured_media":146798,"comment_status":"closed","ping_status":"closed","sticky":false,"template":"","format":"standard","meta":{"footnotes":""},"categories":[15,7],"tags":[43347,43345,43346],"class_list":{"0":"post-146797","1":"post","2":"type-post","3":"status-publish","4":"format-standard","5":"has-post-thumbnail","7":"category-destaques","8":"category-policia","9":"tag-bloco-as-maripozas","10":"tag-parto-de-bebe","11":"tag-trabalho-de-parto"},"_links":{"self":[{"href":"https:\/\/senoticias.com.br\/se\/wp-json\/wp\/v2\/posts\/146797"}],"collection":[{"href":"https:\/\/senoticias.com.br\/se\/wp-json\/wp\/v2\/posts"}],"about":[{"href":"https:\/\/senoticias.com.br\/se\/wp-json\/wp\/v2\/types\/post"}],"author":[{"embeddable":true,"href":"https:\/\/senoticias.com.br\/se\/wp-json\/wp\/v2\/users\/6557"}],"replies":[{"embeddable":true,"href":"https:\/\/senoticias.com.br\/se\/wp-json\/wp\/v2\/comments?post=146797"}],"version-history":[{"count":0,"href":"https:\/\/senoticias.com.br\/se\/wp-json\/wp\/v2\/posts\/146797\/revisions"}],"wp:featuredmedia":[{"embeddable":true,"href":"https:\/\/senoticias.com.br\/se\/wp-json\/wp\/v2\/media\/146798"}],"wp:attachment":[{"href":"https:\/\/senoticias.com.br\/se\/wp-json\/wp\/v2\/media?parent=146797"}],"wp:term":[{"taxonomy":"category","embeddable":true,"href":"https:\/\/senoticias.com.br\/se\/wp-json\/wp\/v2\/categories?post=146797"},{"taxonomy":"post_tag","embeddable":true,"href":"https:\/\/senoticias.com.br\/se\/wp-json\/wp\/v2\/tags?post=146797"}],"curies":[{"name":"wp","href":"https:\/\/api.w.org\/{rel}","templated":true}]}}