{"id":146789,"date":"2025-03-05T16:49:12","date_gmt":"2025-03-05T19:49:12","guid":{"rendered":"https:\/\/senoticias.com.br\/se\/?p=146789"},"modified":"2025-03-05T16:51:03","modified_gmt":"2025-03-05T19:51:03","slug":"quem-era-medico-especialista-em-hipertrofia-que-morreu-apos-parada-cardiorrespiratoria-em-sc","status":"publish","type":"post","link":"https:\/\/senoticias.com.br\/se\/quem-era-medico-especialista-em-hipertrofia-que-morreu-apos-parada-cardiorrespiratoria-em-sc\/","title":{"rendered":"Quem era m\u00e9dico especialista em hipertrofia que morreu ap\u00f3s parada cardiorrespirat\u00f3ria em SC"},"content":{"rendered":"<p>O m\u00e9dico Alisson Nunes, de 31 anos, foi encontrado morto no apartamento em que morava em Indaial, no Vale do Itaja\u00ed, na ter\u00e7a-feira (4), era formado em medicina e atuava nas \u00e1reas de longevidade, emagrecimento e hipertrofia, de forma presencial e on-line. Segundo o companheiro dele, Emerson Veloso, e a amiga Ana Paula Reiter, o profissional sofreu uma parada cardiorrespirat\u00f3ria.<\/p>\n<p>Al\u00e9m disso, seguia uma rotina de exerc\u00edcios e se descrevia como atleta nas redes sociais, onde tamb\u00e9m compartilhava a rotina de trabalho. Tamb\u00e9m era noivo e planejava formalizar a uni\u00e3o com seu companheiro, Emerson Veloso, no pr\u00f3ximo m\u00eas, segundo a amiga do casal Ana Paula Reiter.<\/p>\n<p>Voc\u00ea j\u00e1 est\u00e1 inscrito no nosso canal no\u00a0<a href=\"https:\/\/www.youtube.com\/senoticias\"><strong>YouTube<\/strong><\/a>?\u00a0 Inscreva-se em nosso canal e acompanhe todas entrevistas!<\/p>\n<p>&#8220;Ele conheceu Emerson quando veio para c\u00e1 (Santa Catarina). Eles estavam noivos, iam casar esse ano, em abril, (m\u00eas de) anivers\u00e1rio do Emerson&#8221;, contou.<\/p>\n<div id=\"attachment_146790\" style=\"width: 604px\" class=\"wp-caption aligncenter\"><a href=\"https:\/\/senoticias.com.br\/se\/wp-content\/uploads\/2025\/03\/Medico-morre-de-parada-Se-Noticias.jpg\"><img loading=\"lazy\" decoding=\"async\" aria-describedby=\"caption-attachment-146790\" class=\"size-full wp-image-146790\" src=\"https:\/\/senoticias.com.br\/se\/wp-content\/uploads\/2025\/03\/Medico-morre-de-parada-Se-Noticias.jpg\" alt=\"\" width=\"594\" height=\"743\" srcset=\"https:\/\/senoticias.com.br\/se\/wp-content\/uploads\/2025\/03\/Medico-morre-de-parada-Se-Noticias.jpg 594w, https:\/\/senoticias.com.br\/se\/wp-content\/uploads\/2025\/03\/Medico-morre-de-parada-Se-Noticias-240x300.jpg 240w\" sizes=\"(max-width: 594px) 100vw, 594px\" \/><\/a><p id=\"caption-attachment-146790\" class=\"wp-caption-text\">Especialista em longevidade, Alisson Nunes, morreu aos 31 anos &#8211; Foto: @drnunes.online<\/p><\/div>\n<p>Natural de Mato Grosso, vivia h\u00e1 tr\u00eas anos em Santa Catarina, onde escolheu atuar, formar sua pr\u00f3pria fam\u00edlia e at\u00e9 mesmo ser sepultado.<\/p>\n<p>O vel\u00f3rio acontece nesta quarta-feira (5) na Capela Mortu\u00e1ria do munic\u00edpio, a partir das 13h. O sepultamento est\u00e1 marcado para \u00e0s 15h no cemit\u00e9rio da cidade.<\/p>\n<p><iframe loading=\"lazy\" title=\"Quem era m\u00e9dico especialista em hipertrofia que morreu ap\u00f3s parada cardiorrespirat\u00f3ria\" width=\"500\" height=\"281\" src=\"https:\/\/www.youtube.com\/embed\/zsj1wXmpe7g?feature=oembed\" frameborder=\"0\" allow=\"accelerometer; autoplay; clipboard-write; encrypted-media; gyroscope; picture-in-picture; web-share\" referrerpolicy=\"strict-origin-when-cross-origin\" allowfullscreen><\/iframe><\/p>\n<p>Segundo Ana Paula, que tamb\u00e9m \u00e9 advogada e recebeu uma procura\u00e7\u00e3o da fam\u00edlia para realizar os procedimentos do vel\u00f3rio, a m\u00e3e e os irm\u00e3os de Alisson viajaram para Santa Catarina para vel\u00e1-lo.<\/p>\n<p>&#8220;Muitos parentes e amigos do Mato Grosso n\u00e3o puderem vir, mediante as circunst\u00e2ncias de tempo e financeira&#8221;, informou.<\/p>\n<p><strong>Alegre e alto astral<\/strong><\/p>\n<p>Segundo a amiga, Nunes era muito atencioso com os pacientes e uma pessoa bastante alegre. Os dois se conheceram no ano passado, quando ela foi paciente dele.<\/p>\n<p>A amiga lembrou do anivers\u00e1rio do profissional, no fim do ano passado, quando Nunes recebeu uma festa surpresa do companheiro. &#8220;Ele estava alegre, fizemos um bingo como brincadeira no anivers\u00e1rio dele. Enfim, boas lembran\u00e7as, mas estamos sem ch\u00e3o&#8221;.<\/p>\n<p><strong>Morte<\/strong><\/p>\n<p>O m\u00e9dico foi achado morto no apartamento na ter\u00e7a-feira (5). Os exames detalhando as circunst\u00e2ncias da morte estar\u00e3o prontos em at\u00e9 90 dias.<\/p>\n<p><strong><em>Acompanhe tamb\u00e9m o SE Not\u00edcias no\u00a0<a href=\"https:\/\/www.instagram.com\/senoticias\/\" target=\"_blank\" rel=\"noreferrer noopener\">Instagram<\/a><\/em><\/strong>,\u00a0<strong><em>\u00a0<a href=\"https:\/\/www.facebook.com\/senoticias1\" target=\"_blank\" rel=\"noreferrer noopener\">Facebook<\/a>\u00a0e\u00a0no<\/em>\u00a0<em><a href=\"https:\/\/twitter.com\/Senoticias\">X<\/a><\/em><\/strong><\/p>\n<p>Fonte: G1\/Santa Catarina<\/p>\n","protected":false},"excerpt":{"rendered":"<p>O m\u00e9dico Alisson Nunes, de 31 anos, foi encontrado morto no apartamento em que morava em Indaial, no Vale do Itaja\u00ed, na ter\u00e7a-feira (4), era formado em medicina e atuava nas \u00e1reas de longevidade, emagrecimento e hipertrofia, de forma presencial e on-line. Segundo o companheiro dele, Emerson Veloso, e a amiga Ana Paula Reiter, o [&hellip;]<\/p>\n","protected":false},"author":6557,"featured_media":146790,"comment_status":"closed","ping_status":"closed","sticky":false,"template":"","format":"standard","meta":{"footnotes":""},"categories":[15,2961],"tags":[43341,43339,43340],"class_list":{"0":"post-146789","1":"post","2":"type-post","3":"status-publish","4":"format-standard","5":"has-post-thumbnail","7":"category-destaques","8":"category-nacional","9":"tag-dr-nunes7","10":"tag-especialista-em-longevidade","11":"tag-hipertrofia"},"_links":{"self":[{"href":"https:\/\/senoticias.com.br\/se\/wp-json\/wp\/v2\/posts\/146789"}],"collection":[{"href":"https:\/\/senoticias.com.br\/se\/wp-json\/wp\/v2\/posts"}],"about":[{"href":"https:\/\/senoticias.com.br\/se\/wp-json\/wp\/v2\/types\/post"}],"author":[{"embeddable":true,"href":"https:\/\/senoticias.com.br\/se\/wp-json\/wp\/v2\/users\/6557"}],"replies":[{"embeddable":true,"href":"https:\/\/senoticias.com.br\/se\/wp-json\/wp\/v2\/comments?post=146789"}],"version-history":[{"count":0,"href":"https:\/\/senoticias.com.br\/se\/wp-json\/wp\/v2\/posts\/146789\/revisions"}],"wp:featuredmedia":[{"embeddable":true,"href":"https:\/\/senoticias.com.br\/se\/wp-json\/wp\/v2\/media\/146790"}],"wp:attachment":[{"href":"https:\/\/senoticias.com.br\/se\/wp-json\/wp\/v2\/media?parent=146789"}],"wp:term":[{"taxonomy":"category","embeddable":true,"href":"https:\/\/senoticias.com.br\/se\/wp-json\/wp\/v2\/categories?post=146789"},{"taxonomy":"post_tag","embeddable":true,"href":"https:\/\/senoticias.com.br\/se\/wp-json\/wp\/v2\/tags?post=146789"}],"curies":[{"name":"wp","href":"https:\/\/api.w.org\/{rel}","templated":true}]}}