{"id":146771,"date":"2025-03-02T13:44:22","date_gmt":"2025-03-02T16:44:22","guid":{"rendered":"https:\/\/senoticias.com.br\/se\/?p=146771"},"modified":"2025-03-02T14:02:53","modified_gmt":"2025-03-02T17:02:53","slug":"veiculo-perde-controle-sai-da-pista-e-deixa-tres-mortos-e-um-ferido-em-simao-dias","status":"publish","type":"post","link":"https:\/\/senoticias.com.br\/se\/veiculo-perde-controle-sai-da-pista-e-deixa-tres-mortos-e-um-ferido-em-simao-dias\/","title":{"rendered":"Ve\u00edculo perde controle, sai da pista e deixa tr\u00eas mortos e um ferido, em Sim\u00e3o Dias"},"content":{"rendered":"<p data-start=\"149\" data-end=\"425\">Na manh\u00e3 deste domingo (2), um grave acidente foi registrado na rodovia SE-270, nas proximidades da Fazenda Lagoa dos Eucaliptos, no munic\u00edpio de Sim\u00e3o Dias, a 104 km de Aracaju. O acidente ocorreu por volta das 7h50 e envolveu um Fiat Uno Mille, que saiu da pista e capotou.<\/p>\n<p data-start=\"149\" data-end=\"425\">Segundo informa\u00e7\u00f5es, os ocupantes do ve\u00edculo estavam a caminho do aeroporto de Aracaju, de onde embarcariam para S\u00e3o Paulo.<\/p>\n<p data-start=\"149\" data-end=\"425\">Voc\u00ea j\u00e1 est\u00e1 inscrito no nosso canal no\u00a0<a href=\"https:\/\/www.youtube.com\/senoticias\"><strong>YouTube<\/strong><\/a>?\u00a0 Inscreva-se em nosso canal e acompanhe todas entrevistas!<\/p>\n<div id=\"attachment_146772\" style=\"width: 599px\" class=\"wp-caption aligncenter\"><a href=\"https:\/\/senoticias.com.br\/se\/wp-content\/uploads\/2025\/03\/Veiculo-capota-SE-Noticias.jpg\"><img loading=\"lazy\" decoding=\"async\" aria-describedby=\"caption-attachment-146772\" class=\"size-full wp-image-146772\" src=\"https:\/\/senoticias.com.br\/se\/wp-content\/uploads\/2025\/03\/Veiculo-capota-SE-Noticias.jpg\" alt=\"\" width=\"589\" height=\"374\" srcset=\"https:\/\/senoticias.com.br\/se\/wp-content\/uploads\/2025\/03\/Veiculo-capota-SE-Noticias.jpg 589w, https:\/\/senoticias.com.br\/se\/wp-content\/uploads\/2025\/03\/Veiculo-capota-SE-Noticias-300x190.jpg 300w, https:\/\/senoticias.com.br\/se\/wp-content\/uploads\/2025\/03\/Veiculo-capota-SE-Noticias-190x122.jpg 190w, https:\/\/senoticias.com.br\/se\/wp-content\/uploads\/2025\/03\/Veiculo-capota-SE-Noticias-120x76.jpg 120w, https:\/\/senoticias.com.br\/se\/wp-content\/uploads\/2025\/03\/Veiculo-capota-SE-Noticias-265x168.jpg 265w, https:\/\/senoticias.com.br\/se\/wp-content\/uploads\/2025\/03\/Veiculo-capota-SE-Noticias-284x180.jpg 284w, https:\/\/senoticias.com.br\/se\/wp-content\/uploads\/2025\/03\/Veiculo-capota-SE-Noticias-274x173.jpg 274w, https:\/\/senoticias.com.br\/se\/wp-content\/uploads\/2025\/03\/Veiculo-capota-SE-Noticias-220x140.jpg 220w\" sizes=\"(max-width: 589px) 100vw, 589px\" \/><\/a><p id=\"caption-attachment-146772\" class=\"wp-caption-text\"><br \/>Segundo Batalh\u00e3o de Pol\u00edcia Rodovi\u00e1ria Estadual, ve\u00edculo trafegada pela rodovia, saiu da pista e capotou &#8211; Foto: BPRv\/divulga\u00e7\u00e3o<\/p><\/div>\n<p data-start=\"427\" data-end=\"758\">De acordo com o Batalh\u00e3o de Pol\u00edcia Rodovi\u00e1ria Estadual (BPRv), que atendeu a ocorr\u00eancia, o condutor do ve\u00edculo n\u00e3o sofreu ferimentos. No entanto, tr\u00eas passageiros n\u00e3o resistiram aos ferimentos e faleceram no local. Uma quarta ocupante foi socorrida pelo Servi\u00e7o de Atendimento M\u00f3vel de Urg\u00eancia (SAMU) e encaminhada ao hospital.<\/p>\n<p data-start=\"887\" data-end=\"1125\">O teste do baf\u00f4metro realizado no condutor apontou resultado de 0,00 mg\/L, descartando a presen\u00e7a de \u00e1lcool no organismo. Equipes da Pol\u00edcia Cient\u00edfica e do Instituto M\u00e9dico Legal (IML) estiveram no local para os procedimentos de praxe.<\/p>\n<p data-start=\"887\" data-end=\"1125\"><strong><em>Acompanhe tamb\u00e9m o SE Not\u00edcias no\u00a0<a href=\"https:\/\/www.instagram.com\/senoticias\/\" target=\"_blank\" rel=\"noreferrer noopener\">Instagram<\/a><\/em><\/strong>,\u00a0<strong><em>\u00a0<a href=\"https:\/\/www.facebook.com\/senoticias1\" target=\"_blank\" rel=\"noreferrer noopener\">Facebook<\/a>\u00a0e\u00a0no<\/em>\u00a0<em><a href=\"https:\/\/twitter.com\/Senoticias\">X<\/a><\/em><\/strong><\/p>\n<p data-start=\"887\" data-end=\"1125\">Com informa\u00e7\u00f5es do Lagarto Como Vejo.<\/p>\n","protected":false},"excerpt":{"rendered":"<p>Na manh\u00e3 deste domingo (2), um grave acidente foi registrado na rodovia SE-270, nas proximidades da Fazenda Lagoa dos Eucaliptos, no munic\u00edpio de Sim\u00e3o Dias, a 104 km de Aracaju. O acidente ocorreu por volta das 7h50 e envolveu um Fiat Uno Mille, que saiu da pista e capotou. Segundo informa\u00e7\u00f5es, os ocupantes do ve\u00edculo [&hellip;]<\/p>\n","protected":false},"author":6557,"featured_media":146772,"comment_status":"closed","ping_status":"closed","sticky":false,"template":"","format":"standard","meta":{"footnotes":""},"categories":[15,7],"tags":[43324,43325,8086],"class_list":{"0":"post-146771","1":"post","2":"type-post","3":"status-publish","4":"format-standard","5":"has-post-thumbnail","7":"category-destaques","8":"category-policia","9":"tag-acidente-em-simao-dias","10":"tag-fazenda-lagoa-dos-eucaliptos","11":"tag-tres-mortos"},"_links":{"self":[{"href":"https:\/\/senoticias.com.br\/se\/wp-json\/wp\/v2\/posts\/146771"}],"collection":[{"href":"https:\/\/senoticias.com.br\/se\/wp-json\/wp\/v2\/posts"}],"about":[{"href":"https:\/\/senoticias.com.br\/se\/wp-json\/wp\/v2\/types\/post"}],"author":[{"embeddable":true,"href":"https:\/\/senoticias.com.br\/se\/wp-json\/wp\/v2\/users\/6557"}],"replies":[{"embeddable":true,"href":"https:\/\/senoticias.com.br\/se\/wp-json\/wp\/v2\/comments?post=146771"}],"version-history":[{"count":0,"href":"https:\/\/senoticias.com.br\/se\/wp-json\/wp\/v2\/posts\/146771\/revisions"}],"wp:featuredmedia":[{"embeddable":true,"href":"https:\/\/senoticias.com.br\/se\/wp-json\/wp\/v2\/media\/146772"}],"wp:attachment":[{"href":"https:\/\/senoticias.com.br\/se\/wp-json\/wp\/v2\/media?parent=146771"}],"wp:term":[{"taxonomy":"category","embeddable":true,"href":"https:\/\/senoticias.com.br\/se\/wp-json\/wp\/v2\/categories?post=146771"},{"taxonomy":"post_tag","embeddable":true,"href":"https:\/\/senoticias.com.br\/se\/wp-json\/wp\/v2\/tags?post=146771"}],"curies":[{"name":"wp","href":"https:\/\/api.w.org\/{rel}","templated":true}]}}