{"id":146762,"date":"2025-03-01T08:22:16","date_gmt":"2025-03-01T11:22:16","guid":{"rendered":"https:\/\/senoticias.com.br\/se\/?p=146762"},"modified":"2025-03-01T08:23:24","modified_gmt":"2025-03-01T11:23:24","slug":"policia-civil-alerta-para-seguranca-veicular-no-carnaval","status":"publish","type":"post","link":"https:\/\/senoticias.com.br\/se\/policia-civil-alerta-para-seguranca-veicular-no-carnaval\/","title":{"rendered":"Pol\u00edcia Civil alerta para seguran\u00e7a veicular no Carnaval"},"content":{"rendered":"<p>Sergipe est\u00e1 entre os estados mais seguros do Nordeste e do Brasil, com uma significativa redu\u00e7\u00e3o nos \u00edndices de roubo e furto de ve\u00edculos. Entretanto, com a proximidade do Carnaval, a Delegacia de Roubos e Furtos de Ve\u00edculos (DRFV) intensifica o alerta para a import\u00e2ncia da seguran\u00e7a dos ve\u00edculos, especialmente motocicletas, durante o per\u00edodo festivo. As orienta\u00e7\u00f5es sobre as medidas preventivas servem para evitar transtornos e preju\u00edzos \u00e0 popula\u00e7\u00e3o sergipana e aos turistas.<\/p>\n<p>De acordo com o delegado K\u00e1ssio Viana, respons\u00e1vel pela Delegacia de Roubo e Furto de Ve\u00edculos, os criminosos se aproveitam do descuido dos foli\u00f5es para agir. &#8220;As pessoas deixam as motos em locais inadequados para curtir as festas e, quando voltam, nem sempre encontram seus ve\u00edculos onde os deixaram&#8221;, explica.<\/p>\n<p>Voc\u00ea j\u00e1 est\u00e1 inscrito no nosso canal no\u00a0<a href=\"https:\/\/www.youtube.com\/senoticias\"><strong>YouTube<\/strong><\/a>?\u00a0 Inscreva-se em nosso canal e acompanhe todas entrevistas!<\/p>\n<div id=\"attachment_146763\" style=\"width: 601px\" class=\"wp-caption aligncenter\"><a href=\"https:\/\/senoticias.com.br\/se\/wp-content\/uploads\/2025\/03\/WhatsApp-Image-2025-03-01-at-08.18.59.jpeg\"><img loading=\"lazy\" decoding=\"async\" aria-describedby=\"caption-attachment-146763\" class=\"size-full wp-image-146763\" src=\"https:\/\/senoticias.com.br\/se\/wp-content\/uploads\/2025\/03\/WhatsApp-Image-2025-03-01-at-08.18.59.jpeg\" alt=\"\" width=\"591\" height=\"464\" srcset=\"https:\/\/senoticias.com.br\/se\/wp-content\/uploads\/2025\/03\/WhatsApp-Image-2025-03-01-at-08.18.59.jpeg 591w, https:\/\/senoticias.com.br\/se\/wp-content\/uploads\/2025\/03\/WhatsApp-Image-2025-03-01-at-08.18.59-300x236.jpeg 300w, https:\/\/senoticias.com.br\/se\/wp-content\/uploads\/2025\/03\/WhatsApp-Image-2025-03-01-at-08.18.59-45x35.jpeg 45w\" sizes=\"(max-width: 591px) 100vw, 591px\" \/><\/a><p id=\"caption-attachment-146763\" class=\"wp-caption-text\">Delegacia de Roubos e Furtos de Ve\u00edculos orienta sobre cuidados essenciais durante o per\u00edodo festivo &#8211; Foto: reprodu\u00e7\u00e3o\/SSP\/SE<\/p><\/div>\n<p>A preocupa\u00e7\u00e3o maior \u00e9 com as motocicletas, que s\u00e3o os alvos preferidos dos criminosos. &#8220;Hoje, um delinquente consegue furtar uma moto em apenas 30 a 40 segundos. Portanto, \u00e9 fundamental n\u00e3o estacionar em locais desprotegidos&#8221;, alerta o delegado.<\/p>\n<p><strong>Medidas de Seguran\u00e7a<\/strong><\/p>\n<p>Entre as medidas preventivas est\u00e3o: evitar estacionar em locais desprotegidos, preferindo estacionamentos pagos e bem iluminados; utilizar dispositivos de seguran\u00e7a, como travamentos, correntes e rastreadores que dificultar\u00e3o a a\u00e7\u00e3o de criminosos; avaliar a possibilidade de utiliza\u00e7\u00e3o de transporte p\u00fablico ou por aplicativo; ou contratar um seguro para, em caso de furto, o preju\u00edzo ser menor.<\/p>\n<p>A Pol\u00edcia refor\u00e7a que, apesar do esfor\u00e7o na pris\u00e3o de criminosos, o furto de motocicletas ainda \u00e9 um problema frequente. &#8220;O crime de furto, por n\u00e3o envolver viol\u00eancia, nem sempre resulta em pris\u00e3o prolongada dos autores. Isso significa que, mesmo quando presos, eles podem voltar a agir. Por isso, a popula\u00e7\u00e3o pode colaborar no combate a esse tipo criminal, por meio de den\u00fancias e informa\u00e7\u00f5es sobre criminosos que podem ser feitas de forma an\u00f4nima atrav\u00e9s do <strong>Disque Den\u00fancia (181)<\/strong>&#8220;, conclui o delegado.<\/p>\n<p><strong><em>Acompanhe tamb\u00e9m o SE Not\u00edcias no\u00a0<a href=\"https:\/\/www.instagram.com\/senoticias\/\" target=\"_blank\" rel=\"noreferrer noopener\">Instagram<\/a><\/em><\/strong>,\u00a0<strong><em>\u00a0<a href=\"https:\/\/www.facebook.com\/senoticias1\" target=\"_blank\" rel=\"noreferrer noopener\">Facebook<\/a>\u00a0e\u00a0no<\/em>\u00a0<em><a href=\"https:\/\/twitter.com\/Senoticias\">X<\/a><\/em><\/strong><\/p>\n<p>Fonte: SSP\/SE<\/p>\n","protected":false},"excerpt":{"rendered":"<p>Sergipe est\u00e1 entre os estados mais seguros do Nordeste e do Brasil, com uma significativa redu\u00e7\u00e3o nos \u00edndices de roubo e furto de ve\u00edculos. Entretanto, com a proximidade do Carnaval, a Delegacia de Roubos e Furtos de Ve\u00edculos (DRFV) intensifica o alerta para a import\u00e2ncia da seguran\u00e7a dos ve\u00edculos, especialmente motocicletas, durante o per\u00edodo festivo. [&hellip;]<\/p>\n","protected":false},"author":6557,"featured_media":146763,"comment_status":"closed","ping_status":"closed","sticky":false,"template":"","format":"standard","meta":{"footnotes":""},"categories":[15,7],"tags":[43318,43317],"class_list":{"0":"post-146762","1":"post","2":"type-post","3":"status-publish","4":"format-standard","5":"has-post-thumbnail","7":"category-destaques","8":"category-policia","9":"tag-delegacia-de-roubo-e-furto-de-veiculos","10":"tag-roubo-e-furto-de-veiculos"},"_links":{"self":[{"href":"https:\/\/senoticias.com.br\/se\/wp-json\/wp\/v2\/posts\/146762"}],"collection":[{"href":"https:\/\/senoticias.com.br\/se\/wp-json\/wp\/v2\/posts"}],"about":[{"href":"https:\/\/senoticias.com.br\/se\/wp-json\/wp\/v2\/types\/post"}],"author":[{"embeddable":true,"href":"https:\/\/senoticias.com.br\/se\/wp-json\/wp\/v2\/users\/6557"}],"replies":[{"embeddable":true,"href":"https:\/\/senoticias.com.br\/se\/wp-json\/wp\/v2\/comments?post=146762"}],"version-history":[{"count":0,"href":"https:\/\/senoticias.com.br\/se\/wp-json\/wp\/v2\/posts\/146762\/revisions"}],"wp:featuredmedia":[{"embeddable":true,"href":"https:\/\/senoticias.com.br\/se\/wp-json\/wp\/v2\/media\/146763"}],"wp:attachment":[{"href":"https:\/\/senoticias.com.br\/se\/wp-json\/wp\/v2\/media?parent=146762"}],"wp:term":[{"taxonomy":"category","embeddable":true,"href":"https:\/\/senoticias.com.br\/se\/wp-json\/wp\/v2\/categories?post=146762"},{"taxonomy":"post_tag","embeddable":true,"href":"https:\/\/senoticias.com.br\/se\/wp-json\/wp\/v2\/tags?post=146762"}],"curies":[{"name":"wp","href":"https:\/\/api.w.org\/{rel}","templated":true}]}}