{"id":146747,"date":"2025-02-28T13:41:37","date_gmt":"2025-02-28T16:41:37","guid":{"rendered":"https:\/\/senoticias.com.br\/se\/?p=146747"},"modified":"2025-02-28T14:58:16","modified_gmt":"2025-02-28T17:58:16","slug":"shoppings-riomar-e-jardins-funcionam-em-horario-diferenciado-no-carnaval","status":"publish","type":"post","link":"https:\/\/senoticias.com.br\/se\/shoppings-riomar-e-jardins-funcionam-em-horario-diferenciado-no-carnaval\/","title":{"rendered":"Shoppings RioMar e Jardins funcionam em hor\u00e1rio diferenciado no Carnaval"},"content":{"rendered":"<p>&nbsp;<\/p>\n<p>At\u00e9 o domingo, 2 de mar\u00e7o, o RioMar Aracaju e o Shopping Jardins funcionam normalmente e, na segunda e ter\u00e7a-feira, 3 e 4 de mar\u00e7o, os empreendimentos operam em hor\u00e1rio especial.<\/p>\n<p>Voc\u00ea j\u00e1 est\u00e1 inscrito no nosso canal no\u00a0<a href=\"https:\/\/www.youtube.com\/senoticias\"><strong>YouTube<\/strong><\/a>?\u00a0 Inscreva-se em nosso canal e acompanhe todas entrevistas!<\/p>\n<p>No s\u00e1bado, 1\u00ba de mar\u00e7o, as \u00e2ncoras e megalojas abrem das 9h \u00e0s 22h, pra\u00e7as de alimenta\u00e7\u00e3o, lazer e demais lojas e quiosques, das 10h \u00e0s 22h. No domingo, 2, as opera\u00e7\u00f5es de alimenta\u00e7\u00e3o e lazer funcionam das 12h \u00e0s 21h, grandes lojas das 13h \u00e0s 21h, demais lojas e quiosques das 14h \u00e0s 20h.<\/p>\n<div id=\"attachment_146748\" style=\"width: 610px\" class=\"wp-caption aligncenter\"><a href=\"https:\/\/senoticias.com.br\/se\/wp-content\/uploads\/2025\/02\/IMG_0104.jpeg\"><img loading=\"lazy\" decoding=\"async\" aria-describedby=\"caption-attachment-146748\" class=\"size-full wp-image-146748\" src=\"https:\/\/senoticias.com.br\/se\/wp-content\/uploads\/2025\/02\/IMG_0104.jpeg\" alt=\"\" width=\"600\" height=\"400\" srcset=\"https:\/\/senoticias.com.br\/se\/wp-content\/uploads\/2025\/02\/IMG_0104.jpeg 600w, https:\/\/senoticias.com.br\/se\/wp-content\/uploads\/2025\/02\/IMG_0104-300x200.jpeg 300w, https:\/\/senoticias.com.br\/se\/wp-content\/uploads\/2025\/02\/IMG_0104-90x60.jpeg 90w, https:\/\/senoticias.com.br\/se\/wp-content\/uploads\/2025\/02\/IMG_0104-180x120.jpeg 180w, https:\/\/senoticias.com.br\/se\/wp-content\/uploads\/2025\/02\/IMG_0104-95x64.jpeg 95w\" sizes=\"(max-width: 600px) 100vw, 600px\" \/><\/a><p id=\"caption-attachment-146748\" class=\"wp-caption-text\">Shoppings RioMar e Jardins funcionam em hor\u00e1rio diferenciado &#8211; Foto: ascom\/divulga\u00e7\u00e3o<\/p><\/div>\n<p>Na segunda e ter\u00e7a-feira de carnaval, 3 e 4, as pra\u00e7as de alimenta\u00e7\u00e3o, opera\u00e7\u00f5es de lazer e Lojas Americanas abrem das 12h \u00e0s 21h. As demais lojas estar\u00e3o fechadas. Os shoppings retornam o funcionamento normal na Quarta-feira de Cinzas, com as grandes lojas abrindo das 9h \u00e0s 22h e opera\u00e7\u00f5es de alimenta\u00e7\u00e3o, lazer, lojas e quiosques funcionando das 10h \u00e0s 22h.<\/p>\n<p>Nos dias de folia, o cinema seguir\u00e1 a programa\u00e7\u00e3o da rede Cinemark, com sess\u00f5es iniciadas ao meio-dia. A programa\u00e7\u00e3o completa est\u00e1 dispon\u00edvel nos aplicativos do RioMar Aracaju e do Shopping Jardins.<\/p>\n<p>Os restaurantes Casa Alem\u00e3, Outback, Madero, Camarada Camar\u00e3o, Ferreiro Grill, Tio Arm\u00eanio e Senzai, bem como os hipermercados, cl\u00ednica, academia e Le Biscuit, funcionar\u00e3o de acordo com os hor\u00e1rios estabelecidos por suas respectivas redes.<\/p>\n<p><strong><em>Acompanhe tamb\u00e9m o SE Not\u00edcias no\u00a0<a href=\"https:\/\/www.instagram.com\/senoticias\/\" target=\"_blank\" rel=\"noreferrer noopener\">Instagram<\/a><\/em><\/strong>,\u00a0<strong><em>\u00a0<a href=\"https:\/\/www.facebook.com\/senoticias1\" target=\"_blank\" rel=\"noreferrer noopener\">Facebook<\/a>\u00a0e\u00a0no<\/em>\u00a0<em><a href=\"https:\/\/twitter.com\/Senoticias\">X<\/a><\/em><\/strong><\/p>\n<p>Da Assessoria de Imprensa<\/p>\n","protected":false},"excerpt":{"rendered":"<p>&nbsp; At\u00e9 o domingo, 2 de mar\u00e7o, o RioMar Aracaju e o Shopping Jardins funcionam normalmente e, na segunda e ter\u00e7a-feira, 3 e 4 de mar\u00e7o, os empreendimentos operam em hor\u00e1rio especial. Voc\u00ea j\u00e1 est\u00e1 inscrito no nosso canal no\u00a0YouTube?\u00a0 Inscreva-se em nosso canal e acompanhe todas entrevistas! No s\u00e1bado, 1\u00ba de mar\u00e7o, as \u00e2ncoras [&hellip;]<\/p>\n","protected":false},"author":6557,"featured_media":146748,"comment_status":"closed","ping_status":"closed","sticky":false,"template":"","format":"standard","meta":{"footnotes":""},"categories":[15,21],"tags":[58,43315,4939,6696],"class_list":{"0":"post-146747","1":"post","2":"type-post","3":"status-publish","4":"format-standard","5":"has-post-thumbnail","7":"category-destaques","8":"category-entretenimento","9":"tag-carnaval","10":"tag-horario-diferenciado","11":"tag-shopping-jardins","12":"tag-shopping-riomar"},"_links":{"self":[{"href":"https:\/\/senoticias.com.br\/se\/wp-json\/wp\/v2\/posts\/146747"}],"collection":[{"href":"https:\/\/senoticias.com.br\/se\/wp-json\/wp\/v2\/posts"}],"about":[{"href":"https:\/\/senoticias.com.br\/se\/wp-json\/wp\/v2\/types\/post"}],"author":[{"embeddable":true,"href":"https:\/\/senoticias.com.br\/se\/wp-json\/wp\/v2\/users\/6557"}],"replies":[{"embeddable":true,"href":"https:\/\/senoticias.com.br\/se\/wp-json\/wp\/v2\/comments?post=146747"}],"version-history":[{"count":0,"href":"https:\/\/senoticias.com.br\/se\/wp-json\/wp\/v2\/posts\/146747\/revisions"}],"wp:featuredmedia":[{"embeddable":true,"href":"https:\/\/senoticias.com.br\/se\/wp-json\/wp\/v2\/media\/146748"}],"wp:attachment":[{"href":"https:\/\/senoticias.com.br\/se\/wp-json\/wp\/v2\/media?parent=146747"}],"wp:term":[{"taxonomy":"category","embeddable":true,"href":"https:\/\/senoticias.com.br\/se\/wp-json\/wp\/v2\/categories?post=146747"},{"taxonomy":"post_tag","embeddable":true,"href":"https:\/\/senoticias.com.br\/se\/wp-json\/wp\/v2\/tags?post=146747"}],"curies":[{"name":"wp","href":"https:\/\/api.w.org\/{rel}","templated":true}]}}