{"id":146736,"date":"2025-02-27T21:41:49","date_gmt":"2025-02-28T00:41:49","guid":{"rendered":"https:\/\/senoticias.com.br\/se\/?p=146736"},"modified":"2025-02-27T21:41:49","modified_gmt":"2025-02-28T00:41:49","slug":"lula-e-tarcisio-lancam-edital-do-tunel-santos-guaruja-em-clima-amistoso-vontade-politica-diz-presidente","status":"publish","type":"post","link":"https:\/\/senoticias.com.br\/se\/lula-e-tarcisio-lancam-edital-do-tunel-santos-guaruja-em-clima-amistoso-vontade-politica-diz-presidente\/","title":{"rendered":"Lula e Tarc\u00edsio lan\u00e7am edital do T\u00fanel Santos-Guaruj\u00e1 em clima amistoso: &#8216;vontade pol\u00edtica&#8217;, diz presidente"},"content":{"rendered":"<p>O presidente Luiz In\u00e1cio Lula da Silva disse nesta quinta-feira, 27, que a concess\u00e3o da obra do t\u00fanel Santos-Guaruj\u00e1 s\u00f3 foi poss\u00edvel por causa da &#8220;atitude civilizada&#8221; dos governos federal e de S\u00e3o Paulo &#8211; comandado pelo bolsonarista Tarc\u00edsio de Freitas (Republicanos). O petista deu a declara\u00e7\u00e3o em entrevista \u00e0 TV Record.<\/p>\n<p>&#8220;Tarc\u00edsio colocou essa obra na proposta das obras interessantes para S\u00e3o Paulo. Obviamente que ele n\u00e3o poderia fazer sozinho por causa do pre\u00e7o da obra. E n\u00f3s assumimos a responsabilidade de, junto com ele, fazer uma parceria, metade do governo federal, metade do governo do Estado, para que a gente pudesse realizar essa necessidade do povo de Santos e do Guaruj\u00e1&#8221;, disse o presidente da Rep\u00fablica.<\/p>\n<p>&#8220;S\u00f3 foi poss\u00edvel [lan\u00e7ar a obra] por conta da atitude civilizada do governo de S\u00e3o Paulo e do governo federal&#8221;, afirmou Lula sobre a obra de aproximadamente R$ 6 bilh\u00f5es. Lula disse que quer entregar o t\u00fanel pronto o mais r\u00e1pido poss\u00edvel.<\/p>\n<p>Voc\u00ea j\u00e1 est\u00e1 inscrito no nosso canal no\u00a0<a href=\"https:\/\/www.youtube.com\/senoticias\"><strong>YouTube<\/strong><\/a>?\u00a0 Inscreva-se em nosso canal e acompanhe todas entrevistas!<\/p>\n<p>O presidente declarou que &#8220;voltar \u00e0 normalidade&#8221; \u00e9 ter rela\u00e7\u00e3o civilizada entre o governo federal e os governadores dos Estados. Segundo o petista, \u00e9 necess\u00e1rio esquecer as diverg\u00eancias partid\u00e1rias quando as elei\u00e7\u00f5es acabam. Lula afirmou que ele e Tarc\u00edsio t\u00eam discord\u00e2ncias, mas que respeitam as pessoas que os elegeram.<\/p>\n<div id=\"attachment_146737\" style=\"width: 567px\" class=\"wp-caption aligncenter\"><a href=\"https:\/\/senoticias.com.br\/se\/wp-content\/uploads\/2025\/02\/Lula-e-Tarcisio-SE-Noticias.jpg\"><img loading=\"lazy\" decoding=\"async\" aria-describedby=\"caption-attachment-146737\" class=\"size-full wp-image-146737\" src=\"https:\/\/senoticias.com.br\/se\/wp-content\/uploads\/2025\/02\/Lula-e-Tarcisio-SE-Noticias.jpg\" alt=\"\" width=\"557\" height=\"346\" srcset=\"https:\/\/senoticias.com.br\/se\/wp-content\/uploads\/2025\/02\/Lula-e-Tarcisio-SE-Noticias.jpg 557w, https:\/\/senoticias.com.br\/se\/wp-content\/uploads\/2025\/02\/Lula-e-Tarcisio-SE-Noticias-300x186.jpg 300w, https:\/\/senoticias.com.br\/se\/wp-content\/uploads\/2025\/02\/Lula-e-Tarcisio-SE-Noticias-120x76.jpg 120w, https:\/\/senoticias.com.br\/se\/wp-content\/uploads\/2025\/02\/Lula-e-Tarcisio-SE-Noticias-308x192.jpg 308w\" sizes=\"(max-width: 557px) 100vw, 557px\" \/><\/a><p id=\"caption-attachment-146737\" class=\"wp-caption-text\"><br \/>Presidente e governador de SP lan\u00e7aram o edital do T\u00fanel Santos-Guaruj\u00e1 nesta quinta-feira (27) \u2014 Foto: Vanessa Rodrigues\/AT<\/p><\/div>\n<p>Segundo o presidente, o Executivo far\u00e1 um instituto federal em Santos e outro em S\u00e3o Vicente, e que voltar\u00e1 \u00e0 regi\u00e3o ainda neste ano para o come\u00e7o dessas obras. E mencionou a possibilidade de outras obras em parceria com o governo de S\u00e3o Paulo.<\/p>\n<p>&#8220;Eu quero conversar com o governador, e vou conversar no palanque, se ele est\u00e1 disposto a fazer uma parceria com o governo federal para a gente acabar com essas palafitas e fazer moradia decente para o povo que mora na palafita&#8221;, declarou Lula. O petista afirmou a possibilidade de criar um projeto habitacional para moradores desse tipo de constru\u00e7\u00e3o.<\/p>\n<p><strong><em>Acompanhe tamb\u00e9m o SE Not\u00edcias no\u00a0<a href=\"https:\/\/www.instagram.com\/senoticias\/\" target=\"_blank\" rel=\"noreferrer noopener\">Instagram<\/a><\/em><\/strong>,\u00a0<strong><em>\u00a0<a href=\"https:\/\/www.facebook.com\/senoticias1\" target=\"_blank\" rel=\"noreferrer noopener\">Facebook<\/a>\u00a0e\u00a0no<\/em>\u00a0<em><a href=\"https:\/\/twitter.com\/Senoticias\">X<\/a><\/em><\/strong><\/p>\n<p>Fonte: Portal Terra<\/p>\n","protected":false},"excerpt":{"rendered":"<p>O presidente Luiz In\u00e1cio Lula da Silva disse nesta quinta-feira, 27, que a concess\u00e3o da obra do t\u00fanel Santos-Guaruj\u00e1 s\u00f3 foi poss\u00edvel por causa da &#8220;atitude civilizada&#8221; dos governos federal e de S\u00e3o Paulo &#8211; comandado pelo bolsonarista Tarc\u00edsio de Freitas (Republicanos). O petista deu a declara\u00e7\u00e3o em entrevista \u00e0 TV Record. &#8220;Tarc\u00edsio colocou essa [&hellip;]<\/p>\n","protected":false},"author":6557,"featured_media":146737,"comment_status":"closed","ping_status":"closed","sticky":false,"template":"","format":"standard","meta":{"footnotes":""},"categories":[15,2961],"tags":[35141,90,38105,43307,43306,43308],"class_list":{"0":"post-146736","1":"post","2":"type-post","3":"status-publish","4":"format-standard","5":"has-post-thumbnail","7":"category-destaques","8":"category-nacional","9":"tag-governador-de-sao-paulo","10":"tag-lula","11":"tag-presidente-lula","12":"tag-tarcisio","13":"tag-tunel-santos","14":"tag-tunel-santos-guaruja"},"_links":{"self":[{"href":"https:\/\/senoticias.com.br\/se\/wp-json\/wp\/v2\/posts\/146736"}],"collection":[{"href":"https:\/\/senoticias.com.br\/se\/wp-json\/wp\/v2\/posts"}],"about":[{"href":"https:\/\/senoticias.com.br\/se\/wp-json\/wp\/v2\/types\/post"}],"author":[{"embeddable":true,"href":"https:\/\/senoticias.com.br\/se\/wp-json\/wp\/v2\/users\/6557"}],"replies":[{"embeddable":true,"href":"https:\/\/senoticias.com.br\/se\/wp-json\/wp\/v2\/comments?post=146736"}],"version-history":[{"count":0,"href":"https:\/\/senoticias.com.br\/se\/wp-json\/wp\/v2\/posts\/146736\/revisions"}],"wp:featuredmedia":[{"embeddable":true,"href":"https:\/\/senoticias.com.br\/se\/wp-json\/wp\/v2\/media\/146737"}],"wp:attachment":[{"href":"https:\/\/senoticias.com.br\/se\/wp-json\/wp\/v2\/media?parent=146736"}],"wp:term":[{"taxonomy":"category","embeddable":true,"href":"https:\/\/senoticias.com.br\/se\/wp-json\/wp\/v2\/categories?post=146736"},{"taxonomy":"post_tag","embeddable":true,"href":"https:\/\/senoticias.com.br\/se\/wp-json\/wp\/v2\/tags?post=146736"}],"curies":[{"name":"wp","href":"https:\/\/api.w.org\/{rel}","templated":true}]}}