{"id":146592,"date":"2025-02-19T13:59:26","date_gmt":"2025-02-19T16:59:26","guid":{"rendered":"https:\/\/senoticias.com.br\/se\/?p=146592"},"modified":"2025-02-19T13:59:26","modified_gmt":"2025-02-19T16:59:26","slug":"praia-da-caueira-recebera-penultimo-final-de-semana-do-verao-sergipe-2025","status":"publish","type":"post","link":"https:\/\/senoticias.com.br\/se\/praia-da-caueira-recebera-penultimo-final-de-semana-do-verao-sergipe-2025\/","title":{"rendered":"Praia da Caueira receber\u00e1 pen\u00faltimo final de semana do Ver\u00e3o Sergipe 2025"},"content":{"rendered":"<p class=\"p2\"><span class=\"s1\">O Ver\u00e3o Sergipe 2025 se encaminha para a sua reta final e o destino do pen\u00faltimo final de semana do evento \u00e9 a Praia de Caueira, que fica no munic\u00edpio de Itaporanga d\u2019Ajuda. A programa\u00e7\u00e3o, que come\u00e7a na pr\u00f3xima sexta-feira, 21, vai at\u00e9 o domingo, 23. O evento \u00e9 uma realiza\u00e7\u00e3o do Governo do Estado e conta com uma programa\u00e7\u00e3o cultural, de lazer e esporte, levando shows musicais, a\u00e7\u00f5es inclusivas e atividades esportivas aos quatro cantos do territ\u00f3rio sergipano.<\/span><\/p>\n<div id=\"attachment_146593\" style=\"width: 609px\" class=\"wp-caption aligncenter\"><a href=\"https:\/\/senoticias.com.br\/se\/wp-content\/uploads\/2025\/02\/IMG_0074-e1739984321270.jpeg\"><img loading=\"lazy\" decoding=\"async\" aria-describedby=\"caption-attachment-146593\" class=\"size-full wp-image-146593\" src=\"https:\/\/senoticias.com.br\/se\/wp-content\/uploads\/2025\/02\/IMG_0074-e1739984321270.jpeg\" alt=\"\" width=\"599\" height=\"332\" \/><\/a><p id=\"caption-attachment-146593\" class=\"wp-caption-text\">Foto: Divulga\u00e7\u00e3o<\/p><\/div>\n<p class=\"p2\"><span class=\"s1\">A programa\u00e7\u00e3o musical come\u00e7a na sexta-feira, \u00e0s 21h, com o cantor sergipano Igor\u00a0Ativado, que aquece o p\u00fablico com seu repert\u00f3rio animado. Em seguida, o samba toma conta da festa com a apresenta\u00e7\u00e3o do cantor e compositor Jorge Arag\u00e3o, um dos principais nomes do samba brasileiro. O cearense Matheus Fernandes sobe ao palco \u00e0 1h, trazendo sucessos do forr\u00f3 e sertanejo. O encerramento da primeira noite de festa fica por conta da banda Banana Nativa.<\/span><\/p>\n<p class=\"p2\"><span class=\"s1\">No s\u00e1bado, 22, \u00a0a programa\u00e7\u00e3o conta com uma mistura de atra\u00e7\u00f5es locais com bandas renomadas do cen\u00e1rio nacional. A banda sergipana As Patricinhas \u00e9 quem abre a noite, \u00e0s 21h, seguida pelo cantor Toni Garrido. J\u00e1 na madrugada, o rock nacional ganha espa\u00e7o com Detonautas, e a expectativa \u00e9 pelos grandes sucessos da banda. Logo ap\u00f3s, a baiana \u00c9 O Tchan, comandada pelos vocalistas Beto Jamaica e Compadre Washington, promete agitar a galera, garantindo muita dan\u00e7a e nostalgia.<\/span><\/p>\n<p class=\"p2\"><span class=\"s2\">Ver\u00e3o Sergipe<\/span><\/p>\n<p class=\"p2\"><span class=\"s1\">O Ver\u00e3o Sergipe \u00e9 uma realiza\u00e7\u00e3o do Governo do Estado, por meio da Funda\u00e7\u00e3o de Cultura e Arte Aperip\u00ea de Sergipe (Funcap) e Secretaria de Estado da Comunica\u00e7\u00e3o (Secom), com patroc\u00ednio do Banese Card e da Companhia de Saneamento de Sergipe (Deso) e apoio das prefeituras de Pacatuba, Canind\u00e9 de S\u00e3o Francisco, Pirambu, Barra dos Coqueiros, Itaporanga d&#8217;Ajuda e Est\u00e2ncia, Energisa e Eneva.<\/span><\/p>\n<p class=\"p2\"><span class=\"s1\">Confira a programa\u00e7\u00e3o musical do Ver\u00e3o Sergipe na Caueira:<\/span><\/p>\n<p class=\"p2\"><span class=\"s2\">Sexta-feira (21\/02)<\/span><span class=\"s1\"><br \/>\n21h &#8211; Igor Ativado<br \/>\n23h &#8211; Jorge Arag\u00e3o<br \/>\n1h &#8211; Matheus Fernandes<br \/>\n3h &#8211; Banana Nativa<\/span><\/p>\n<p class=\"p2\"><span class=\"s1\"><br \/>\n<\/span><span class=\"s2\">S\u00e1bado (22\/02)<\/span><span class=\"s1\"><br \/>\n21h &#8211; As Patricinhas<br \/>\n23h &#8211; Toni Garrido<br \/>\n1h &#8211; Detonautas<br \/>\n3h &#8211; \u00c9 O Tchan<\/span><\/p>\n<p class=\"p2\"><span class=\"s2\">Tenda eletr\u00f4nica<\/span><span class=\"s1\"><\/p>\n<p><\/span><span class=\"s2\">Sexta-feira (21\/02)<\/span><span class=\"s1\"><br \/>\n20h &#8211; DJ Xsavier<br \/>\n21h &#8211; Igor Ativado<br \/>\n22h30 &#8211; DJ Xsavier<br \/>\n23h &#8211; Ferrugem<br \/>\n00h30 &#8211; DJ PNP<br \/>\n1h &#8211; Felipe Amorim<br \/>\n2h30 &#8211; DJ PNP<br \/>\n3h &#8211; Banana Nativa<\/span><\/p>\n<p class=\"p2\"><span class=\"s2\">S\u00e1bado (22\/02)<\/span><span class=\"s1\"><br \/>\n20h &#8211; DJ Axshy<br \/>\n21h \u2013 As Patricinhas<br \/>\n22h30 &#8211; DJ Euterpe (RN)<br \/>\n23h \u2013 Toni Garrido<br \/>\n00h30 &#8211; DJ Euterpe (RN)<br \/>\n1h \u2013 Detonautas<br \/>\n2h30 &#8211; DJ ANNY B &#8211; Palco Principal<br \/>\n3h30 \u2013 Nona<\/span><\/p>\n<p class=\"p2\"><span class=\"s1\">Programa\u00e7\u00e3o esportiva do Ver\u00e3o Sergipe na Caueira:<\/span><\/p>\n<p class=\"p2\"><span class=\"s2\">S\u00e1bado (22\/02)<\/span><span class=\"s1\"><br \/>\nSurf- 8h \u00e0s 16h &#8211; \u00a0pra\u00e7a de eventos Caueira<br \/>\nBeach Soccer fem \/ mas \u2013 Arena \u00a0(competi\u00e7\u00e3o) \u2013 8h \u00e0s 17h<br \/>\nBeach Soccer fem \/ mas \u2013 Arena \u00a0(competi\u00e7\u00e3o) \u2013 8h \u00e0s 15h<br \/>\nV\u00f4lei de Praia fem \/ mas \u2013 Arena \u00a0(competi\u00e7\u00e3o) &#8211; 8h \u00e0s 16h<br \/>\nFutvolei fem \/ mas \u2013 Arena \u00a0(competi\u00e7\u00e3o) &#8211; 8h \u00e0s 16h<br \/>\nRedinha &#8211; Arena (aberto ao p\u00fablico) &#8211; 8h \u00e0s 16h<br \/>\nMesaboll &#8211; Arena (aberto ao p\u00fablico) &#8211; 8h \u00e0s 16h<br \/>\nFrescoboll &#8211; Arena (aberto ao p\u00fablico) &#8211; 8h \u00e0s 16h<\/span><\/p>\n<p class=\"p2\"><span class=\"s2\">Domingo (23\/02)<\/span><span class=\"s1\"><br \/>\nCorrida 5km \u2013 7h \u00e0s 9h &#8211; Concentra\u00e7\u00e3o na Pra\u00e7a de eventos \u00a0\u2013 6h, sa\u00edda -7h<br \/>\nCiclismo \u2013 6h50 \u00e0s 9h &#8211; Concentra\u00e7\u00e3o na Pra\u00e7a de Eventos<br \/>\nPra\u00e7a de eventos &gt; posto do BPRV (Ponte Joel Silveira-Aracaju)<br \/>\nSurf (competi\u00e7\u00e3o) 8h \u00e0s 15h<br \/>\nBeach Soccer mas &#8211; Arena \u00a0(competi\u00e7\u00e3o) &#8211; 8h \u00e0s 15h<br \/>\nBeach Hand mas \/ fem &#8211; Arena \u00a0(competi\u00e7\u00e3o) &#8211; 8h \u00e0s 15h<br \/>\nV\u00f4lei de Praia fem \/ mas \u2013 Arena \u00a0(competi\u00e7\u00e3o) &#8211; 8h \u00e0s 15h<br \/>\nFutvolei fem \/ mas \u2013 Arena \u00a0(competi\u00e7\u00e3o) &#8211; 8h \u00e0s 15h<br \/>\nFit Dance &#8211; Arena (aberto ao p\u00fablico) &#8211; 8h \u00e0s 10h<br \/>\nRedinha &#8211; Arena (aberto ao p\u00fablico) &#8211; 8h \u00e0s 15h<br \/>\nBanho Assistido Proj Estrelas do Mar &#8211; Arena \u00a0(aberto ao p\u00fablico) &#8211; 9h \u00e0s 11h30<br \/>\nMesaboll &#8211; Arena (aberto ao p\u00fablico) &#8211; 8h \u00e0s 15h<br \/>\nFrescoboll &#8211; Arena (aberto ao p\u00fablico) &#8211; 8h \u00e0s 15h<\/span><\/p>\n<p class=\"p2\"><span class=\"s3\">*Programa\u00e7\u00e3o sujeita a altera\u00e7\u00f5es sem aviso pr\u00e9vio<\/span><\/p>\n<p><strong><em>Acompanhe tamb\u00e9m o SE Not\u00edcias no\u00a0<a href=\"https:\/\/www.instagram.com\/senoticias\/\" target=\"_blank\" rel=\"noreferrer noopener\">Instagram<\/a><\/em><\/strong>,\u00a0<strong><em>\u00a0<a href=\"https:\/\/www.facebook.com\/senoticias1\" target=\"_blank\" rel=\"noreferrer noopener\">Facebook<\/a>\u00a0e\u00a0no<\/em>\u00a0<em><a href=\"https:\/\/twitter.com\/Senoticias\">X<\/a><\/em><\/strong><\/p>\n<p>Fonte: Governo de Sergipe<\/p>\n","protected":false},"excerpt":{"rendered":"<p>O Ver\u00e3o Sergipe 2025 se encaminha para a sua reta final e o destino do pen\u00faltimo final de semana do evento \u00e9 a Praia de Caueira, que fica no munic\u00edpio de Itaporanga d\u2019Ajuda. A programa\u00e7\u00e3o, que come\u00e7a na pr\u00f3xima sexta-feira, 21, vai at\u00e9 o domingo, 23. O evento \u00e9 uma realiza\u00e7\u00e3o do Governo do Estado [&hellip;]<\/p>\n","protected":false},"author":6557,"featured_media":0,"comment_status":"closed","ping_status":"closed","sticky":false,"template":"","format":"standard","meta":{"footnotes":""},"categories":[15,21],"tags":[5778,40408],"class_list":{"0":"post-146592","1":"post","2":"type-post","3":"status-publish","4":"format-standard","6":"category-destaques","7":"category-entretenimento","8":"tag-praia-da-caueira","9":"tag-verao-sergipe"},"_links":{"self":[{"href":"https:\/\/senoticias.com.br\/se\/wp-json\/wp\/v2\/posts\/146592"}],"collection":[{"href":"https:\/\/senoticias.com.br\/se\/wp-json\/wp\/v2\/posts"}],"about":[{"href":"https:\/\/senoticias.com.br\/se\/wp-json\/wp\/v2\/types\/post"}],"author":[{"embeddable":true,"href":"https:\/\/senoticias.com.br\/se\/wp-json\/wp\/v2\/users\/6557"}],"replies":[{"embeddable":true,"href":"https:\/\/senoticias.com.br\/se\/wp-json\/wp\/v2\/comments?post=146592"}],"version-history":[{"count":0,"href":"https:\/\/senoticias.com.br\/se\/wp-json\/wp\/v2\/posts\/146592\/revisions"}],"wp:attachment":[{"href":"https:\/\/senoticias.com.br\/se\/wp-json\/wp\/v2\/media?parent=146592"}],"wp:term":[{"taxonomy":"category","embeddable":true,"href":"https:\/\/senoticias.com.br\/se\/wp-json\/wp\/v2\/categories?post=146592"},{"taxonomy":"post_tag","embeddable":true,"href":"https:\/\/senoticias.com.br\/se\/wp-json\/wp\/v2\/tags?post=146592"}],"curies":[{"name":"wp","href":"https:\/\/api.w.org\/{rel}","templated":true}]}}