{"id":146532,"date":"2025-02-15T09:42:52","date_gmt":"2025-02-15T12:42:52","guid":{"rendered":"https:\/\/senoticias.com.br\/se\/?p=146532"},"modified":"2025-02-15T10:10:17","modified_gmt":"2025-02-15T13:10:17","slug":"na-bahia-duas-criancas-morrem-na-br-101-apos-acidente-envolvendo-carro-com-prefeito-sergipano","status":"publish","type":"post","link":"https:\/\/senoticias.com.br\/se\/na-bahia-duas-criancas-morrem-na-br-101-apos-acidente-envolvendo-carro-com-prefeito-sergipano\/","title":{"rendered":"Na Bahia, duas crian\u00e7as morrem na BR-101 ap\u00f3s acidente envolvendo carro com prefeito sergipano"},"content":{"rendered":"<p>Duas crian\u00e7as morreram ap\u00f3s um acidente envolvendo dois carros na BR-101, em Esplanada, na Bahia. O caso foi registrado no in\u00edcio da noite desta sexta-feira (14\/02). Dois adultos ficaram gravemente feridos.<\/p>\n<div id=\"attachment_146533\" style=\"width: 399px\" class=\"wp-caption alignleft\"><a href=\"https:\/\/senoticias.com.br\/se\/wp-content\/uploads\/2025\/02\/Acidente-com-o-prefeito-de-Muribeca-SE-Noticias.jpg\"><img loading=\"lazy\" decoding=\"async\" aria-describedby=\"caption-attachment-146533\" class=\"size-full wp-image-146533\" src=\"https:\/\/senoticias.com.br\/se\/wp-content\/uploads\/2025\/02\/Acidente-com-o-prefeito-de-Muribeca-SE-Noticias.jpg\" alt=\"\" width=\"389\" height=\"293\" srcset=\"https:\/\/senoticias.com.br\/se\/wp-content\/uploads\/2025\/02\/Acidente-com-o-prefeito-de-Muribeca-SE-Noticias.jpg 389w, https:\/\/senoticias.com.br\/se\/wp-content\/uploads\/2025\/02\/Acidente-com-o-prefeito-de-Muribeca-SE-Noticias-300x226.jpg 300w, https:\/\/senoticias.com.br\/se\/wp-content\/uploads\/2025\/02\/Acidente-com-o-prefeito-de-Muribeca-SE-Noticias-45x35.jpg 45w\" sizes=\"(max-width: 389px) 100vw, 389px\" \/><\/a><p id=\"caption-attachment-146533\" class=\"wp-caption-text\">O caso foi registrado no in\u00edcio da noite desta sexta-feira (14\/02) &#8211; Foto: redes sociais<\/p><\/div>\n<p>Segundo informa\u00e7\u00f5es, a colis\u00e3o aconteceu nas proximidades do Posto de Valter, em um trecho conhecido como &#8220;Roubadinha&#8221;, que liga a BA-233 ao Munic\u00edpio de Acajutiba. Diariamente, \u00e9 poss\u00edvel ver motoristas trafegando de maneira imprudente, realizando convers\u00f5es irregulares e colocando suas vidas em risco.<\/p>\n<p>Os feridos foram socorridos pelo Servi\u00e7o de Atendimento M\u00f3vel de Urg\u00eancia (Samu) e levados para o pronto-socorro. At\u00e9 o momento, n\u00e3o h\u00e1 informa\u00e7\u00f5es sobre o estado de sa\u00fade das v\u00edtimas.<\/p>\n<p>A fam\u00edlia envolvida no acidente era moradora de Acajutiba. O clima no munic\u00edpio \u00e9 de como\u00e7\u00e3o, tristeza e luto diante da perda das duas crian\u00e7as, que eram bastante conhecidas na cidade.<\/p>\n<p>O Toyota Corolla esverdeado envolvido na colis\u00e3o pertence ao prefeito de Muribeca, M\u00e1rio de Sandra, do estado de Sergipe. No ve\u00edculo estavam tr\u00eas assessores, que retornavam de Bras\u00edlia ap\u00f3s participarem do Encontro Nacional dos Prefeitos.<\/p>\n<p>Tanto o prefeito quanto seus assessores est\u00e3o bem e n\u00e3o correm riscos, segundo informa\u00e7\u00f5es do jornalista Genison Balbino, que estava no ve\u00edculo.<\/p>\n<p>Relatos indicam que um carro invadiu a contram\u00e3o e colidiu com o ve\u00edculo da equipe da prefeitura de Muribeca. O carro que invadiu a faixa contr\u00e1ria era conduzido por um homem que transportava duas crian\u00e7as, possivelmente seus netos.<\/p>\n<p><strong><em>Acompanhe tamb\u00e9m o SE Not\u00edcias no\u00a0<a href=\"https:\/\/www.instagram.com\/senoticias\/\" target=\"_blank\" rel=\"noreferrer noopener\">Instagram<\/a><\/em><\/strong>,\u00a0<strong><em>\u00a0<a href=\"https:\/\/www.facebook.com\/senoticias1\" target=\"_blank\" rel=\"noreferrer noopener\">Facebook<\/a>\u00a0e\u00a0no<\/em>\u00a0<em><a href=\"https:\/\/twitter.com\/Senoticias\">X<\/a><\/em><\/strong><\/p>\n<p>Com informa\u00e7\u00f5es do Esplanada News<\/p>\n<p>&nbsp;<\/p>\n<p>&nbsp;<\/p>\n","protected":false},"excerpt":{"rendered":"<p>Duas crian\u00e7as morreram ap\u00f3s um acidente envolvendo dois carros na BR-101, em Esplanada, na Bahia. O caso foi registrado no in\u00edcio da noite desta sexta-feira (14\/02). Dois adultos ficaram gravemente feridos. Segundo informa\u00e7\u00f5es, a colis\u00e3o aconteceu nas proximidades do Posto de Valter, em um trecho conhecido como &#8220;Roubadinha&#8221;, que liga a BA-233 ao Munic\u00edpio de [&hellip;]<\/p>\n","protected":false},"author":6557,"featured_media":146533,"comment_status":"closed","ping_status":"closed","sticky":false,"template":"","format":"standard","meta":{"footnotes":""},"categories":[15,7],"tags":[43237,43236,36827],"class_list":{"0":"post-146532","1":"post","2":"type-post","3":"status-publish","4":"format-standard","5":"has-post-thumbnail","7":"category-destaques","8":"category-policia","9":"tag-acidente-com-o-prefeito-mario-de-sandra","10":"tag-duas-criancas-morrem-na-br-101","11":"tag-prefeito-mario-de-sandra"},"_links":{"self":[{"href":"https:\/\/senoticias.com.br\/se\/wp-json\/wp\/v2\/posts\/146532"}],"collection":[{"href":"https:\/\/senoticias.com.br\/se\/wp-json\/wp\/v2\/posts"}],"about":[{"href":"https:\/\/senoticias.com.br\/se\/wp-json\/wp\/v2\/types\/post"}],"author":[{"embeddable":true,"href":"https:\/\/senoticias.com.br\/se\/wp-json\/wp\/v2\/users\/6557"}],"replies":[{"embeddable":true,"href":"https:\/\/senoticias.com.br\/se\/wp-json\/wp\/v2\/comments?post=146532"}],"version-history":[{"count":0,"href":"https:\/\/senoticias.com.br\/se\/wp-json\/wp\/v2\/posts\/146532\/revisions"}],"wp:featuredmedia":[{"embeddable":true,"href":"https:\/\/senoticias.com.br\/se\/wp-json\/wp\/v2\/media\/146533"}],"wp:attachment":[{"href":"https:\/\/senoticias.com.br\/se\/wp-json\/wp\/v2\/media?parent=146532"}],"wp:term":[{"taxonomy":"category","embeddable":true,"href":"https:\/\/senoticias.com.br\/se\/wp-json\/wp\/v2\/categories?post=146532"},{"taxonomy":"post_tag","embeddable":true,"href":"https:\/\/senoticias.com.br\/se\/wp-json\/wp\/v2\/tags?post=146532"}],"curies":[{"name":"wp","href":"https:\/\/api.w.org\/{rel}","templated":true}]}}