{"id":146529,"date":"2025-02-15T09:15:18","date_gmt":"2025-02-15T12:15:18","guid":{"rendered":"https:\/\/senoticias.com.br\/se\/?p=146529"},"modified":"2025-02-15T09:16:59","modified_gmt":"2025-02-15T12:16:59","slug":"presidente-do-cfc-sergipano-aecio-dantas-assume-a-presidencia-da-ucalp-para-o-bienio-2025-2026","status":"publish","type":"post","link":"https:\/\/senoticias.com.br\/se\/presidente-do-cfc-sergipano-aecio-dantas-assume-a-presidencia-da-ucalp-para-o-bienio-2025-2026\/","title":{"rendered":"Presidente do CFC, sergipano A\u00e9cio Dantas assume a presid\u00eancia da Ucalp para o bi\u00eanio 2025-2026"},"content":{"rendered":"<p>O presidente do Conselho Federal de Contabilidade (CFC), A\u00e9cio Dantas, assumiu, no \u00faltimo dia 11 de fevereiro, a presid\u00eancia da Uni\u00e3o dos Contabilistas e Auditores de L\u00edngua Portuguesa (Ucalp). No bi\u00eanio 2025-2026, o sergipano estar\u00e1 \u00e0 frente do Conselho Diretivo da<br \/>\nentidade, cuja estrutura tamb\u00e9m \u00e9 formada por um Conselho Fiscal.<\/p>\n<p>\u201cAssumo essa presid\u00eancia com orgulho e honra. Essa \u00e9 uma entidade nova, mas criada com um prop\u00f3sito muito importante. Vejo a Ucalp como um ambiente de compartilhamento de boas pr\u00e1ticas. Por isso, o planejamento estrat\u00e9gico da gest\u00e3o que se inicia se basear\u00e1 em dois eixos: um olhar para as entidades que integram a uni\u00e3o e um olhar mais externo, que alcance os profissionais cont\u00e1beis de todas as na\u00e7\u00f5es aqui representadas\u201d, apontou A\u00e9cio.<\/p>\n<div id=\"attachment_146530\" style=\"width: 605px\" class=\"wp-caption aligncenter\"><a href=\"https:\/\/senoticias.com.br\/se\/wp-content\/uploads\/2025\/02\/Aecio-Dantas-Se-Noticias.jpeg\"><img loading=\"lazy\" decoding=\"async\" aria-describedby=\"caption-attachment-146530\" class=\"size-full wp-image-146530\" src=\"https:\/\/senoticias.com.br\/se\/wp-content\/uploads\/2025\/02\/Aecio-Dantas-Se-Noticias.jpeg\" alt=\"\" width=\"595\" height=\"427\" srcset=\"https:\/\/senoticias.com.br\/se\/wp-content\/uploads\/2025\/02\/Aecio-Dantas-Se-Noticias.jpeg 595w, https:\/\/senoticias.com.br\/se\/wp-content\/uploads\/2025\/02\/Aecio-Dantas-Se-Noticias-300x215.jpeg 300w, https:\/\/senoticias.com.br\/se\/wp-content\/uploads\/2025\/02\/Aecio-Dantas-Se-Noticias-475x342.jpeg 475w\" sizes=\"(max-width: 595px) 100vw, 595px\" \/><\/a><p id=\"caption-attachment-146530\" class=\"wp-caption-text\">A\u00e9cio Dantas assume a presid\u00eancia da Ucalp para o bi\u00eanio 2025-2026 &#8211; Foto: ascom\/divulga\u00e7\u00e3o<\/p><\/div>\n<p>O presidente empossado tamb\u00e9m destacou a experi\u00eancia brasileira com a recente aprova\u00e7\u00e3o dos normativos cont\u00e1beis sobre sustentabilidade, ratificando que o CFC est\u00e1 \u00e0 disposi\u00e7\u00e3o da Ucalp e das demais entidades membros para uma atua\u00e7\u00e3o conjunta.<br \/>\nO Conselho Diretivo, al\u00e9m de A\u00e9cio, contar\u00e1 tamb\u00e9m com os vice-presidentes Virg\u00edlio Macedo e Cristina Silvestre. Macedo representa a Ordem dos Revisores Oficiais de Contas, de Portugal, enquanto Cristina representa a Ordem dos Contabilistas e dos Peritos Contabilistas de Angola.<\/p>\n<p>J\u00e1 o Conselho Fiscal da Ucalp ter\u00e1 como presidente Paula Franco, da Ordem dos Contabilistas Certificados, de Portugal; e como vogais atuar\u00e3o Carlos Amaral, da Comiss\u00e3o Profissional dos Contabilistas de Macau, e Hamilton Barros, da Ordem dos T\u00e9cnicos Oficiais de Contas e Auditores de S\u00e3o Tom\u00e9 e Pr\u00edncipe.<\/p>\n<p><strong>Conhe\u00e7a a entidade<\/strong><\/p>\n<p>A Ucalp \u00e9 uma associa\u00e7\u00e3o sem fins lucrativos, formalizada em setembro de 2019, que congrega as entidades reguladoras, de base, das profiss\u00f5es de contabilista e de auditor, nos pa\u00edses ou regi\u00f5es de l\u00edngua portuguesa, e tem sede em Lisboa.<\/p>\n<p>A miss\u00e3o da entidade \u00e9 refor\u00e7ar o interesse p\u00fablico dos profissionais de l\u00edngua portuguesa e as rela\u00e7\u00f5es entre estes profissionais e as suas economias.<\/p>\n<p>Al\u00e9m do CFC, integram a Ucalp o Instituto de Auditoria Independente do Brasil (Ibracon), a Comiss\u00e3o Profissional dos Contabilistas de Macau (CPC), a Ordem dos Contabilistas e Auditores de Mo\u00e7ambique (OCAM), Ordem dos Contabilistas Certificados de Portugal (OCC), Ordem dos Contabilistas e dos Peritos Contabilistas de Angola (OCPC), Ordem Profissional de Auditores e dos Contabilistas de Cabo Verde (OPACC), Ordem dos Revisores Oficiais de Contas de Portugal (OROC) e Ordem dos T\u00e9cnicos Oficiais de Contas e Auditores de S\u00e3o Tom\u00e9 e Pr\u00edncipe (OTOCA).<\/p>\n<p><strong><em>Acompanhe tamb\u00e9m o SE Not\u00edcias no\u00a0<a href=\"https:\/\/www.instagram.com\/senoticias\/\" target=\"_blank\" rel=\"noreferrer noopener\">Instagram<\/a><\/em><\/strong>,\u00a0<strong><em>\u00a0<a href=\"https:\/\/www.facebook.com\/senoticias1\" target=\"_blank\" rel=\"noreferrer noopener\">Facebook<\/a>\u00a0e\u00a0no<\/em>\u00a0<em><a href=\"https:\/\/twitter.com\/Senoticias\">X<\/a><\/em><\/strong><\/p>\n<p><em>Da Assessoria de Imprensa<\/em><\/p>\n<p>&nbsp;<\/p>\n<p>&nbsp;<\/p>\n<p>&nbsp;<\/p>\n","protected":false},"excerpt":{"rendered":"<p>O presidente do Conselho Federal de Contabilidade (CFC), A\u00e9cio Dantas, assumiu, no \u00faltimo dia 11 de fevereiro, a presid\u00eancia da Uni\u00e3o dos Contabilistas e Auditores de L\u00edngua Portuguesa (Ucalp). No bi\u00eanio 2025-2026, o sergipano estar\u00e1 \u00e0 frente do Conselho Diretivo da entidade, cuja estrutura tamb\u00e9m \u00e9 formada por um Conselho Fiscal. \u201cAssumo essa presid\u00eancia com [&hellip;]<\/p>\n","protected":false},"author":6557,"featured_media":146530,"comment_status":"closed","ping_status":"closed","sticky":false,"template":"","format":"standard","meta":{"footnotes":""},"categories":[15,2961,1],"tags":[43233,43234,43235],"class_list":{"0":"post-146529","1":"post","2":"type-post","3":"status-publish","4":"format-standard","5":"has-post-thumbnail","7":"category-destaques","8":"category-nacional","9":"category-sem-categoria","10":"tag-aecio-dantas","11":"tag-presidencia-da-ucalp","12":"tag-presidente-do-cfc"},"_links":{"self":[{"href":"https:\/\/senoticias.com.br\/se\/wp-json\/wp\/v2\/posts\/146529"}],"collection":[{"href":"https:\/\/senoticias.com.br\/se\/wp-json\/wp\/v2\/posts"}],"about":[{"href":"https:\/\/senoticias.com.br\/se\/wp-json\/wp\/v2\/types\/post"}],"author":[{"embeddable":true,"href":"https:\/\/senoticias.com.br\/se\/wp-json\/wp\/v2\/users\/6557"}],"replies":[{"embeddable":true,"href":"https:\/\/senoticias.com.br\/se\/wp-json\/wp\/v2\/comments?post=146529"}],"version-history":[{"count":0,"href":"https:\/\/senoticias.com.br\/se\/wp-json\/wp\/v2\/posts\/146529\/revisions"}],"wp:featuredmedia":[{"embeddable":true,"href":"https:\/\/senoticias.com.br\/se\/wp-json\/wp\/v2\/media\/146530"}],"wp:attachment":[{"href":"https:\/\/senoticias.com.br\/se\/wp-json\/wp\/v2\/media?parent=146529"}],"wp:term":[{"taxonomy":"category","embeddable":true,"href":"https:\/\/senoticias.com.br\/se\/wp-json\/wp\/v2\/categories?post=146529"},{"taxonomy":"post_tag","embeddable":true,"href":"https:\/\/senoticias.com.br\/se\/wp-json\/wp\/v2\/tags?post=146529"}],"curies":[{"name":"wp","href":"https:\/\/api.w.org\/{rel}","templated":true}]}}