{"id":146523,"date":"2025-02-14T15:48:26","date_gmt":"2025-02-14T18:48:26","guid":{"rendered":"https:\/\/senoticias.com.br\/se\/?p=146523"},"modified":"2025-02-14T15:48:26","modified_gmt":"2025-02-14T18:48:26","slug":"policia-civil-avanca-em-investigacao-e-devera-indiciar-funcionarios-do-terminal-rodoviario-por-agressao","status":"publish","type":"post","link":"https:\/\/senoticias.com.br\/se\/policia-civil-avanca-em-investigacao-e-devera-indiciar-funcionarios-do-terminal-rodoviario-por-agressao\/","title":{"rendered":"Pol\u00edcia Civil avan\u00e7a em investiga\u00e7\u00e3o e dever\u00e1 indiciar funcion\u00e1rios do terminal rodovi\u00e1rio por agress\u00e3o"},"content":{"rendered":"<p>A 8\u00aa Delegacia Metropolitana (DM) informou que continua investigando o caso de agress\u00e3o ocorrido no Terminal Rodovi\u00e1rio Governador Jos\u00e9 Rollemberg Leite, no bairro Capucho, na Zona Oeste de Aracaju. No inqu\u00e9rito policial, dois funcion\u00e1rios do local foram apontados como autores do fato, mas a pol\u00edcia ainda est\u00e1 \u00e0 procura da v\u00edtima para que ela possa relatar a sua vers\u00e3o. At\u00e9 a quinta-feira (13), testemunhas tinham sido ouvidas\u00a0e imagens de c\u00e2meras de seguran\u00e7a analisadas.<\/p>\n<div id=\"attachment_146524\" style=\"width: 609px\" class=\"wp-caption alignnone\"><a href=\"https:\/\/senoticias.com.br\/se\/wp-content\/uploads\/2025\/02\/A34A6371-2-scaled.jpg\"><img loading=\"lazy\" decoding=\"async\" aria-describedby=\"caption-attachment-146524\" class=\"wp-image-146524\" src=\"https:\/\/senoticias.com.br\/se\/wp-content\/uploads\/2025\/02\/A34A6371-2-scaled.jpg\" alt=\"\" width=\"599\" height=\"399\" srcset=\"https:\/\/senoticias.com.br\/se\/wp-content\/uploads\/2025\/02\/A34A6371-2-scaled.jpg 2560w, https:\/\/senoticias.com.br\/se\/wp-content\/uploads\/2025\/02\/A34A6371-2-300x200.jpg 300w, https:\/\/senoticias.com.br\/se\/wp-content\/uploads\/2025\/02\/A34A6371-2-1024x683.jpg 1024w, https:\/\/senoticias.com.br\/se\/wp-content\/uploads\/2025\/02\/A34A6371-2-768x512.jpg 768w, https:\/\/senoticias.com.br\/se\/wp-content\/uploads\/2025\/02\/A34A6371-2-1536x1024.jpg 1536w, https:\/\/senoticias.com.br\/se\/wp-content\/uploads\/2025\/02\/A34A6371-2-2048x1365.jpg 2048w, https:\/\/senoticias.com.br\/se\/wp-content\/uploads\/2025\/02\/A34A6371-2-90x60.jpg 90w, https:\/\/senoticias.com.br\/se\/wp-content\/uploads\/2025\/02\/A34A6371-2-180x120.jpg 180w, https:\/\/senoticias.com.br\/se\/wp-content\/uploads\/2025\/02\/A34A6371-2-95x64.jpg 95w\" sizes=\"(max-width: 599px) 100vw, 599px\" \/><\/a><p id=\"caption-attachment-146524\" class=\"wp-caption-text\">Embora v\u00edtima estivesse com uma faca, investiga\u00e7\u00e3o aponta que a agress\u00e3o foi cometida de maneira desproporcional pelos funcion\u00e1rios do local.<\/p><\/div>\n<p>De acordo com o delegado Luciano Cardoso, a apura\u00e7\u00e3o policial identificou uma rea\u00e7\u00e3o desproporcional dos funcion\u00e1rios do terminal rodovi\u00e1rio. \u201cMas, \u00e9 preciso dizer que n\u00e3o \u00e9 a primeira vez que a v\u00edtima da agress\u00e3o vai \u00e0 rodovi\u00e1ria importunar as pessoas que ali est\u00e3o\u201d, contextualizou o delegado.<\/p>\n<p>Luciano Cardoso ressaltou que a 8\u00aa DM est\u00e1 atuando para identificar e localizar a v\u00edtima da agress\u00e3o. \u201cTemos informa\u00e7\u00f5es de que a v\u00edtima \u00e9 usu\u00e1ria de drogas e anda por diversos locais. Inclusive, estamos diligenciando em unidades de apoio social e hospitais para verificar se ela est\u00e1 em algum abrigo ou internada, mas ainda n\u00e3o tivemos \u00eaxito at\u00e9 o momento\u201d, complementou o delegado.<\/p>\n<p>A investiga\u00e7\u00e3o colheu imagens das c\u00e2meras de seguran\u00e7a do terminal rodovi\u00e1rio, tanto do dia do fato quanto de dias anteriores. Embora a v\u00edtima ainda n\u00e3o tenha sido encontrada, a apura\u00e7\u00e3o policial j\u00e1 identificou que o homem estava em posse de uma faca. Em rela\u00e7\u00e3o \u00e0 conclus\u00e3o do inqu\u00e9rito policial, Luciano Cardoso informou que os respons\u00e1veis pela agress\u00e3o desproporcional ser\u00e3o responsabilizados. \u201cNo entanto, \u00e9 essencial, para buscarmos provas materiais, que localizemos a v\u00edtima. Com a localiza\u00e7\u00e3o do homem v\u00edtima das agress\u00f5es, ser\u00e1 realizado o exame de corpo de delito junto ao Instituto M\u00e9dico Legal (IML)\u201d, destacou.<\/p>\n<p>O delegado ressaltou que a Pol\u00edcia Civil tem realizado dilig\u00eancias para identificar e conduzir \u00e0 delegacia pessoas que, eventualmente, tenham cometido furtos ou roubos para sustentar v\u00edcios em subst\u00e2ncias il\u00edcitas. \u201cTudo isso visa garantir a seguran\u00e7a p\u00fablica da popula\u00e7\u00e3o local e tamb\u00e9m dos passageiros que residem ou que chegam \u00e0 capital sergipana pelo terminal rodovi\u00e1rio da Zona Oeste de Aracaju\u201d, comentou Luciano Cardoso. A Pol\u00edcia Civil solicita que informa\u00e7\u00f5es que possam contribuir para a identifica\u00e7\u00e3o da v\u00edtima da agress\u00e3o desproporcional sejam repassadas \u00e0 pol\u00edcia por meio do Disque-Den\u00fancia, no telefone 181. O sigilo \u00e9 garantido. \u201cSe algu\u00e9m encontrar na rua, em algum hospital, em algum abrigo ou na casa de algum parente, solicitamos que venha \u00e0 8\u00aa DM, para que possamos registrar o boletim de ocorr\u00eancia da v\u00edtima\u201d, finalizou Luciano Cardoso<\/p>\n<p><strong><em>Acompanhe tamb\u00e9m o SE Not\u00edcias no\u00a0<a href=\"https:\/\/www.instagram.com\/senoticias\/\" target=\"_blank\" rel=\"noreferrer noopener\">Instagram<\/a><\/em><\/strong>,\u00a0<strong><em>\u00a0<a href=\"https:\/\/www.facebook.com\/senoticias1\" target=\"_blank\" rel=\"noreferrer noopener\">Facebook<\/a>\u00a0e\u00a0no<\/em>\u00a0<em><a href=\"https:\/\/twitter.com\/Senoticias\">X<\/a><\/em><\/strong><\/p>\n<p>Fonte: SSP SE<\/p>\n","protected":false},"excerpt":{"rendered":"<p>A 8\u00aa Delegacia Metropolitana (DM) informou que continua investigando o caso de agress\u00e3o ocorrido no Terminal Rodovi\u00e1rio Governador Jos\u00e9 Rollemberg Leite, no bairro Capucho, na Zona Oeste de Aracaju. No inqu\u00e9rito policial, dois funcion\u00e1rios do local foram apontados como autores do fato, mas a pol\u00edcia ainda est\u00e1 \u00e0 procura da v\u00edtima para que ela possa [&hellip;]<\/p>\n","protected":false},"author":6557,"featured_media":0,"comment_status":"closed","ping_status":"closed","sticky":false,"template":"","format":"standard","meta":{"footnotes":""},"categories":[15,7],"tags":[3114,78],"class_list":{"0":"post-146523","1":"post","2":"type-post","3":"status-publish","4":"format-standard","6":"category-destaques","7":"category-policia","8":"tag-investigacao","9":"tag-policia-civil"},"_links":{"self":[{"href":"https:\/\/senoticias.com.br\/se\/wp-json\/wp\/v2\/posts\/146523"}],"collection":[{"href":"https:\/\/senoticias.com.br\/se\/wp-json\/wp\/v2\/posts"}],"about":[{"href":"https:\/\/senoticias.com.br\/se\/wp-json\/wp\/v2\/types\/post"}],"author":[{"embeddable":true,"href":"https:\/\/senoticias.com.br\/se\/wp-json\/wp\/v2\/users\/6557"}],"replies":[{"embeddable":true,"href":"https:\/\/senoticias.com.br\/se\/wp-json\/wp\/v2\/comments?post=146523"}],"version-history":[{"count":0,"href":"https:\/\/senoticias.com.br\/se\/wp-json\/wp\/v2\/posts\/146523\/revisions"}],"wp:attachment":[{"href":"https:\/\/senoticias.com.br\/se\/wp-json\/wp\/v2\/media?parent=146523"}],"wp:term":[{"taxonomy":"category","embeddable":true,"href":"https:\/\/senoticias.com.br\/se\/wp-json\/wp\/v2\/categories?post=146523"},{"taxonomy":"post_tag","embeddable":true,"href":"https:\/\/senoticias.com.br\/se\/wp-json\/wp\/v2\/tags?post=146523"}],"curies":[{"name":"wp","href":"https:\/\/api.w.org\/{rel}","templated":true}]}}