{"id":146509,"date":"2025-02-13T21:17:20","date_gmt":"2025-02-14T00:17:20","guid":{"rendered":"https:\/\/senoticias.com.br\/se\/?p=146509"},"modified":"2025-02-13T21:19:00","modified_gmt":"2025-02-14T00:19:00","slug":"146509-2","status":"publish","type":"post","link":"https:\/\/senoticias.com.br\/se\/146509-2\/","title":{"rendered":"Imagens fortes: ciclista medalhista morre ap\u00f3s ser baleado ao lado de parque em \u00e1rea nobre"},"content":{"rendered":"<p>A Pol\u00edcia Civil acredita que o ladr\u00e3o que atirou e matou o ciclista Vitor Medrado, de 46 anos, durante assalto na Rua Brigadeiro Haroldo, em frente ao Parque do Povo, no Itaim Bibi, seja o mesmo que tentou roubar um motociclista no bairro Brooklin cinco horas depois e tamb\u00e9m atirou contra a v\u00edtima.<\/p>\n<p>Uma c\u00e2mera de seguran\u00e7a registrou o momento em que Vitor foi baleado e morto. Pelas imagens, ele estava parado na cal\u00e7ada da Rua Brigadeiro Haroldo, \u00e0s 6h12 desta quinta-feira (13), quando dois suspeitos em uma moto azul se aproximaram. A a\u00e7\u00e3o foi r\u00e1pida, e o criminoso da garupa chegou atirando.<\/p>\n<p>Ele era propriet\u00e1rio de uma empresa focada em assessoria esportiva com foco justamente no ciclismo. V\u00e1rios alunos dele se exercitavam no Parque do Povo.<\/p>\n<div id=\"attachment_146510\" style=\"width: 604px\" class=\"wp-caption aligncenter\"><a href=\"https:\/\/senoticias.com.br\/se\/wp-content\/uploads\/2025\/02\/Ciclista-assassinado-SE-Noticias.jpg\"><img loading=\"lazy\" decoding=\"async\" aria-describedby=\"caption-attachment-146510\" class=\"size-full wp-image-146510\" src=\"https:\/\/senoticias.com.br\/se\/wp-content\/uploads\/2025\/02\/Ciclista-assassinado-SE-Noticias.jpg\" alt=\"\" width=\"594\" height=\"817\" srcset=\"https:\/\/senoticias.com.br\/se\/wp-content\/uploads\/2025\/02\/Ciclista-assassinado-SE-Noticias.jpg 594w, https:\/\/senoticias.com.br\/se\/wp-content\/uploads\/2025\/02\/Ciclista-assassinado-SE-Noticias-218x300.jpg 218w\" sizes=\"(max-width: 594px) 100vw, 594px\" \/><\/a><p id=\"caption-attachment-146510\" class=\"wp-caption-text\"><br \/>Vitor Medrado morreu ap\u00f3s ser baleado ao lado de parque em \u00e1rea nobre &#8211; Foto: arquivo\/pessoal<\/p><\/div>\n<p>Vitor foi atleta da equipe de Ribeir\u00e3o Preto e chegou a ganhar a medalha de ouro no Jogos Regionais de SP em 2013 na prova de Velocidade por equipes.<\/p>\n<p>Vitor caiu e s\u00f3 depois o bandido pegou os pertences dele. O ciclista foi levado para o Hospital das Cl\u00ednicas, mas n\u00e3o resistiu e morreu.<\/p>\n<p>A placa da moto \u00e9 a mesma do ve\u00edculo que aparece em imagens de c\u00e2meras de seguran\u00e7as que registraram um assalto no bairro Brooklin, por volta das 11h, nesta quinta (13).<\/p>\n<p>Um motociclista passava pela Rua Ribeiro do Vale, quando na travessa da avenida dos Bandeirantes, foi perseguido por dois homens em uma moto, motram os v\u00eddeos das c\u00e2meras de seguran\u00e7a. Eles mal se falam e o garupa j\u00e1 atira. Antes de escaparem, sem levar nada, o garupa atira mais uma vez.<\/p>\n<p>O motociclista ainda percorre alguns metros, mas cai e \u00e9 atropelado por um carro branco. O helic\u00f3ptero \u00c1guia pousou na avenida dos Bandeirantes para socorrer Rafael Molina, de 27 anos, que tinha acabado de sair da terapia. Ele est\u00e1 internado no Hospital das Cl\u00ednicas.<\/p>\n<p>Para a pol\u00edcia, os dois crimes foram cometidos pelo mesmo atirador. As motos dos dois casos, al\u00e9m da mesma placa, t\u00eam caracter\u00edsticas muito espec\u00edficas. J\u00e1 os pilotos, de acordo com os investigadores, s\u00e3o pessoas diferentes.<\/p>\n<p>Amigos do ciclista Vitor Medrado prestaram homenagens nas redes sociais. Os relatos dos amigos foram publicados pela namorada de Vitor no seu perfil do Instagram.<\/p>\n<p>&#8220;Nossa \u00faltima conversa foi onde falei com ele sobre a import\u00e2ncia de amar, buscar e obedecer a Deus. Meu desejo \u00e9 que seu interesse pelo evangelho tenha sido genu\u00edno e que tenha se entregado a Ele&#8221;, escreveu um amigo.<\/p>\n<p>&#8220;Hoje o dia acordou mais triste, simplesmente n\u00e3o d\u00e1 para acreditar! Que Deus te receba de bra\u00e7os abertos&#8221;, publicou uma amiga.<\/p>\n<p>&#8220;Voc\u00ea veio aqui na empresa, ficamos quase duas horas conversando sobre vida, cachorro, sua casa enorme, e hoje essa not\u00edcia. Vai com Deus irm\u00e3o. Vai deixar muitas saudades&#8221;.<\/p>\n<p><strong><em>Acompanhe tamb\u00e9m o SE Not\u00edcias no\u00a0<a href=\"https:\/\/www.instagram.com\/senoticias\/\" target=\"_blank\" rel=\"noreferrer noopener\">Instagram<\/a><\/em><\/strong>,\u00a0<strong><em>\u00a0<a href=\"https:\/\/www.facebook.com\/senoticias1\" target=\"_blank\" rel=\"noreferrer noopener\">Facebook<\/a>\u00a0e\u00a0no<\/em>\u00a0<em><a href=\"https:\/\/twitter.com\/Senoticias\">X<\/a><\/em><\/strong><\/p>\n<p>Fonte: Metr\u00f3poles<\/p>\n","protected":false},"excerpt":{"rendered":"<p>A Pol\u00edcia Civil acredita que o ladr\u00e3o que atirou e matou o ciclista Vitor Medrado, de 46 anos, durante assalto na Rua Brigadeiro Haroldo, em frente ao Parque do Povo, no Itaim Bibi, seja o mesmo que tentou roubar um motociclista no bairro Brooklin cinco horas depois e tamb\u00e9m atirou contra a v\u00edtima. Uma c\u00e2mera [&hellip;]<\/p>\n","protected":false},"author":6557,"featured_media":146510,"comment_status":"closed","ping_status":"closed","sticky":false,"template":"","format":"standard","meta":{"footnotes":""},"categories":[15,2961],"tags":[43226,43227,43225],"class_list":{"0":"post-146509","1":"post","2":"type-post","3":"status-publish","4":"format-standard","5":"has-post-thumbnail","7":"category-destaques","8":"category-nacional","9":"tag-ciclista-assassinado","10":"tag-ciclista-medalhista","11":"tag-ciclista-vitor-medrado"},"_links":{"self":[{"href":"https:\/\/senoticias.com.br\/se\/wp-json\/wp\/v2\/posts\/146509"}],"collection":[{"href":"https:\/\/senoticias.com.br\/se\/wp-json\/wp\/v2\/posts"}],"about":[{"href":"https:\/\/senoticias.com.br\/se\/wp-json\/wp\/v2\/types\/post"}],"author":[{"embeddable":true,"href":"https:\/\/senoticias.com.br\/se\/wp-json\/wp\/v2\/users\/6557"}],"replies":[{"embeddable":true,"href":"https:\/\/senoticias.com.br\/se\/wp-json\/wp\/v2\/comments?post=146509"}],"version-history":[{"count":0,"href":"https:\/\/senoticias.com.br\/se\/wp-json\/wp\/v2\/posts\/146509\/revisions"}],"wp:featuredmedia":[{"embeddable":true,"href":"https:\/\/senoticias.com.br\/se\/wp-json\/wp\/v2\/media\/146510"}],"wp:attachment":[{"href":"https:\/\/senoticias.com.br\/se\/wp-json\/wp\/v2\/media?parent=146509"}],"wp:term":[{"taxonomy":"category","embeddable":true,"href":"https:\/\/senoticias.com.br\/se\/wp-json\/wp\/v2\/categories?post=146509"},{"taxonomy":"post_tag","embeddable":true,"href":"https:\/\/senoticias.com.br\/se\/wp-json\/wp\/v2\/tags?post=146509"}],"curies":[{"name":"wp","href":"https:\/\/api.w.org\/{rel}","templated":true}]}}