{"id":146500,"date":"2025-02-13T13:56:52","date_gmt":"2025-02-13T16:56:52","guid":{"rendered":"https:\/\/senoticias.com.br\/se\/?p=146500"},"modified":"2025-02-13T13:56:52","modified_gmt":"2025-02-13T16:56:52","slug":"deputado-georgeo-cobra-reducao-de-valores-das-taxas-do-detran-se","status":"publish","type":"post","link":"https:\/\/senoticias.com.br\/se\/deputado-georgeo-cobra-reducao-de-valores-das-taxas-do-detran-se\/","title":{"rendered":"Deputado Georgeo cobra redu\u00e7\u00e3o de valores das taxas do Detran\/SE"},"content":{"rendered":"<p>O deputado estadual Georgeo Passos (Cidadania) falou no grande expediente desta quarta-feira, 12, na Alese, sobre o apelo popular em rela\u00e7\u00e3o aos valores abusivos das taxas do Detran\/SE. O parlamentar ressaltou que hoje o cidad\u00e3o gasta em torno de R$ 2.500,00 para emiss\u00e3o da CNH.<\/p>\n<div id=\"attachment_146501\" style=\"width: 560px\" class=\"wp-caption aligncenter\"><a href=\"https:\/\/senoticias.com.br\/se\/wp-content\/uploads\/2025\/02\/IMG_0049.png\"><img loading=\"lazy\" decoding=\"async\" aria-describedby=\"caption-attachment-146501\" class=\"size-full wp-image-146501\" src=\"https:\/\/senoticias.com.br\/se\/wp-content\/uploads\/2025\/02\/IMG_0049.png\" alt=\"\" width=\"550\" height=\"366\" srcset=\"https:\/\/senoticias.com.br\/se\/wp-content\/uploads\/2025\/02\/IMG_0049.png 550w, https:\/\/senoticias.com.br\/se\/wp-content\/uploads\/2025\/02\/IMG_0049-300x200.png 300w, https:\/\/senoticias.com.br\/se\/wp-content\/uploads\/2025\/02\/IMG_0049-90x60.png 90w, https:\/\/senoticias.com.br\/se\/wp-content\/uploads\/2025\/02\/IMG_0049-180x120.png 180w, https:\/\/senoticias.com.br\/se\/wp-content\/uploads\/2025\/02\/IMG_0049-95x64.png 95w\" sizes=\"(max-width: 550px) 100vw, 550px\" \/><\/a><p id=\"caption-attachment-146501\" class=\"wp-caption-text\">Georgeo cobra redu\u00e7\u00e3o de valores das taxas do Detran &#8211; Foto: arquivo\/ascom<\/p><\/div>\n<p>Georgeo disse que a Assembleia Legislativa aprovou um projeto no governo Valadares fixando as taxas do Detran e outras na Unidade Fiscal Padr\u00e3o \u2013 UFP. \u201cIsso acarreta que h\u00e1 todo m\u00eas uma mudan\u00e7a de forma autom\u00e1tica nos valores das taxas.Por exemplo, hoje, para renovar uma habilita\u00e7\u00e3o s\u00f3 a taxa do Detran passa dos R$ 300,00; se precisar de uma segunda via tamb\u00e9m fica acima dos R$ 300,00\u201d, pontou.<\/p>\n<p>O Detran atualmente (depois da Secretaria da Fazenda) \u00e9 o \u00f3rg\u00e3o que mais arrecada em Sergipe. Superando, ano passado, mais de R$ 100 milh\u00f5es em arrecada\u00e7\u00e3o. \u201cChegou o momento do governo rever esses valores, reduzir, congelar. \u00c9 isso que a gente vem lutando aqui h\u00e1 algum tempo\u201d, disse Georgeo.<\/p>\n<p>O parlamentar frisou que n\u00e3o \u00e9 a primeira vez que faz esse apelo ao governo. \u201cFica aqui mais uma vez o nosso apelo. Muitos cidad\u00e3os n\u00e3o conseguem manter o seu ve\u00edculo em dia, inclusive, sendo muitas vezes o meio utilizado como instrumento de trabalho. E quando abordado numa blitz o cidad\u00e3o pode ficar sem o \u00fanico bem\u201d, comentou Georgeo.<\/p>\n<p><strong><em>Acompanhe tamb\u00e9m o SE Not\u00edcias no\u00a0<a href=\"https:\/\/www.instagram.com\/senoticias\/\" target=\"_blank\" rel=\"noreferrer noopener\">Instagram<\/a><\/em><\/strong>,\u00a0<strong><em>\u00a0<a href=\"https:\/\/www.facebook.com\/senoticias1\" target=\"_blank\" rel=\"noreferrer noopener\">Facebook<\/a>\u00a0e\u00a0no<\/em>\u00a0<em><a href=\"https:\/\/twitter.com\/Senoticias\">X<\/a><\/em><\/strong><br \/>\nDa Assessoria de Imprensa<\/p>\n","protected":false},"excerpt":{"rendered":"<p>O deputado estadual Georgeo Passos (Cidadania) falou no grande expediente desta quarta-feira, 12, na Alese, sobre o apelo popular em rela\u00e7\u00e3o aos valores abusivos das taxas do Detran\/SE. O parlamentar ressaltou que hoje o cidad\u00e3o gasta em torno de R$ 2.500,00 para emiss\u00e3o da CNH. Georgeo disse que a Assembleia Legislativa aprovou um projeto no [&hellip;]<\/p>\n","protected":false},"author":6557,"featured_media":0,"comment_status":"closed","ping_status":"closed","sticky":false,"template":"","format":"standard","meta":{"footnotes":""},"categories":[15],"tags":[39923,6445],"class_list":{"0":"post-146500","1":"post","2":"type-post","3":"status-publish","4":"format-standard","6":"category-destaques","7":"tag-deputado-georgeo","8":"tag-taxas-do-detran"},"_links":{"self":[{"href":"https:\/\/senoticias.com.br\/se\/wp-json\/wp\/v2\/posts\/146500"}],"collection":[{"href":"https:\/\/senoticias.com.br\/se\/wp-json\/wp\/v2\/posts"}],"about":[{"href":"https:\/\/senoticias.com.br\/se\/wp-json\/wp\/v2\/types\/post"}],"author":[{"embeddable":true,"href":"https:\/\/senoticias.com.br\/se\/wp-json\/wp\/v2\/users\/6557"}],"replies":[{"embeddable":true,"href":"https:\/\/senoticias.com.br\/se\/wp-json\/wp\/v2\/comments?post=146500"}],"version-history":[{"count":0,"href":"https:\/\/senoticias.com.br\/se\/wp-json\/wp\/v2\/posts\/146500\/revisions"}],"wp:attachment":[{"href":"https:\/\/senoticias.com.br\/se\/wp-json\/wp\/v2\/media?parent=146500"}],"wp:term":[{"taxonomy":"category","embeddable":true,"href":"https:\/\/senoticias.com.br\/se\/wp-json\/wp\/v2\/categories?post=146500"},{"taxonomy":"post_tag","embeddable":true,"href":"https:\/\/senoticias.com.br\/se\/wp-json\/wp\/v2\/tags?post=146500"}],"curies":[{"name":"wp","href":"https:\/\/api.w.org\/{rel}","templated":true}]}}