{"id":146450,"date":"2025-02-11T11:06:01","date_gmt":"2025-02-11T14:06:01","guid":{"rendered":"https:\/\/senoticias.com.br\/se\/?p=146450"},"modified":"2025-02-11T11:19:18","modified_gmt":"2025-02-11T14:19:18","slug":"campanha-de-atualizacao-da-caderneta-vacinal-acontece-na-ferreira-costa-aracaju","status":"publish","type":"post","link":"https:\/\/senoticias.com.br\/se\/campanha-de-atualizacao-da-caderneta-vacinal-acontece-na-ferreira-costa-aracaju\/","title":{"rendered":"Campanha de atualiza\u00e7\u00e3o da Caderneta de Vacina\u00e7\u00e3o acontece no Ferreira Costa Aracaju"},"content":{"rendered":"<p>O Home Center Ferreira Costa, localizado na Avenida Presidente Tancredo Neves, 2695 &#8211; In\u00e1cio Barbosa, Aracaju &#8211; SE, est\u00e1 realizando a Campanha de Atualiza\u00e7\u00e3o da Caderneta Vacinal em parceria com a Secretaria Municipal de Sa\u00fade.<\/p>\n<p>A a\u00e7\u00e3o acontece nesta ter\u00e7a-feira (11) e quarta-feira (12) de fevereiro, das 08h \u00e0s 16h, no Mall da loja, pr\u00f3ximo \u00e0 Pra\u00e7a de Alimenta\u00e7\u00e3o. Est\u00e3o sendo aplicadas todas as vacinas dispon\u00edveis no calend\u00e1rio de imuniza\u00e7\u00e3o (exceto BCG, Influenza e Dengue) para todas as idades.<\/p>\n<p>Para se vacinar, basta apresentar um documento oficial com foto e o cart\u00e3o de vacina\u00e7\u00e3o do SUS. O atendimento \u00e9 por ordem de chegada, sem necessidade de agendamento.<\/p>\n<div id=\"attachment_146451\" style=\"width: 574px\" class=\"wp-caption aligncenter\"><a href=\"https:\/\/senoticias.com.br\/se\/wp-content\/uploads\/2025\/02\/Campanha-de-vacinacao-Se-Noticias.jpeg\"><img loading=\"lazy\" decoding=\"async\" aria-describedby=\"caption-attachment-146451\" class=\"size-full wp-image-146451\" src=\"https:\/\/senoticias.com.br\/se\/wp-content\/uploads\/2025\/02\/Campanha-de-vacinacao-Se-Noticias.jpeg\" alt=\"\" width=\"564\" height=\"376\" srcset=\"https:\/\/senoticias.com.br\/se\/wp-content\/uploads\/2025\/02\/Campanha-de-vacinacao-Se-Noticias.jpeg 564w, https:\/\/senoticias.com.br\/se\/wp-content\/uploads\/2025\/02\/Campanha-de-vacinacao-Se-Noticias-300x200.jpeg 300w, https:\/\/senoticias.com.br\/se\/wp-content\/uploads\/2025\/02\/Campanha-de-vacinacao-Se-Noticias-90x60.jpeg 90w, https:\/\/senoticias.com.br\/se\/wp-content\/uploads\/2025\/02\/Campanha-de-vacinacao-Se-Noticias-180x120.jpeg 180w, https:\/\/senoticias.com.br\/se\/wp-content\/uploads\/2025\/02\/Campanha-de-vacinacao-Se-Noticias-95x64.jpeg 95w\" sizes=\"(max-width: 564px) 100vw, 564px\" \/><\/a><p id=\"caption-attachment-146451\" class=\"wp-caption-text\">A a\u00e7\u00e3o acontece nesta ter\u00e7a-feira (11) e quarta-feira (12) de fevereiro, das 08h \u00e0s 16h, no Mall da loja &#8211; Foto: ascom\/Ferreira Costa<\/p><\/div>\n<p><strong>Sobre a Ferreira Costa<\/strong><\/p>\n<p>Com 140 anos de hist\u00f3ria, a Ferreira Costa (@ferreiracosta) \u00e9 o maior Home Center do Nordeste, presente nos estados de Pernambuco, Bahia, Sergipe, Para\u00edba e Rio Grande do Norte, oferecendo mais de 80 mil itens para casa, constru\u00e7\u00e3o e decora\u00e7\u00e3o.<\/p>\n<p>Al\u00e9m das suas nove lojas f\u00edsicas, a empresa conta com o e-commerce <a href=\"https:\/\/www.ferreiracosta.com\/?gad_source=1&amp;gclid=CjwKCAiAh6y9BhBREiwApBLHC4eIyJ7fRYx8XT7eeHq_soFYTY-nxeMPvj2mcV6JcpSB6f-GUQAAOBoCJ0wQAvD_BwE\"><strong>www.ferreiracosta.com<\/strong> <\/a>e um App exclusivo, com entrega para todo o Brasil.<\/p>\n<p><strong><em>Acompanhe tamb\u00e9m o SE Not\u00edcias no\u00a0<a href=\"https:\/\/www.instagram.com\/senoticias\/\" target=\"_blank\" rel=\"noreferrer noopener\">Instagram<\/a><\/em><\/strong>,\u00a0<strong><em>\u00a0<a href=\"https:\/\/www.facebook.com\/senoticias1\" target=\"_blank\" rel=\"noreferrer noopener\">Facebook<\/a>\u00a0e\u00a0no<\/em>\u00a0<em><a href=\"https:\/\/twitter.com\/Senoticias\">X<\/a><\/em><\/strong><\/p>\n<p><em>Com informa\u00e7\u00f5es da Assessoria de Comunica\u00e7\u00e3o Ferreira Costa<\/em><\/p>\n","protected":false},"excerpt":{"rendered":"<p>O Home Center Ferreira Costa, localizado na Avenida Presidente Tancredo Neves, 2695 &#8211; In\u00e1cio Barbosa, Aracaju &#8211; SE, est\u00e1 realizando a Campanha de Atualiza\u00e7\u00e3o da Caderneta Vacinal em parceria com a Secretaria Municipal de Sa\u00fade. A a\u00e7\u00e3o acontece nesta ter\u00e7a-feira (11) e quarta-feira (12) de fevereiro, das 08h \u00e0s 16h, no Mall da loja, pr\u00f3ximo [&hellip;]<\/p>\n","protected":false},"author":6557,"featured_media":146451,"comment_status":"closed","ping_status":"closed","sticky":false,"template":"","format":"standard","meta":{"footnotes":""},"categories":[15,38],"tags":[43197,6130],"class_list":{"0":"post-146450","1":"post","2":"type-post","3":"status-publish","4":"format-standard","5":"has-post-thumbnail","7":"category-destaques","8":"category-municipios","9":"tag-caderneta-vacinal","10":"tag-home-center-ferreira-costa"},"_links":{"self":[{"href":"https:\/\/senoticias.com.br\/se\/wp-json\/wp\/v2\/posts\/146450"}],"collection":[{"href":"https:\/\/senoticias.com.br\/se\/wp-json\/wp\/v2\/posts"}],"about":[{"href":"https:\/\/senoticias.com.br\/se\/wp-json\/wp\/v2\/types\/post"}],"author":[{"embeddable":true,"href":"https:\/\/senoticias.com.br\/se\/wp-json\/wp\/v2\/users\/6557"}],"replies":[{"embeddable":true,"href":"https:\/\/senoticias.com.br\/se\/wp-json\/wp\/v2\/comments?post=146450"}],"version-history":[{"count":0,"href":"https:\/\/senoticias.com.br\/se\/wp-json\/wp\/v2\/posts\/146450\/revisions"}],"wp:featuredmedia":[{"embeddable":true,"href":"https:\/\/senoticias.com.br\/se\/wp-json\/wp\/v2\/media\/146451"}],"wp:attachment":[{"href":"https:\/\/senoticias.com.br\/se\/wp-json\/wp\/v2\/media?parent=146450"}],"wp:term":[{"taxonomy":"category","embeddable":true,"href":"https:\/\/senoticias.com.br\/se\/wp-json\/wp\/v2\/categories?post=146450"},{"taxonomy":"post_tag","embeddable":true,"href":"https:\/\/senoticias.com.br\/se\/wp-json\/wp\/v2\/tags?post=146450"}],"curies":[{"name":"wp","href":"https:\/\/api.w.org\/{rel}","templated":true}]}}