{"id":146438,"date":"2025-02-10T20:05:28","date_gmt":"2025-02-10T23:05:28","guid":{"rendered":"https:\/\/senoticias.com.br\/se\/?p=146438"},"modified":"2025-02-10T20:09:08","modified_gmt":"2025-02-10T23:09:08","slug":"governo-de-sergipe-publica-portaria-sobre-uso-de-equipamentos-eletronicos-para-fins-pedagogicos-em-sala-de-aula","status":"publish","type":"post","link":"https:\/\/senoticias.com.br\/se\/governo-de-sergipe-publica-portaria-sobre-uso-de-equipamentos-eletronicos-para-fins-pedagogicos-em-sala-de-aula\/","title":{"rendered":"Governo de Sergipe publica portaria sobre uso de equipamentos eletr\u00f4nicos para fins pedag\u00f3gicos em sala de aula"},"content":{"rendered":"<p>A Secretaria de Estado da Educa\u00e7\u00e3o (Seed) publicou, nesta segunda-feira, 10, a Portaria n\u00ba 1101\/2025, que versa sobre o uso de aparelhos eletr\u00f4nicos port\u00e1teis por estudantes nas institui\u00e7\u00f5es de ensino da rede p\u00fablica estadual. A normativa cumpre a Lei Federal n\u00ba 15.100, de 13 de janeiro de 2025, e considera a necessidade de definir regras e procedimentos, al\u00e9m de direcionar a inclus\u00e3o tecnol\u00f3gica que tem o tablet como ferramenta de acesso \u00e0 informa\u00e7\u00e3o e letramento digital.<\/p>\n<p>De acordo com o documento que passa a valer nas institui\u00e7\u00f5es estaduais a partir da publica\u00e7\u00e3o, fica vedada a utiliza\u00e7\u00e3o de aparelhos eletr\u00f4nicos port\u00e1teis nas institui\u00e7\u00f5es educacionais integrantes da rede p\u00fablica estadual de ensino, nos diferentes turnos de estudo, durante as aulas, recreios e intervalos, quando n\u00e3o utilizados para fins pedag\u00f3gicos. Os aparelhos eletr\u00f4nicos s\u00e3o celulares, tablets, rel\u00f3gios inteligentes e demais dispositivos similares.<\/p>\n<div id=\"attachment_146439\" style=\"width: 609px\" class=\"wp-caption aligncenter\"><a href=\"https:\/\/senoticias.com.br\/se\/wp-content\/uploads\/2025\/02\/Celular-na-sala-de-aula-SE-Noticias.jpeg\"><img loading=\"lazy\" decoding=\"async\" aria-describedby=\"caption-attachment-146439\" class=\"size-full wp-image-146439\" src=\"https:\/\/senoticias.com.br\/se\/wp-content\/uploads\/2025\/02\/Celular-na-sala-de-aula-SE-Noticias.jpeg\" alt=\"\" width=\"599\" height=\"336\" srcset=\"https:\/\/senoticias.com.br\/se\/wp-content\/uploads\/2025\/02\/Celular-na-sala-de-aula-SE-Noticias.jpeg 599w, https:\/\/senoticias.com.br\/se\/wp-content\/uploads\/2025\/02\/Celular-na-sala-de-aula-SE-Noticias-300x168.jpeg 300w\" sizes=\"(max-width: 599px) 100vw, 599px\" \/><\/a><p id=\"caption-attachment-146439\" class=\"wp-caption-text\">O documento passa a valer nas institui\u00e7\u00f5es estaduais a partir da publica\u00e7\u00e3o &#8211; Foto: Ascom SEED<\/p><\/div>\n<p>\u00c9 liberado o uso para atividades pedag\u00f3gicas sob orienta\u00e7\u00e3o expl\u00edcita de profissionais de educa\u00e7\u00e3o, na sala de aula ou em lugares e tempos que envolvem intervalos entre aulas; em situa\u00e7\u00f5es de perigo e por motivo de for\u00e7a maior em que a necessidade \u00e9 premente; e na garantia de acessibilidade, de gerenciamento de situa\u00e7\u00f5es de sa\u00fade de estudantes e inclus\u00e3o.<\/p>\n<p>De acordo com a diretora do Departamento de Apoio ao Sistema Educacional (Dase\/Seed), professora Eliane Passos, a portaria da Seed obedece \u00e0 Lei Federal, frisando o uso para fins exclusivamente pedag\u00f3gicos, com diretrizes claras do que s\u00e3o atividades pedag\u00f3gicas, j\u00e1 que tamb\u00e9m \u00e9 comprovado cientificamente que em determinados casos o uso de telas constitui-se em distra\u00e7\u00e3o em sala de aula.<\/p>\n<p>\u201cCabe \u00e0 institui\u00e7\u00e3o educacional a incumb\u00eancia de disciplinar em seu Regimento Escolar e Projeto Pol\u00edtico Pedag\u00f3gico [PPP] as regras e procedimentos a serem adotados em sua rotina pedag\u00f3gica, que assegurem a proibi\u00e7\u00e3o, observando as especificidades da escola, ouvidos os diferentes segmentos, por meio do Conselho Escolar\u201d, destaca Eliane.<\/p>\n<p><strong>Forma\u00e7\u00e3o continuada<\/strong><\/p>\n<p>Para trabalhar as possibilidades de uso pedag\u00f3gico e os efeitos psicol\u00f3gicos, at\u00e9 por quest\u00f5es do projeto Conectados do Governo de Sergipe, que pretende distribuir at\u00e9 71 mil tablets aos estudantes do ensino m\u00e9dio, a Secretaria Estadual de Educa\u00e7\u00e3o, intersetorialmente, promover\u00e1, junto \u00e0s institui\u00e7\u00f5es educacionais, orienta\u00e7\u00f5es sobre o acesso ao Ambiente Virtual de Aprendizagem (AVA Escolar) para edi\u00e7\u00e3o por professores de programa\u00e7\u00e3o e conte\u00fados did\u00e1ticos compat\u00edveis com as orienta\u00e7\u00f5es curriculares da Rede P\u00fablica Estadual de Ensino de Sergipe; promover\u00e1 forma\u00e7\u00e3o continuada de equipes gestoras e professores com foco no uso da tecnologia como ferramenta pedag\u00f3gica; realizar\u00e1 forma\u00e7\u00e3o peri\u00f3dica sobre detec\u00e7\u00e3o, preven\u00e7\u00e3o e abordagem de sinais sugestivos de sofrimento ps\u00edquico e mental, caracter\u00edsticos do uso imoderado e da nomofobia; al\u00e9m de a\u00e7\u00f5es de escuta e de acolhimento aos professores, profissionais e estudantes, por meio do programa Acolher, que oferta o acompanhamento psicossocial nas escolas da rede p\u00fablica estadual de ensino.<\/p>\n<p>Cabe ao Departamento de Inspe\u00e7\u00e3o Escolar da Secretaria de Estado da Educa\u00e7\u00e3o orientar e acompanhar o cumprimento da portaria, que culminar\u00e1 com a atualiza\u00e7\u00e3o dos regimentos escolares e projetos pol\u00edticos pedag\u00f3gicos, para fins de aprova\u00e7\u00e3o pelo Conselho Estadual de Educa\u00e7\u00e3o.<\/p>\n<p>Leia portaria completa<a href=\"https:\/\/siae.seduc.se.gov.br\/siae.servicefile\/api\/File\/Downloads\/8a9c5b47-1a66-42ad-81b3-d9907f3fa6ae\"><span style=\"font-size: 14pt;\"><em><strong> aqui<\/strong><\/em><\/span><\/a><\/p>\n<p>&nbsp;<\/p>\n<p><strong><em>Acompanhe tamb\u00e9m o SE Not\u00edcias no\u00a0<a href=\"https:\/\/www.instagram.com\/senoticias\/\" target=\"_blank\" rel=\"noreferrer noopener\">Instagram<\/a><\/em><\/strong>,\u00a0<strong><em>\u00a0<a href=\"https:\/\/www.facebook.com\/senoticias1\" target=\"_blank\" rel=\"noreferrer noopener\">Facebook<\/a>\u00a0e\u00a0no<\/em>\u00a0<em><a href=\"https:\/\/twitter.com\/Senoticias\">X<\/a><\/em><\/strong><\/p>\n<p>Fonte: ascom\/SEED<\/p>\n","protected":false},"excerpt":{"rendered":"<p>A Secretaria de Estado da Educa\u00e7\u00e3o (Seed) publicou, nesta segunda-feira, 10, a Portaria n\u00ba 1101\/2025, que versa sobre o uso de aparelhos eletr\u00f4nicos port\u00e1teis por estudantes nas institui\u00e7\u00f5es de ensino da rede p\u00fablica estadual. A normativa cumpre a Lei Federal n\u00ba 15.100, de 13 de janeiro de 2025, e considera a necessidade de definir regras [&hellip;]<\/p>\n","protected":false},"author":6557,"featured_media":146439,"comment_status":"closed","ping_status":"closed","sticky":false,"template":"","format":"standard","meta":{"footnotes":""},"categories":[15,6,1],"tags":[43189],"class_list":{"0":"post-146438","1":"post","2":"type-post","3":"status-publish","4":"format-standard","5":"has-post-thumbnail","7":"category-destaques","8":"category-politica","9":"category-sem-categoria","10":"tag-equipamentos-eletronicos"},"_links":{"self":[{"href":"https:\/\/senoticias.com.br\/se\/wp-json\/wp\/v2\/posts\/146438"}],"collection":[{"href":"https:\/\/senoticias.com.br\/se\/wp-json\/wp\/v2\/posts"}],"about":[{"href":"https:\/\/senoticias.com.br\/se\/wp-json\/wp\/v2\/types\/post"}],"author":[{"embeddable":true,"href":"https:\/\/senoticias.com.br\/se\/wp-json\/wp\/v2\/users\/6557"}],"replies":[{"embeddable":true,"href":"https:\/\/senoticias.com.br\/se\/wp-json\/wp\/v2\/comments?post=146438"}],"version-history":[{"count":0,"href":"https:\/\/senoticias.com.br\/se\/wp-json\/wp\/v2\/posts\/146438\/revisions"}],"wp:featuredmedia":[{"embeddable":true,"href":"https:\/\/senoticias.com.br\/se\/wp-json\/wp\/v2\/media\/146439"}],"wp:attachment":[{"href":"https:\/\/senoticias.com.br\/se\/wp-json\/wp\/v2\/media?parent=146438"}],"wp:term":[{"taxonomy":"category","embeddable":true,"href":"https:\/\/senoticias.com.br\/se\/wp-json\/wp\/v2\/categories?post=146438"},{"taxonomy":"post_tag","embeddable":true,"href":"https:\/\/senoticias.com.br\/se\/wp-json\/wp\/v2\/tags?post=146438"}],"curies":[{"name":"wp","href":"https:\/\/api.w.org\/{rel}","templated":true}]}}