{"id":146431,"date":"2025-02-10T19:13:49","date_gmt":"2025-02-10T22:13:49","guid":{"rendered":"https:\/\/senoticias.com.br\/se\/?p=146431"},"modified":"2025-02-10T19:13:49","modified_gmt":"2025-02-10T22:13:49","slug":"motorola-se-pronuncia-apos-celular-explodir-no-bolso-de-mulher","status":"publish","type":"post","link":"https:\/\/senoticias.com.br\/se\/motorola-se-pronuncia-apos-celular-explodir-no-bolso-de-mulher\/","title":{"rendered":"Motorola se pronuncia ap\u00f3s celular explodir no bolso de mulher"},"content":{"rendered":"<p>A Motorola se pronunciou sobre caso do celular que explodiu no bolso de uma mulher nesse s\u00e1bado (8\/2), em An\u00e1polis (GO). Em nota, a empresa informou que j\u00e1 est\u00e1 em contato com a consumidora para apurar o que aconteceu.<\/p>\n<p>A Motorola informa que j\u00e1 est\u00e1 em contato com a consumidora para apurar os detalhes do ocorrido e providenciar a an\u00e1lise t\u00e9cnica do aparelho, etapa indispens\u00e1vel para identificar a causa do incidente. A empresa tem como prioridade a seguran\u00e7a dos seus consumidores e refor\u00e7a que todos os seus produtos s\u00e3o cuidadosamente projetados e fabricados com os mais altos padr\u00f5es de excel\u00eancia em qualidade, sendo submetidos a testes rigorosos para oferecer um desempenho seguro para o consumidor.<\/p>\n<div id=\"attachment_146432\" style=\"width: 607px\" class=\"wp-caption aligncenter\"><a href=\"https:\/\/senoticias.com.br\/se\/wp-content\/uploads\/2025\/02\/Celular-explode-SE-Noticias.jpeg\"><img loading=\"lazy\" decoding=\"async\" aria-describedby=\"caption-attachment-146432\" class=\"size-full wp-image-146432\" src=\"https:\/\/senoticias.com.br\/se\/wp-content\/uploads\/2025\/02\/Celular-explode-SE-Noticias.jpeg\" alt=\"\" width=\"597\" height=\"467\" srcset=\"https:\/\/senoticias.com.br\/se\/wp-content\/uploads\/2025\/02\/Celular-explode-SE-Noticias.jpeg 597w, https:\/\/senoticias.com.br\/se\/wp-content\/uploads\/2025\/02\/Celular-explode-SE-Noticias-300x235.jpeg 300w, https:\/\/senoticias.com.br\/se\/wp-content\/uploads\/2025\/02\/Celular-explode-SE-Noticias-45x35.jpeg 45w\" sizes=\"(max-width: 597px) 100vw, 597px\" \/><\/a><p id=\"caption-attachment-146432\" class=\"wp-caption-text\">O circuito interno de seguran\u00e7a do estabelecimento registrou o momento em que a v\u00edtima estava conversando com outra pessoa e o aparelho pega fogo &#8211; Foto: reprodu\u00e7\u00e3o\/redes sociais<\/p><\/div>\n<p>A explos\u00e3o de um celular deixou uma mulher ferida, em An\u00e1polis, nesse s\u00e1bado (8\/2). A jovem estava fazendo compras em um com\u00e9rcio quando o aparelho, que estava no bolso de tr\u00e1s da cal\u00e7a, explodiu e come\u00e7ou a pegar fogo.<\/p>\n<p>O circuito interno de seguran\u00e7a do estabelecimento comercial mostra a v\u00edtima parada na loja com outra pessoa. Os dois estavam conversando quando o celular explodiu. Ela tenta sair correndo dando pulos, enquanto o homem que estava com ela tenta apagar o fogo, que vai ficando mais intenso e forte.<\/p>\n<p>Os clientes e funcion\u00e1rios que estavam no local acionaram o Corpo de Bombeiros de Goi\u00e1s (CBMGO). A jovem recebeu os primeiros socorros ainda no estabelecimento e foi encaminhada ao Hospital Alfredo Abra\u00e3o, onde recebeu atendimento especializado.<\/p>\n<p>A v\u00edtima contou aos socorristas que sentiu um calor intenso repentino antes e percebeu que o aparelho estava em chamas. Em nota, o CMBGO informou que a jovem teve queimaduras de primeiro e segundo graus na m\u00e3o, antebra\u00e7o, dorso e n\u00e1degas, todas na parte esquerda do corpo.<\/p>\n<p>O aparelho que pegou fogo ficou parcialmente derretido. Ainda n\u00e3o h\u00e1 informa\u00e7\u00f5es sobre as causas da explos\u00e3o e se a bateria apresentava sinais pr\u00e9vios de defeito.<\/p>\n<p><strong><em>Acompanhe tamb\u00e9m o SE Not\u00edcias no\u00a0<a href=\"https:\/\/www.instagram.com\/senoticias\/\" target=\"_blank\" rel=\"noreferrer noopener\">Instagram<\/a><\/em><\/strong>,\u00a0<strong><em>\u00a0<a href=\"https:\/\/www.facebook.com\/senoticias1\" target=\"_blank\" rel=\"noreferrer noopener\">Facebook<\/a>\u00a0e\u00a0no<\/em>\u00a0<em><a href=\"https:\/\/twitter.com\/Senoticias\">X<\/a><\/em><\/strong><\/p>\n<p>Fonte: Metr\u00f3poles<\/p>\n<p>&nbsp;<\/p>\n","protected":false},"excerpt":{"rendered":"<p>A Motorola se pronunciou sobre caso do celular que explodiu no bolso de uma mulher nesse s\u00e1bado (8\/2), em An\u00e1polis (GO). Em nota, a empresa informou que j\u00e1 est\u00e1 em contato com a consumidora para apurar o que aconteceu. A Motorola informa que j\u00e1 est\u00e1 em contato com a consumidora para apurar os detalhes do [&hellip;]<\/p>\n","protected":false},"author":6557,"featured_media":146432,"comment_status":"closed","ping_status":"closed","sticky":false,"template":"","format":"standard","meta":{"footnotes":""},"categories":[15,45],"tags":[43187,43185,43186],"class_list":{"0":"post-146431","1":"post","2":"type-post","3":"status-publish","4":"format-standard","5":"has-post-thumbnail","7":"category-destaques","8":"category-tecnologia","9":"tag-celular-explode","10":"tag-celular-explode-no-bolso","11":"tag-motorola"},"_links":{"self":[{"href":"https:\/\/senoticias.com.br\/se\/wp-json\/wp\/v2\/posts\/146431"}],"collection":[{"href":"https:\/\/senoticias.com.br\/se\/wp-json\/wp\/v2\/posts"}],"about":[{"href":"https:\/\/senoticias.com.br\/se\/wp-json\/wp\/v2\/types\/post"}],"author":[{"embeddable":true,"href":"https:\/\/senoticias.com.br\/se\/wp-json\/wp\/v2\/users\/6557"}],"replies":[{"embeddable":true,"href":"https:\/\/senoticias.com.br\/se\/wp-json\/wp\/v2\/comments?post=146431"}],"version-history":[{"count":0,"href":"https:\/\/senoticias.com.br\/se\/wp-json\/wp\/v2\/posts\/146431\/revisions"}],"wp:featuredmedia":[{"embeddable":true,"href":"https:\/\/senoticias.com.br\/se\/wp-json\/wp\/v2\/media\/146432"}],"wp:attachment":[{"href":"https:\/\/senoticias.com.br\/se\/wp-json\/wp\/v2\/media?parent=146431"}],"wp:term":[{"taxonomy":"category","embeddable":true,"href":"https:\/\/senoticias.com.br\/se\/wp-json\/wp\/v2\/categories?post=146431"},{"taxonomy":"post_tag","embeddable":true,"href":"https:\/\/senoticias.com.br\/se\/wp-json\/wp\/v2\/tags?post=146431"}],"curies":[{"name":"wp","href":"https:\/\/api.w.org\/{rel}","templated":true}]}}