{"id":146426,"date":"2025-02-10T15:39:17","date_gmt":"2025-02-10T18:39:17","guid":{"rendered":"https:\/\/senoticias.com.br\/se\/?p=146426"},"modified":"2025-02-10T19:44:06","modified_gmt":"2025-02-10T22:44:06","slug":"prefeitos-irao-se-reunir-em-brasilia-a-partir-de-amanha","status":"publish","type":"post","link":"https:\/\/senoticias.com.br\/se\/prefeitos-irao-se-reunir-em-brasilia-a-partir-de-amanha\/","title":{"rendered":"Prefeitos ir\u00e3o se reunir em Bras\u00edlia a partir de amanh\u00e3"},"content":{"rendered":"<p class=\"p1\"><span class=\"s1\">Come\u00e7a nesta ter\u00e7a-feira (11) e vai at\u00e9 quinta-feira (13), em Bras\u00edlia, o Encontro Nacional de Prefeitos e Prefeitas. Reunir\u00e1 gestores municipais eleitos para o mandato 2025-2028. Promovido pelo governo federal, o evento tem como meta aproximar minist\u00e9rios e \u00f3rg\u00e3os governamentais dos munic\u00edpios para facilitar o acesso a informa\u00e7\u00f5es essenciais, ferramentas e recursos voltados aos novos gestores.<\/span><\/p>\n<p class=\"p2\"><span class=\"s1\"><img decoding=\"async\" src=\"data:image\/png;base64,iVBORw0KGgoAAAANSUhEUgAAAAEAAAABCAQAAAC1HAwCAAAAC0lEQVR4nGP6zwAAAgcBApocMXEAAAAASUVORK5CYII=\" alt=\"ebc.png\" \/><\/span><\/p>\n<div id=\"attachment_146435\" style=\"width: 570px\" class=\"wp-caption aligncenter\"><a href=\"https:\/\/senoticias.com.br\/se\/wp-content\/uploads\/2025\/02\/Brasilia-SE-Noticias.jpg\"><img loading=\"lazy\" decoding=\"async\" aria-describedby=\"caption-attachment-146435\" class=\"size-full wp-image-146435\" src=\"https:\/\/senoticias.com.br\/se\/wp-content\/uploads\/2025\/02\/Brasilia-SE-Noticias.jpg\" alt=\"\" width=\"560\" height=\"315\" srcset=\"https:\/\/senoticias.com.br\/se\/wp-content\/uploads\/2025\/02\/Brasilia-SE-Noticias.jpg 560w, https:\/\/senoticias.com.br\/se\/wp-content\/uploads\/2025\/02\/Brasilia-SE-Noticias-300x169.jpg 300w\" sizes=\"(max-width: 560px) 100vw, 560px\" \/><\/a><p id=\"caption-attachment-146435\" class=\"wp-caption-text\"><span class=\"s1\">Encontro Nacional de Prefeitos e Prefeitas ser\u00e1 <\/span>em Bras\u00edlia &#8211; Foto: Pixabay<\/p><\/div>\n<p class=\"p1\"><span class=\"s1\">Na abertura, est\u00e1 prevista a participa\u00e7\u00e3o do presidente Luiz In\u00e1cio Lula da Silva e de ministros. Dentre as mais de 170 atividades simult\u00e2neas figuram informa\u00e7\u00f5es sobre diretrizes e orienta\u00e7\u00f5es sobre os programas do governo federal e recursos dispon\u00edveis; informa\u00e7\u00f5es t\u00e9cnicas, administrativas e financeiras sobre os munic\u00edpios; debates sobre o enfrentamento de quest\u00f5es clim\u00e1ticas e eventos extremos; direitos humanos, cidadania e gest\u00e3o local; pol\u00edticas de integra\u00e7\u00e3o e desenvolvimento regional, seguran\u00e7a p\u00fablica; e transi\u00e7\u00e3o energ\u00e9tica.<\/span><\/p>\n<p class=\"p1\"><span class=\"s1\">Tamb\u00e9m ser\u00e3o abordados o relacionamento institucional das prefeituras com minist\u00e9rios e outros \u00f3rg\u00e3os governamentais, o pacto federativo e a gest\u00e3o municipal.<\/span><\/p>\n<p class=\"p3\"><strong><span class=\"s2\">Processo de transi\u00e7\u00e3o<\/span><\/strong><\/p>\n<p class=\"p1\"><span class=\"s1\">\u201cO governo federal entende que esse processo de transi\u00e7\u00e3o \u00e9 um momento crucial para a continuidade das pol\u00edticas p\u00fablicas e para o fortalecimento das parcerias entre o governo federal e os munic\u00edpios. Assim, o governo federal se prepara agora para o lan\u00e7amento da terceira edi\u00e7\u00e3o do Encontro de Novos Prefeitos e Prefeitas, que reunir\u00e1 mais de 20 mil pessoas em Bras\u00edlia\u201d, informou o Minist\u00e9rio do Planejamento e Or\u00e7amento (MPO).<\/span><\/p>\n<p class=\"p1\"><span class=\"s1\">A iniciativa \u00e9 coordenada pela Secretaria de Rela\u00e7\u00f5es Institucionais da Presid\u00eancia da Rep\u00fablica (SRI\/PR) e correalizada pela Associa\u00e7\u00e3o Brasileira de Munic\u00edpios (ABM) e conta com apoio da Confedera\u00e7\u00e3o Nacional de Munic\u00edpios (CNM) e Frente Nacional de Prefeitos (FNP).<\/span><\/p>\n<p class=\"p1\"><span class=\"s1\">Para participar do Encontro de Novos Prefeitos e Prefeitas \u00e9 necess\u00e1rio realizar inscri\u00e7\u00e3o pr\u00e9via no <a href=\"https:\/\/cred-encontrodeprefeitos.serpro.gov.br\/Inscricao\"><span class=\"s3\">site da SRI<\/span><\/a>. As atividades ser\u00e3o distribu\u00eddas entre os audit\u00f3rios e salas do Centro de Conven\u00e7\u00f5es Ulysses Guimar\u00e3es. A <a href=\"https:\/\/www.gov.br\/sri\/pt-br\/SEAF\/portalfederativo\/encontro\/2025_enpp-programacaocompleta-v2.pdf\"><span class=\"s3\">programa\u00e7\u00e3o completa est\u00e1 dispon\u00edvel aqui<\/span><\/a>.<\/span><\/p>\n<p><strong><em>Acompanhe tamb\u00e9m o SE Not\u00edcias no\u00a0<a href=\"https:\/\/www.instagram.com\/senoticias\/\" target=\"_blank\" rel=\"noreferrer noopener\">Instagram<\/a><\/em><\/strong>,\u00a0<strong><em>\u00a0<a href=\"https:\/\/www.facebook.com\/senoticias1\" target=\"_blank\" rel=\"noreferrer noopener\">Facebook<\/a>\u00a0e\u00a0no<\/em>\u00a0<em><a href=\"https:\/\/twitter.com\/Senoticias\">X<\/a><\/em><\/strong><\/p>\n<p>Fonte: Ag\u00eancia Brasil<\/p>\n","protected":false},"excerpt":{"rendered":"<p>Come\u00e7a nesta ter\u00e7a-feira (11) e vai at\u00e9 quinta-feira (13), em Bras\u00edlia, o Encontro Nacional de Prefeitos e Prefeitas. Reunir\u00e1 gestores municipais eleitos para o mandato 2025-2028. Promovido pelo governo federal, o evento tem como meta aproximar minist\u00e9rios e \u00f3rg\u00e3os governamentais dos munic\u00edpios para facilitar o acesso a informa\u00e7\u00f5es essenciais, ferramentas e recursos voltados aos novos [&hellip;]<\/p>\n","protected":false},"author":6557,"featured_media":146435,"comment_status":"closed","ping_status":"closed","sticky":false,"template":"","format":"standard","meta":{"footnotes":""},"categories":[15,6],"tags":[1952,15934,43188],"class_list":{"0":"post-146426","1":"post","2":"type-post","3":"status-publish","4":"format-standard","5":"has-post-thumbnail","7":"category-destaques","8":"category-politica","9":"tag-brasilia","10":"tag-encontro-de-prefeitos","11":"tag-encontro-nacional-de-prefeitos"},"_links":{"self":[{"href":"https:\/\/senoticias.com.br\/se\/wp-json\/wp\/v2\/posts\/146426"}],"collection":[{"href":"https:\/\/senoticias.com.br\/se\/wp-json\/wp\/v2\/posts"}],"about":[{"href":"https:\/\/senoticias.com.br\/se\/wp-json\/wp\/v2\/types\/post"}],"author":[{"embeddable":true,"href":"https:\/\/senoticias.com.br\/se\/wp-json\/wp\/v2\/users\/6557"}],"replies":[{"embeddable":true,"href":"https:\/\/senoticias.com.br\/se\/wp-json\/wp\/v2\/comments?post=146426"}],"version-history":[{"count":0,"href":"https:\/\/senoticias.com.br\/se\/wp-json\/wp\/v2\/posts\/146426\/revisions"}],"wp:featuredmedia":[{"embeddable":true,"href":"https:\/\/senoticias.com.br\/se\/wp-json\/wp\/v2\/media\/146435"}],"wp:attachment":[{"href":"https:\/\/senoticias.com.br\/se\/wp-json\/wp\/v2\/media?parent=146426"}],"wp:term":[{"taxonomy":"category","embeddable":true,"href":"https:\/\/senoticias.com.br\/se\/wp-json\/wp\/v2\/categories?post=146426"},{"taxonomy":"post_tag","embeddable":true,"href":"https:\/\/senoticias.com.br\/se\/wp-json\/wp\/v2\/tags?post=146426"}],"curies":[{"name":"wp","href":"https:\/\/api.w.org\/{rel}","templated":true}]}}