{"id":146424,"date":"2025-02-10T15:32:53","date_gmt":"2025-02-10T18:32:53","guid":{"rendered":"https:\/\/senoticias.com.br\/se\/?p=146424"},"modified":"2025-02-10T19:47:49","modified_gmt":"2025-02-10T22:47:49","slug":"pc-divulga-imagens-do-suspeito-de-furtar-motoneta-em-estacionamento-de-empresa-no-distrito-industrial-de-nossa-senhora-do-socorro","status":"publish","type":"post","link":"https:\/\/senoticias.com.br\/se\/pc-divulga-imagens-do-suspeito-de-furtar-motoneta-em-estacionamento-de-empresa-no-distrito-industrial-de-nossa-senhora-do-socorro\/","title":{"rendered":"Pol\u00edcia Civil divulga imagens do suspeito de furtar motoneta em estacionamento de empresa no Distrito Industrial de Nossa Senhora do Socorro"},"content":{"rendered":"<p>A Divis\u00e3o de Roubos e Furtos de Ve\u00edculos (DRFV) divulgou imagens do suspeito de furtar uma motoneta no estacionamento de uma empresa localizada no Distrito Industrial de Nossa Senhora do Socorro. As imagens foram divulgadas nesta segunda-feira, 10.<\/p>\n<p>De acordo com as informa\u00e7\u00f5es policiais, a v\u00edtima relatou que, no dia 10 de dezembro de 2024, chegou para trabalhar e estacionou o ve\u00edculo &#8211; uma motoneta, de modelo Charming Bull KRC50 e cor azul &#8211; no estacionamento da empresa.<\/p>\n<div id=\"attachment_146425\" style=\"width: 609px\" class=\"wp-caption aligncenter\"><a href=\"https:\/\/senoticias.com.br\/se\/wp-content\/uploads\/2025\/02\/IMG_0032-e1739212329780.png\"><img loading=\"lazy\" decoding=\"async\" aria-describedby=\"caption-attachment-146425\" class=\"size-full wp-image-146425\" src=\"https:\/\/senoticias.com.br\/se\/wp-content\/uploads\/2025\/02\/IMG_0032-e1739212329780.png\" alt=\"\" width=\"599\" height=\"330\" \/><\/a><p id=\"caption-attachment-146425\" class=\"wp-caption-text\">Pol\u00edcia Civil divulga imagens do suspeito de furtar motoneta &#8211; Foto: reprodu\u00e7\u00e3o\/SSP\/SE<\/p><\/div>\n<p>Ao t\u00e9rmino do expediente, voltou para o local onde havia estacionado o ve\u00edculo, por\u00e9m n\u00e3o o encontrou. Diante do fato, a v\u00edtima procurou a delegacia e registrou o boletim de ocorr\u00eancia. As imagens de c\u00e2meras de seguran\u00e7a foram anexadas ao registro.<\/p>\n<p>Nas imagens, o suspeito aparece de camisa vermelha, sentado em meio \u00e0s motocicletas que est\u00e3o estacionadas na \u00e1rea externa da empresa. Ele observa o movimento e olha o celular, por diversas vezes.<\/p>\n<p>Em seguida, o suspeito se levanta e se aproxima ainda mais da motoneta alvo do furto. Pouco tempo depois, ele levanta e se senta no ve\u00edculo, coloca o capacete e leva a motoneta da v\u00edtima, que trabalhava na empresa no momento do crime.<\/p>\n<p>A Pol\u00edcia Civil solicita que informa\u00e7\u00f5es e den\u00fancias que possam levar \u00e0 identifica\u00e7\u00e3o e \u00e0 localiza\u00e7\u00e3o do suspeito do furto sejam repassadas \u00e0 pol\u00edcia por meio do Disque-Den\u00fancia, no telefone 181. O sigilo do denunciante\u00a0\u00e9\u00a0garantido.<\/p>\n<p><strong><em>Acompanhe tamb\u00e9m o SE Not\u00edcias no\u00a0<a href=\"https:\/\/www.instagram.com\/senoticias\/\" target=\"_blank\" rel=\"noreferrer noopener\">Instagram<\/a><\/em><\/strong>,\u00a0<strong><em>\u00a0<a href=\"https:\/\/www.facebook.com\/senoticias1\" target=\"_blank\" rel=\"noreferrer noopener\">Facebook<\/a>\u00a0e\u00a0no<\/em>\u00a0<em><a href=\"https:\/\/twitter.com\/Senoticias\">X<\/a><\/em><\/strong><\/p>\n<p>Fonte: SSP\/SE<\/p>\n","protected":false},"excerpt":{"rendered":"<p>A Divis\u00e3o de Roubos e Furtos de Ve\u00edculos (DRFV) divulgou imagens do suspeito de furtar uma motoneta no estacionamento de uma empresa localizada no Distrito Industrial de Nossa Senhora do Socorro. As imagens foram divulgadas nesta segunda-feira, 10. De acordo com as informa\u00e7\u00f5es policiais, a v\u00edtima relatou que, no dia 10 de dezembro de 2024, [&hellip;]<\/p>\n","protected":false},"author":6557,"featured_media":146425,"comment_status":"closed","ping_status":"closed","sticky":false,"template":"","format":"standard","meta":{"footnotes":""},"categories":[15,7],"tags":[17038,2650,78],"class_list":{"0":"post-146424","1":"post","2":"type-post","3":"status-publish","4":"format-standard","5":"has-post-thumbnail","7":"category-destaques","8":"category-policia","9":"tag-furto-de-veiculos","10":"tag-nossa-senhora-do-socorro","11":"tag-policia-civil"},"_links":{"self":[{"href":"https:\/\/senoticias.com.br\/se\/wp-json\/wp\/v2\/posts\/146424"}],"collection":[{"href":"https:\/\/senoticias.com.br\/se\/wp-json\/wp\/v2\/posts"}],"about":[{"href":"https:\/\/senoticias.com.br\/se\/wp-json\/wp\/v2\/types\/post"}],"author":[{"embeddable":true,"href":"https:\/\/senoticias.com.br\/se\/wp-json\/wp\/v2\/users\/6557"}],"replies":[{"embeddable":true,"href":"https:\/\/senoticias.com.br\/se\/wp-json\/wp\/v2\/comments?post=146424"}],"version-history":[{"count":0,"href":"https:\/\/senoticias.com.br\/se\/wp-json\/wp\/v2\/posts\/146424\/revisions"}],"wp:featuredmedia":[{"embeddable":true,"href":"https:\/\/senoticias.com.br\/se\/wp-json\/wp\/v2\/media\/146425"}],"wp:attachment":[{"href":"https:\/\/senoticias.com.br\/se\/wp-json\/wp\/v2\/media?parent=146424"}],"wp:term":[{"taxonomy":"category","embeddable":true,"href":"https:\/\/senoticias.com.br\/se\/wp-json\/wp\/v2\/categories?post=146424"},{"taxonomy":"post_tag","embeddable":true,"href":"https:\/\/senoticias.com.br\/se\/wp-json\/wp\/v2\/tags?post=146424"}],"curies":[{"name":"wp","href":"https:\/\/api.w.org\/{rel}","templated":true}]}}