{"id":146421,"date":"2025-02-10T15:49:52","date_gmt":"2025-02-10T18:49:52","guid":{"rendered":"https:\/\/senoticias.com.br\/se\/?p=146421"},"modified":"2025-02-10T18:38:10","modified_gmt":"2025-02-10T21:38:10","slug":"apos-analise-das-propostas-economia-com-coleta-do-lixo-chegara-a-quase-33-milhoes-de-reais-em-aracaju","status":"publish","type":"post","link":"https:\/\/senoticias.com.br\/se\/apos-analise-das-propostas-economia-com-coleta-do-lixo-chegara-a-quase-33-milhoes-de-reais-em-aracaju\/","title":{"rendered":"Ap\u00f3s an\u00e1lise das propostas, economia com coleta do lixo poder\u00e1 chegar a quase 33 milh\u00f5es de reais em Aracaju"},"content":{"rendered":"<p>A Prefeitura de Aracaju, por meio da Empresa Municipal de Servi\u00e7os Urbanos (Emsurb), concluiu, na \u00faltima quinta-feira,6, os trabalhos de an\u00e1lise documental das propostas entregues pelas empresas interessadas em participar do processo de dispensa emergencial que envolve a execu\u00e7\u00e3o dos servi\u00e7os de limpeza urbana da capital.<\/p>\n<p>No total, 26 empresas demonstraram interesse ap\u00f3s a amplia\u00e7\u00e3o do prazo para a entrega dos documentos, encerrado na quarta-feira, 5. Dessas, 18 efetivamente apresentaram a documenta\u00e7\u00e3o e planilhas exigidas no Aviso de Contrata\u00e7\u00e3o Direta, tendo representantes dos estados de Sergipe, Bahia, Rio Grande do Norte, Pernambuco, Goi\u00e1s, Par\u00e1 e Distrito Federal.<\/p>\n<p>O procurador-geral do munic\u00edpio, Hunaldo Mota, enfatizou a transpar\u00eancia do processo que objetiva manter a regularidade da coleta de lixo domiciliar, bem como os cuidados com os espa\u00e7os p\u00fablicos, estabelecidos em quatro lotes que englobam a coleta e transporte e descarga de res\u00edduos s\u00f3lidos urbanos e da constru\u00e7\u00e3o civil, varri\u00e7\u00e3o e limpeza geral e de praias.<\/p>\n<p>\u201cCom essa ampla participa\u00e7\u00e3o de outras empresas, que ocorre de forma in\u00e9dita, tivemos um cen\u00e1rio bem diferente, principalmente com rela\u00e7\u00e3o ao crit\u00e9rio da economicidade. O contrato que se encerra no pr\u00f3ximo dia 19 de fevereiro com a Torre Empreendimentos tem o valor de R$ 80 milh\u00f5es de reais, para a execu\u00e7\u00e3o de tr\u00eas lotes (1,2 e 4), e um lote est\u00e1 a cargo da BTS (3) no valor de pouco mais de R$ 5 milh\u00f5es. Agora, conseguimos reduzir para R$ 53 milh\u00f5es de reais nos 4 lotes, o que representa uma economia de quase R$ 33 milh\u00f5es, ou seja, 37,61% a menos do pre\u00e7o praticado hoje\u201d, detalhou o procurador-geral.<\/p>\n<p>Outro ponto que merece ser observado nessa etapa dos procedimentos \u00e9 a diferen\u00e7a de pre\u00e7o apresentado pela atual prestadora de servi\u00e7o Torre, a qual apresentou planilhas para essa nova dispensa emergencial no montante de R$ 63 milh\u00f5es nos 4 lotes definidos.<\/p>\n<div id=\"attachment_146428\" style=\"width: 554px\" class=\"wp-caption aligncenter\"><a href=\"https:\/\/senoticias.com.br\/se\/wp-content\/uploads\/2025\/02\/Coleta-de-lixo-SE-Noticias.jpeg\"><img loading=\"lazy\" decoding=\"async\" aria-describedby=\"caption-attachment-146428\" class=\"size-full wp-image-146428\" src=\"https:\/\/senoticias.com.br\/se\/wp-content\/uploads\/2025\/02\/Coleta-de-lixo-SE-Noticias.jpeg\" alt=\"\" width=\"544\" height=\"403\" srcset=\"https:\/\/senoticias.com.br\/se\/wp-content\/uploads\/2025\/02\/Coleta-de-lixo-SE-Noticias.jpeg 544w, https:\/\/senoticias.com.br\/se\/wp-content\/uploads\/2025\/02\/Coleta-de-lixo-SE-Noticias-300x222.jpeg 300w\" sizes=\"(max-width: 544px) 100vw, 544px\" \/><\/a><p id=\"caption-attachment-146428\" class=\"wp-caption-text\">26 empresas demonstraram interesse ap\u00f3s a amplia\u00e7\u00e3o do prazo para a entrega dos documentos, encerrado na quarta-feira &#8211; Foto: ascom\/divulga\u00e7\u00e3o<\/p><\/div>\n<p>Dessa forma, ap\u00f3s an\u00e1lise da Comiss\u00e3o Permanente de Licita\u00e7\u00e3o (CPL) da Emsurb definiu pelo crit\u00e9rio do menor<strong> pre\u00e7o a Renova Servi\u00e7os de Coleta Especializados LTDA para os lotes 1 e 4, e a Aksa Servi\u00e7os de Loca\u00e7\u00e3o de M\u00e3o de Obra para os lotes 2 e 3.<\/strong> Entretanto, as atividades s\u00f3 poder\u00e3o ser iniciadas ap\u00f3s nova decis\u00e3o da Justi\u00e7a de Sergipe, que suspendeu, por meio da 3\u00b0 Vara C\u00edvel de Aracaju, os tr\u00e2mites da dispensa emergencial na semana passada.<\/p>\n<p>\u201cCom rela\u00e7\u00e3o \u00e0 decis\u00e3o judicial, buscaremos junto \u00e0 justi\u00e7a para que essa liminar seja revista, logicamente, depois de toda documenta\u00e7\u00e3o apresentada. N\u00e3o havendo essa revis\u00e3o vamos analisar se \u00e9 o caso de recorrer ao Tribunal de Justi\u00e7a. Sabemos que \u00e9 um tema muito sens\u00edvel e que requer cautela, at\u00e9 que haja qualquer tipo de explica\u00e7\u00f5es dos \u00f3rg\u00e3os envolvidos. Por isso, estamos tranquilos de que todos as medidas legais est\u00e3o sendo tomadas, respeitando a transpar\u00eancia, conforme determina\u00e7\u00e3o da prefeita Em\u00edlia Corr\u00eaa\u201d, esclareceu o procurador-geral ao enfatizar que ainda nesta segunda toda a documenta\u00e7\u00e3o ser\u00e1 anexada e colocada a disposi\u00e7\u00e3o da justi\u00e7a.<\/p>\n<p><strong><em>Acompanhe tamb\u00e9m o SE Not\u00edcias no\u00a0<a href=\"https:\/\/www.instagram.com\/senoticias\/\" target=\"_blank\" rel=\"noreferrer noopener\">Instagram<\/a><\/em><\/strong>,\u00a0<strong><em>\u00a0<a href=\"https:\/\/www.facebook.com\/senoticias1\" target=\"_blank\" rel=\"noreferrer noopener\">Facebook<\/a>\u00a0e\u00a0no<\/em>\u00a0<em><a href=\"https:\/\/twitter.com\/Senoticias\">X<\/a><\/em><\/strong><\/p>\n<p>Fonte: ascom\/Em\u00edlia Corr\u00eaa<\/p>\n","protected":false},"excerpt":{"rendered":"<p>A Prefeitura de Aracaju, por meio da Empresa Municipal de Servi\u00e7os Urbanos (Emsurb), concluiu, na \u00faltima quinta-feira,6, os trabalhos de an\u00e1lise documental das propostas entregues pelas empresas interessadas em participar do processo de dispensa emergencial que envolve a execu\u00e7\u00e3o dos servi\u00e7os de limpeza urbana da capital. No total, 26 empresas demonstraram interesse ap\u00f3s a amplia\u00e7\u00e3o [&hellip;]<\/p>\n","protected":false},"author":6557,"featured_media":146428,"comment_status":"closed","ping_status":"closed","sticky":false,"template":"","format":"standard","meta":{"footnotes":""},"categories":[15,6,1],"tags":[3411,43184,213,4028],"class_list":{"0":"post-146421","1":"post","2":"type-post","3":"status-publish","4":"format-standard","5":"has-post-thumbnail","7":"category-destaques","8":"category-politica","9":"category-sem-categoria","10":"tag-coleta-do-lixo","11":"tag-empresa-de-coleta-de-lixo","12":"tag-prefeitura-de-aracaju","13":"tag-residuos-solidos"},"_links":{"self":[{"href":"https:\/\/senoticias.com.br\/se\/wp-json\/wp\/v2\/posts\/146421"}],"collection":[{"href":"https:\/\/senoticias.com.br\/se\/wp-json\/wp\/v2\/posts"}],"about":[{"href":"https:\/\/senoticias.com.br\/se\/wp-json\/wp\/v2\/types\/post"}],"author":[{"embeddable":true,"href":"https:\/\/senoticias.com.br\/se\/wp-json\/wp\/v2\/users\/6557"}],"replies":[{"embeddable":true,"href":"https:\/\/senoticias.com.br\/se\/wp-json\/wp\/v2\/comments?post=146421"}],"version-history":[{"count":0,"href":"https:\/\/senoticias.com.br\/se\/wp-json\/wp\/v2\/posts\/146421\/revisions"}],"wp:featuredmedia":[{"embeddable":true,"href":"https:\/\/senoticias.com.br\/se\/wp-json\/wp\/v2\/media\/146428"}],"wp:attachment":[{"href":"https:\/\/senoticias.com.br\/se\/wp-json\/wp\/v2\/media?parent=146421"}],"wp:term":[{"taxonomy":"category","embeddable":true,"href":"https:\/\/senoticias.com.br\/se\/wp-json\/wp\/v2\/categories?post=146421"},{"taxonomy":"post_tag","embeddable":true,"href":"https:\/\/senoticias.com.br\/se\/wp-json\/wp\/v2\/tags?post=146421"}],"curies":[{"name":"wp","href":"https:\/\/api.w.org\/{rel}","templated":true}]}}