{"id":146415,"date":"2025-02-10T07:08:24","date_gmt":"2025-02-10T10:08:24","guid":{"rendered":"https:\/\/senoticias.com.br\/se\/?p=146415"},"modified":"2025-02-10T07:08:24","modified_gmt":"2025-02-10T10:08:24","slug":"cantor-catolico-marcos-simoes-projeta-novos-caminhos-em-2025","status":"publish","type":"post","link":"https:\/\/senoticias.com.br\/se\/cantor-catolico-marcos-simoes-projeta-novos-caminhos-em-2025\/","title":{"rendered":"Cantor cat\u00f3lico Marcos Sim\u00f5es projeta novos caminhos em 2025"},"content":{"rendered":"<p>Com mais de 15 anos dedicados \u00e0 m\u00fasica cat\u00f3lica, o cantor, mission\u00e1rio e compositor Marcos Sim\u00f5es se prepara para trilhar novos caminhos em 2025. Seu mais recente projeto, um show de evangeliza\u00e7\u00e3o, promete proporcionar ao p\u00fablico crist\u00e3o uma profunda experi\u00eancia de f\u00e9.<\/p>\n<p>Ap\u00f3s lan\u00e7ar sua carreira solo em dezembro do ano passado, Marcos Sim\u00f5es j\u00e1 trabalha em novos projetos, incluindo m\u00fasicas autorais e uma produ\u00e7\u00e3o audiovisual que contar\u00e1 com convidados especiais. \u201cTudo isso para a gl\u00f3ria de Deus\u201d, destaca o cantor, que tem percorrido diversas par\u00f3quias sergipanas levando a palavra por meio da m\u00fasica.<\/p>\n<p>Em entrevista ao <em><strong>SE Not\u00edcias<\/strong><\/em>, Marcos Sim\u00f5es ressaltou: \u201cHoje, Deus tem nos chamado a evangelizar em \u00e1guas mais profundas. Acredito que tudo isso \u00e9 para que glorifiquemos ainda mais o Seu nome. Nada \u00e9 por mim. Tudo \u00e9 por Ele, para Ele e com Ele. Deus est\u00e1 \u00e0 frente desse projeto que, como sempre digo, nasceu do cora\u00e7\u00e3o dele\u201d.<\/p>\n<p>Quando questionado sobre o que o p\u00fablico pode esperar, ele \u00e9 enf\u00e1tico: \u201cDeus abriu portas. Agora, vamos atravess\u00e1-las para chegar aos cora\u00e7\u00f5es\u201d. Ainda neste semestre, o cantor lan\u00e7ar\u00e1 o single &#8220;<em><strong>Novos Caminhos<\/strong><\/em>&#8220;, de sua autoria.<\/p>\n<div id=\"attachment_146416\" style=\"width: 603px\" class=\"wp-caption aligncenter\"><a href=\"https:\/\/senoticias.com.br\/se\/wp-content\/uploads\/2025\/02\/Marcos-Simoes-Se-Noticias.jpeg\"><img loading=\"lazy\" decoding=\"async\" aria-describedby=\"caption-attachment-146416\" class=\"size-full wp-image-146416\" src=\"https:\/\/senoticias.com.br\/se\/wp-content\/uploads\/2025\/02\/Marcos-Simoes-Se-Noticias.jpeg\" alt=\"\" width=\"593\" height=\"791\" srcset=\"https:\/\/senoticias.com.br\/se\/wp-content\/uploads\/2025\/02\/Marcos-Simoes-Se-Noticias.jpeg 593w, https:\/\/senoticias.com.br\/se\/wp-content\/uploads\/2025\/02\/Marcos-Simoes-Se-Noticias-225x300.jpeg 225w\" sizes=\"(max-width: 593px) 100vw, 593px\" \/><\/a><p id=\"caption-attachment-146416\" class=\"wp-caption-text\">Cantor cat\u00f3lico Marcos Sim\u00f5es projeta novos caminhos &#8211; Foto: arquivo pessoal<\/p><\/div>\n<p>\u201cEssa m\u00fasica surgiu em um momento de profundo discernimento sobre o que Deus queria de mim, justamente durante a mudan\u00e7a de dire\u00e7\u00e3o musical. Ap\u00f3s anos em um grupo, estar em um projeto solo exige ainda mais dedica\u00e7\u00e3o. Novos Caminhos foi uma resposta de Deus. Ele me chama, e s\u00f3 posso dizer: Eis-me aqui\u201d, compartilha.<\/p>\n<p>Sobre as apresenta\u00e7\u00f5es nas par\u00f3quias sergipanas, Marcos Sim\u00f5es refor\u00e7a seu compromisso com a ora\u00e7\u00e3o e o louvor. \u201cCom o projeto solo, entendi em ora\u00e7\u00e3o que precisava focar em um show com muita m\u00fasica oracional. Quem participa desse momento sabe que encontrar\u00e1 gra\u00e7a, espiritualidade e o fogo do c\u00e9u\u201d, garante o cantor, que tamb\u00e9m se prepara para miss\u00f5es al\u00e9m da m\u00fasica.<\/p>\n<p>\u201cEstamos abertos a noites de louvor, missas, palestras e encontros. Onde Deus nos chamar, estaremos prontos para o servi\u00e7o\u201d, finaliza.<\/p>\n<p>Para levar esse momento de b\u00ean\u00e7\u00e3os \u00e0 sua par\u00f3quia, os interessados podem entrar em contato pelo telefone:<strong> (79) 99171-5289.<\/strong><\/p>\n<p><strong><em>Acompanhe tamb\u00e9m o SE Not\u00edcias no\u00a0<a href=\"https:\/\/www.instagram.com\/senoticias\/\" target=\"_blank\" rel=\"noreferrer noopener\">Instagram<\/a><\/em><\/strong>,\u00a0<strong><em>\u00a0<a href=\"https:\/\/www.facebook.com\/senoticias1\" target=\"_blank\" rel=\"noreferrer noopener\">Facebook<\/a>\u00a0e\u00a0no<\/em>\u00a0<em><a href=\"https:\/\/twitter.com\/Senoticias\">X<\/a><\/em><\/strong><\/p>\n<p><strong><em>Por Reda\u00e7\u00e3o<\/em><\/strong><\/p>\n","protected":false},"excerpt":{"rendered":"<p>Com mais de 15 anos dedicados \u00e0 m\u00fasica cat\u00f3lica, o cantor, mission\u00e1rio e compositor Marcos Sim\u00f5es se prepara para trilhar novos caminhos em 2025. Seu mais recente projeto, um show de evangeliza\u00e7\u00e3o, promete proporcionar ao p\u00fablico crist\u00e3o uma profunda experi\u00eancia de f\u00e9. Ap\u00f3s lan\u00e7ar sua carreira solo em dezembro do ano passado, Marcos Sim\u00f5es j\u00e1 [&hellip;]<\/p>\n","protected":false},"author":6557,"featured_media":146416,"comment_status":"closed","ping_status":"closed","sticky":false,"template":"","format":"standard","meta":{"footnotes":""},"categories":[15,21],"tags":[43178,43180,43179],"class_list":{"0":"post-146415","1":"post","2":"type-post","3":"status-publish","4":"format-standard","5":"has-post-thumbnail","7":"category-destaques","8":"category-entretenimento","9":"tag-cantor-catolico","10":"tag-cantor-marcos-simoes","11":"tag-marcos-simoes"},"_links":{"self":[{"href":"https:\/\/senoticias.com.br\/se\/wp-json\/wp\/v2\/posts\/146415"}],"collection":[{"href":"https:\/\/senoticias.com.br\/se\/wp-json\/wp\/v2\/posts"}],"about":[{"href":"https:\/\/senoticias.com.br\/se\/wp-json\/wp\/v2\/types\/post"}],"author":[{"embeddable":true,"href":"https:\/\/senoticias.com.br\/se\/wp-json\/wp\/v2\/users\/6557"}],"replies":[{"embeddable":true,"href":"https:\/\/senoticias.com.br\/se\/wp-json\/wp\/v2\/comments?post=146415"}],"version-history":[{"count":0,"href":"https:\/\/senoticias.com.br\/se\/wp-json\/wp\/v2\/posts\/146415\/revisions"}],"wp:featuredmedia":[{"embeddable":true,"href":"https:\/\/senoticias.com.br\/se\/wp-json\/wp\/v2\/media\/146416"}],"wp:attachment":[{"href":"https:\/\/senoticias.com.br\/se\/wp-json\/wp\/v2\/media?parent=146415"}],"wp:term":[{"taxonomy":"category","embeddable":true,"href":"https:\/\/senoticias.com.br\/se\/wp-json\/wp\/v2\/categories?post=146415"},{"taxonomy":"post_tag","embeddable":true,"href":"https:\/\/senoticias.com.br\/se\/wp-json\/wp\/v2\/tags?post=146415"}],"curies":[{"name":"wp","href":"https:\/\/api.w.org\/{rel}","templated":true}]}}